{"id":44978,"date":"2026-01-22T23:08:12","date_gmt":"2026-01-22T22:08:12","guid":{"rendered":"https:\/\/centralmedia.rs\/?p=44978"},"modified":"2026-01-26T23:08:21","modified_gmt":"2026-01-26T22:08:21","slug":"sps-u-jagodini-obelezio-35-godina-postojanja","status":"publish","type":"post","link":"https:\/\/centralmedia.rs\/index.php\/2026\/01\/22\/sps-u-jagodini-obelezio-35-godina-postojanja\/","title":{"rendered":"SPS U JAGODINI OBELE\u017dIO 35 GODINA POSTOJANJA"},"content":{"rendered":"\n<p>Jagodinski Socijalisti obele\u017eili 35 godina postojanja u prisustvu predsednika SPS Ivice Da\u010di\u0107a, rukovodstva i \u010dlanova partije. Sednici su prisustvovali i predstavnici koalicionih partnera na \u010delu sa potpredsednikom Jedinstvene Srbije, Daliborom Markovi\u0107em.<\/p>\n\n\n\n<p>\u201eNa\u0161i glavni zadaci u narednom periodu bi\u0107e nastavak ja\u010danja partijskog identiteta, nastavak reformi i pripreme za slede\u0107e politi\u010dke borbe. Budu\u0107nost SPS je u nastavku sprovo\u0111enja reformi, u kadrovskim, programskim i organizacionim promenama, u jedinstvu partije, po\u0161tovanju jedinstvene politike i vernosti narodu, dr\u017eavi Srbiji i idealima socijalne pravde\u201c, poruka je Da\u010di\u0107a koja se mogla \u010duti na dosada\u0161njim skupovima koji su odr\u017eani \u0161irom Srbije, a povodom obele\u017eavnja 35 godina postojanja SPS-a.<\/p>\n\n\n\n<p>Koalicija SPS \u2013 Jedinstvena Srbija na republi\u010dkom nivou funkcioni\u0161e 18 godina, a u Jagodini 22 godine\u201d, rekao je potpredsednik Jedinstvene Srbije Dalibor Markovi\u0107.<\/p>\n\n\n\n<p>\u201eSPS slavi 35 godina postojanja. Ja ne znam da li jo\u0161 neka politi\u010dka stranka mo\u017ee da se pohvali da je u kontinuitetu punih 35 godina nosila isto ime i prezime, da se nisu odrekli onoga \u0161to su bili, ostali su dosledni onome \u0161to socijalisti i dan-danas rade. Zahvaljuju\u0107i lideru, Ivici Da\u010di\u0107u, Socijalisti\u010dka partija Srbije je tu gde je, u samom vrhu politi\u010dke scene Srbije. Vi jagodinci ste svedoci kako je Jagodina izgledala ranije, a kako izgleda danas. Zahvaljuju\u0107i koaliciji koju su gospodin Ivica Da\u010di\u0107 i moj otac Dragan Markovi\u0107 Palma napravili, mi danas ovde u Jagodini imamo sve \u0161to i mnogo ve\u0107i gradovi u Srbiji nemaju. Ja vama socijalistima \u017eelim da vas i dalje vodi lider kakav je Ivi\u0107a Da\u010di\u0107, jer najbolji je me\u0111u vama i najbolji medju nama u nasoj koaliciji i pokazao je kako se vodi dr\u017eavotvorna politika u Srbiji i kao predsednik Skup\u0161tine Republike Srbije i kao premijer i kao ministar policije i kao ministar inostrannih poslova. On je pokazao i dokazao kako se bori za Srbiju i kako se bori za srpski narod. Nastavljamo dalje, naravno, na \u010delu sa predsednikom Srbije Aleksandrom Vu\u010di\u0107em\u201c, kazao je Markovi\u0107<\/p>\n","protected":false},"excerpt":{"rendered":"<p>Jagodinski Socijalisti obele\u017eili 35 godina postojanja u prisustvu predsednika SPS Ivice Da\u010di\u0107a, rukovodstva i \u010dlanova partije. Sednici su prisustvovali i predstavnici koalicionih partnera na \u010delu &hellip; <\/p>\n","protected":false},"author":2,"featured_media":44979,"comment_status":"closed","ping_status":"open","sticky":false,"template":"","format":"standard","meta":{"footnotes":""},"categories":[1524,1514,13,12],"tags":[702,406],"_links":{"self":[{"href":"https:\/\/centralmedia.rs\/index.php\/wp-json\/wp\/v2\/posts\/44978"}],"collection":[{"href":"https:\/\/centralmedia.rs\/index.php\/wp-json\/wp\/v2\/posts"}],"about":[{"href":"https:\/\/centralmedia.rs\/index.php\/wp-json\/wp\/v2\/types\/post"}],"author":[{"embeddable":true,"href":"https:\/\/centralmedia.rs\/index.php\/wp-json\/wp\/v2\/users\/2"}],"replies":[{"embeddable":true,"href":"https:\/\/centralmedia.rs\/index.php\/wp-json\/wp\/v2\/comments?post=44978"}],"version-history":[{"count":1,"href":"https:\/\/centralmedia.rs\/index.php\/wp-json\/wp\/v2\/posts\/44978\/revisions"}],"predecessor-version":[{"id":44980,"href":"https:\/\/centralmedia.rs\/index.php\/wp-json\/wp\/v2\/posts\/44978\/revisions\/44980"}],"wp:featuredmedia":[{"embeddable":true,"href":"https:\/\/centralmedia.rs\/index.php\/wp-json\/wp\/v2\/media\/44979"}],"wp:attachment":[{"href":"https:\/\/centralmedia.rs\/index.php\/wp-json\/wp\/v2\/media?parent=44978"}],"wp:term":[{"taxonomy":"category","embeddable":true,"href":"https:\/\/centralmedia.rs\/index.php\/wp-json\/wp\/v2\/categories?post=44978"},{"taxonomy":"post_tag","embeddable":true,"href":"https:\/\/centralmedia.rs\/index.php\/wp-json\/wp\/v2\/tags?post=44978"}],"curies":[{"name":"wp","href":"https:\/\/api.w.org\/{rel}","templated":true}]}}