{"id":44981,"date":"2026-01-23T23:09:14","date_gmt":"2026-01-23T22:09:14","guid":{"rendered":"https:\/\/centralmedia.rs\/?p=44981"},"modified":"2026-01-26T23:09:21","modified_gmt":"2026-01-26T22:09:21","slug":"presuda-viseg-suda-u-novom-sadu-naknada-stete-porodici-nastradalog-u-padu-nadstresnice","status":"publish","type":"post","link":"https:\/\/centralmedia.rs\/index.php\/2026\/01\/23\/presuda-viseg-suda-u-novom-sadu-naknada-stete-porodici-nastradalog-u-padu-nadstresnice\/","title":{"rendered":"Presuda Vi\u0161eg suda u Novom Sadu \u2013 naknada \u0161tete porodici nastradalog u padu nadstre\u0161nice"},"content":{"rendered":"\n<p>Vi\u0161i sud u Novom Sadu doneo je presudu kojom je obavezao Akcionarsko dru\u0161tvo za upravljanje javnom \u017eelezni\u010dkom infrastrukturom &#8220;Infrastruktura \u017eeleznice Srbije&#8221; Beograd i Republiku Srbiju da tu\u017eiocima, \u010dlanovima porodice jednog od nastradalih prilikom pada nadstre\u0161nice na \u017delezni\u010dkoj stanici u tom gradu, solidarno isplate ukupno 44 miliona dinara na ime naknade nematerijalne \u0161tete za pretrpljene du\u0161evne bolove usled smrti bliskog lica.<\/p>\n\n\n\n<p>Oni su obavezani da tu\u017eiocima K. M. i K. V. isplate iznos od po 12 miliona dinara, a tu\u017eiocima K. M. i K. T. iznos od po 10 miliona dinara u roku od 15 dana od dana pravnosna\u017enosti presude, objavljeno je na sajtu tog suda.<\/p>\n\n\n\n<p>Ovaj sud je prethodno doneo odluku da tu\u017eeni isplate R. Z. i R. Z. na ime nematerijalne \u0161tete usled smrti bliskog lica ukupno 28 miliona dinara, a tu\u017eiocima B. P., I. R. i M. R. ukupno 19,5 miliona dinara, kao i \u0160. R. i \u0160. L. 9,5 miliona dinara.<\/p>\n\n\n\n<p>Pored ovih, u toku su jo\u0161 tri parni\u010dna postupka.<\/p>\n\n\n\n<p>Prilikom pada nadstre\u0161nice \u017delezni\u010dke stanice u Novom Sadu 1. novembra 2024. godine nastradalo je 16 osoba, a jedna je te\u0161ko povre\u0111ena.<\/p>\n\n\n\n<p>Vi\u0161e javno tu\u017eila\u0161tvo u Novom Sadu je podiglo optu\u017enicu protiv 13 osoba, ali je Vi\u0161i sud u Novom Sadu doneo odluku da obustavi postupak protiv \u0161est osoba, a da potvrdi optu\u017enicu protiv sedam osoba.<\/p>\n\n\n\n<p>Pored te istrage, Javno tu\u017eila\u0161tvo za organizovani kriminal vodi predistra\u017eni postupak u vezi sa finansiranjem projekta rekonstrukcije, dok je po odluci Vrhovnog javnog tu\u017eioca preuzelo na zastupanje i optu\u017enicu Vi\u0161eg javnog tu\u017eila\u0161tva u Beogradu podignutu protiv troje okrivljenih zbog nekoliko krivi\u010dnih dela sa koruptivnim elementom, koja su, kako se sumnja, imala za posledicu pad nadstre\u0161nice.<\/p>\n\n\n\n<p>Ovu optu\u017enicu je potvrdio Vi\u0161i sud u Beogradu.<\/p>\n","protected":false},"excerpt":{"rendered":"<p>Vi\u0161i sud u Novom Sadu doneo je presudu kojom je obavezao Akcionarsko dru\u0161tvo za upravljanje javnom \u017eelezni\u010dkom infrastrukturom &#8220;Infrastruktura \u017eeleznice Srbije&#8221; Beograd i Republiku Srbiju &hellip; <\/p>\n","protected":false},"author":2,"featured_media":44694,"comment_status":"closed","ping_status":"open","sticky":false,"template":"","format":"standard","meta":{"footnotes":""},"categories":[20,12],"tags":[7220],"_links":{"self":[{"href":"https:\/\/centralmedia.rs\/index.php\/wp-json\/wp\/v2\/posts\/44981"}],"collection":[{"href":"https:\/\/centralmedia.rs\/index.php\/wp-json\/wp\/v2\/posts"}],"about":[{"href":"https:\/\/centralmedia.rs\/index.php\/wp-json\/wp\/v2\/types\/post"}],"author":[{"embeddable":true,"href":"https:\/\/centralmedia.rs\/index.php\/wp-json\/wp\/v2\/users\/2"}],"replies":[{"embeddable":true,"href":"https:\/\/centralmedia.rs\/index.php\/wp-json\/wp\/v2\/comments?post=44981"}],"version-history":[{"count":1,"href":"https:\/\/centralmedia.rs\/index.php\/wp-json\/wp\/v2\/posts\/44981\/revisions"}],"predecessor-version":[{"id":44982,"href":"https:\/\/centralmedia.rs\/index.php\/wp-json\/wp\/v2\/posts\/44981\/revisions\/44982"}],"wp:featuredmedia":[{"embeddable":true,"href":"https:\/\/centralmedia.rs\/index.php\/wp-json\/wp\/v2\/media\/44694"}],"wp:attachment":[{"href":"https:\/\/centralmedia.rs\/index.php\/wp-json\/wp\/v2\/media?parent=44981"}],"wp:term":[{"taxonomy":"category","embeddable":true,"href":"https:\/\/centralmedia.rs\/index.php\/wp-json\/wp\/v2\/categories?post=44981"},{"taxonomy":"post_tag","embeddable":true,"href":"https:\/\/centralmedia.rs\/index.php\/wp-json\/wp\/v2\/tags?post=44981"}],"curies":[{"name":"wp","href":"https:\/\/api.w.org\/{rel}","templated":true}]}}