{"id":44983,"date":"2026-01-27T20:26:33","date_gmt":"2026-01-27T19:26:33","guid":{"rendered":"https:\/\/centralmedia.rs\/?p=44983"},"modified":"2026-01-27T20:45:03","modified_gmt":"2026-01-27T19:45:03","slug":"praznicno-bdenije-i-svetosavska-akademija-u-jagodini","status":"publish","type":"post","link":"https:\/\/centralmedia.rs\/index.php\/2026\/01\/27\/praznicno-bdenije-i-svetosavska-akademija-u-jagodini\/","title":{"rendered":"PRAZNI\u010cNO BDENIJE I SVETOSAVSKA AKADEMIJA U JAGODINI"},"content":{"rendered":"\n<p>U nave\u010derje Savindana 2026. godine Arhiepiskop kragujeva\u010dki i Mitropolit \u0161umadijski Jovan slu\u017eio je prazni\u010dno bdenije u crkvi Svetih Apostola Petra i Pavla u Jagodini. U Kulturnom centru odr\u017eana je 22. Svetosavska akademija. Arhijereju Jovanu su saslu\u017eivali su sve\u0161tenici beli\u010dkog namesni\u0161tva,a pojao je Sve\u0161teni\u010dki hor Arhijerejskog namesni\u0161tva Beli\u010dkog sa Neboj\u0161om Jakovljevi\u0107em, jerejen, parohom, Saborne crkve u Kragujevcu.Visokopreosve\u0107eni Mitropolit se u besedi obratio vernom narodu okupljenom oko svog pastirena\u010dalnika<\/p>\n\n\n\n<figure class=\"wp-block-gallery has-nested-images columns-default is-cropped wp-block-gallery-1 is-layout-flex wp-block-gallery-is-layout-flex\">\n<figure class=\"wp-block-image size-large\"><img loading=\"lazy\" decoding=\"async\" width=\"1024\" height=\"576\" data-id=\"44985\" src=\"https:\/\/centralmedia.rs\/wp-content\/uploads\/2026\/01\/savindan8.jpg\" alt=\"\" class=\"wp-image-44985\" srcset=\"https:\/\/centralmedia.rs\/wp-content\/uploads\/2026\/01\/savindan8.jpg 1024w, https:\/\/centralmedia.rs\/wp-content\/uploads\/2026\/01\/savindan8-300x169.jpg 300w, https:\/\/centralmedia.rs\/wp-content\/uploads\/2026\/01\/savindan8-768x432.jpg 768w, https:\/\/centralmedia.rs\/wp-content\/uploads\/2026\/01\/savindan8-820x460.jpg 820w\" sizes=\"(max-width: 1024px) 100vw, 1024px\" \/><\/figure>\n\n\n\n<figure class=\"wp-block-image size-large\"><img loading=\"lazy\" decoding=\"async\" width=\"1024\" height=\"576\" data-id=\"44986\" src=\"https:\/\/centralmedia.rs\/wp-content\/uploads\/2026\/01\/savindan9.jpg\" alt=\"\" class=\"wp-image-44986\" srcset=\"https:\/\/centralmedia.rs\/wp-content\/uploads\/2026\/01\/savindan9.jpg 1024w, https:\/\/centralmedia.rs\/wp-content\/uploads\/2026\/01\/savindan9-300x169.jpg 300w, https:\/\/centralmedia.rs\/wp-content\/uploads\/2026\/01\/savindan9-768x432.jpg 768w, https:\/\/centralmedia.rs\/wp-content\/uploads\/2026\/01\/savindan9-820x460.jpg 820w\" sizes=\"(max-width: 1024px) 100vw, 1024px\" \/><\/figure>\n\n\n\n<figure class=\"wp-block-image size-large\"><img loading=\"lazy\" decoding=\"async\" width=\"1024\" height=\"576\" data-id=\"44990\" src=\"https:\/\/centralmedia.rs\/wp-content\/uploads\/2026\/01\/savindan10.jpg\" alt=\"\" class=\"wp-image-44990\" srcset=\"https:\/\/centralmedia.rs\/wp-content\/uploads\/2026\/01\/savindan10.jpg 1024w, https:\/\/centralmedia.rs\/wp-content\/uploads\/2026\/01\/savindan10-300x169.jpg 300w, https:\/\/centralmedia.rs\/wp-content\/uploads\/2026\/01\/savindan10-768x432.jpg 768w, https:\/\/centralmedia.rs\/wp-content\/uploads\/2026\/01\/savindan10-820x460.jpg 820w\" sizes=\"(max-width: 1024px) 100vw, 1024px\" \/><\/figure>\n\n\n\n<figure class=\"wp-block-image size-large\"><img loading=\"lazy\" decoding=\"async\" width=\"1024\" height=\"576\" data-id=\"44989\" src=\"https:\/\/centralmedia.rs\/wp-content\/uploads\/2026\/01\/savindan11.jpg\" alt=\"\" class=\"wp-image-44989\" srcset=\"https:\/\/centralmedia.rs\/wp-content\/uploads\/2026\/01\/savindan11.jpg 1024w, https:\/\/centralmedia.rs\/wp-content\/uploads\/2026\/01\/savindan11-300x169.jpg 300w, https:\/\/centralmedia.rs\/wp-content\/uploads\/2026\/01\/savindan11-768x432.jpg 768w, https:\/\/centralmedia.rs\/wp-content\/uploads\/2026\/01\/savindan11-820x460.jpg 820w\" sizes=\"(max-width: 1024px) 100vw, 1024px\" \/><\/figure>\n\n\n\n<figure class=\"wp-block-image size-large\"><img loading=\"lazy\" decoding=\"async\" width=\"1024\" height=\"576\" data-id=\"44987\" src=\"https:\/\/centralmedia.rs\/wp-content\/uploads\/2026\/01\/savindan12.jpg\" alt=\"\" class=\"wp-image-44987\" srcset=\"https:\/\/centralmedia.rs\/wp-content\/uploads\/2026\/01\/savindan12.jpg 1024w, https:\/\/centralmedia.rs\/wp-content\/uploads\/2026\/01\/savindan12-300x169.jpg 300w, https:\/\/centralmedia.rs\/wp-content\/uploads\/2026\/01\/savindan12-768x432.jpg 768w, https:\/\/centralmedia.rs\/wp-content\/uploads\/2026\/01\/savindan12-820x460.jpg 820w\" sizes=\"(max-width: 1024px) 100vw, 1024px\" \/><\/figure>\n\n\n\n<figure class=\"wp-block-image size-large\"><img loading=\"lazy\" decoding=\"async\" width=\"1024\" height=\"576\" data-id=\"44988\" src=\"https:\/\/centralmedia.rs\/wp-content\/uploads\/2026\/01\/savindan13.jpg\" alt=\"\" class=\"wp-image-44988\" srcset=\"https:\/\/centralmedia.rs\/wp-content\/uploads\/2026\/01\/savindan13.jpg 1024w, https:\/\/centralmedia.rs\/wp-content\/uploads\/2026\/01\/savindan13-300x169.jpg 300w, https:\/\/centralmedia.rs\/wp-content\/uploads\/2026\/01\/savindan13-768x432.jpg 768w, https:\/\/centralmedia.rs\/wp-content\/uploads\/2026\/01\/savindan13-820x460.jpg 820w\" sizes=\"(max-width: 1024px) 100vw, 1024px\" \/><\/figure>\n\n\n\n<figure class=\"wp-block-image size-large\"><img loading=\"lazy\" decoding=\"async\" width=\"1024\" height=\"576\" data-id=\"44991\" src=\"https:\/\/centralmedia.rs\/wp-content\/uploads\/2026\/01\/savindan14.jpg\" alt=\"\" class=\"wp-image-44991\" srcset=\"https:\/\/centralmedia.rs\/wp-content\/uploads\/2026\/01\/savindan14.jpg 1024w, https:\/\/centralmedia.rs\/wp-content\/uploads\/2026\/01\/savindan14-300x169.jpg 300w, https:\/\/centralmedia.rs\/wp-content\/uploads\/2026\/01\/savindan14-768x432.jpg 768w, https:\/\/centralmedia.rs\/wp-content\/uploads\/2026\/01\/savindan14-820x460.jpg 820w\" sizes=\"(max-width: 1024px) 100vw, 1024px\" \/><\/figure>\n\n\n\n<figure class=\"wp-block-image size-large\"><img loading=\"lazy\" decoding=\"async\" width=\"1024\" height=\"576\" data-id=\"44992\" src=\"https:\/\/centralmedia.rs\/wp-content\/uploads\/2026\/01\/savindan15.jpg\" alt=\"\" class=\"wp-image-44992\" srcset=\"https:\/\/centralmedia.rs\/wp-content\/uploads\/2026\/01\/savindan15.jpg 1024w, https:\/\/centralmedia.rs\/wp-content\/uploads\/2026\/01\/savindan15-300x169.jpg 300w, https:\/\/centralmedia.rs\/wp-content\/uploads\/2026\/01\/savindan15-768x432.jpg 768w, https:\/\/centralmedia.rs\/wp-content\/uploads\/2026\/01\/savindan15-820x460.jpg 820w\" sizes=\"(max-width: 1024px) 100vw, 1024px\" \/><\/figure>\n<\/figure>\n\n\n\n<p>-Godi\u0161njica od ro\u0111enja koju ove godine slavimo \u2013 850 godina od ro\u0111enja Svetoga Save. Mi Srbi imamo na koga da se ugledamo. Nemamo potrebe da lutamo. Sve nas je Sveti Sava u\u010dvrstio u Hristu, u veri, u Jevan\u0111elju. Zato da ga zamolimo da se on moli Bogu za nas. Nije slu\u010dajno onaj slikar naslikao onu divnu fresku kako Sveti Sava blagosilja Srp\u010dad. Taj Sveti Sava, nije njemu bilo lako da nam preda i veru i Jevan\u0111elje jer smo mi nadod koji nismo znali to sve. Mi smo bili pagani. Ali Sveti Sava je podigao crkve, \u0161kole i manastire. On je decu u\u010dio kako da pi\u0161u, kako da govore, kako da hodaju, kako da se vladaju. Kada molimo da nas mimoi\u0111u nevolje, bilo je nevolja i bi\u0107e, da znamo i da se setimo na\u0161ih Svetih predaka. Uzmite malo samo pro\u010ditajte istoriju srpskoga naroda pa \u0107ete videti da je to jedna mukotrajna, dugotrajna ali istrajna istorija. Vide\u0107ete da je jo\u0161 mnogo jo\u0161 gorih prilika i neprilika bilo ali srpski narod je ostao veran Crkvi, veran Bogu, veran Svetom Savi. Nije se odrekao ni kada je bio rob toliko vekova onome koji ne zna ni za Boga ni za Crkvu. Ali ga je tada odr\u017eala vera, ono \u0161to \u010desto govorim &#8211; da mi verom useljavamo Boga u sebe. Dok smo na putu Svetoga Save, a on je proputio na\u0161 put &#8211; zato se ka\u017ee da je on put koji vodi u \u017eivot ve\u010dni, dok smo na putu Svetoga Save, mi smo na putu Hristovom. Skrenimo li sa puta Svetoga Save, mi smo skrenuli sa puta Hristovoga. Jer Sveti Sava nije imao svoj put. On je uzio Hristov put. On je uzeo jaram Hristov, nosio ga. Uzeo je srpski narod na svoja ple\u0107a i izneo ga. Zato da se radujemo \u0161to se svi mo\u017eemo nazvati decom Svetoga Save, rekao je vladika Jovan.<\/p>\n\n\n\n<figure class=\"wp-block-gallery has-nested-images columns-default is-cropped wp-block-gallery-2 is-layout-flex wp-block-gallery-is-layout-flex\">\n<figure class=\"wp-block-image size-large\"><img loading=\"lazy\" decoding=\"async\" width=\"1024\" height=\"576\" data-id=\"44993\" src=\"https:\/\/centralmedia.rs\/wp-content\/uploads\/2026\/01\/savindan.jpg\" alt=\"\" class=\"wp-image-44993\" srcset=\"https:\/\/centralmedia.rs\/wp-content\/uploads\/2026\/01\/savindan.jpg 1024w, https:\/\/centralmedia.rs\/wp-content\/uploads\/2026\/01\/savindan-300x169.jpg 300w, https:\/\/centralmedia.rs\/wp-content\/uploads\/2026\/01\/savindan-768x432.jpg 768w, https:\/\/centralmedia.rs\/wp-content\/uploads\/2026\/01\/savindan-820x460.jpg 820w\" sizes=\"(max-width: 1024px) 100vw, 1024px\" \/><\/figure>\n\n\n\n<figure class=\"wp-block-image size-large\"><img loading=\"lazy\" decoding=\"async\" width=\"1024\" height=\"683\" data-id=\"44996\" src=\"https:\/\/centralmedia.rs\/wp-content\/uploads\/2026\/01\/savindan1.jpg\" alt=\"\" class=\"wp-image-44996\" srcset=\"https:\/\/centralmedia.rs\/wp-content\/uploads\/2026\/01\/savindan1.jpg 1024w, https:\/\/centralmedia.rs\/wp-content\/uploads\/2026\/01\/savindan1-300x200.jpg 300w, https:\/\/centralmedia.rs\/wp-content\/uploads\/2026\/01\/savindan1-768x512.jpg 768w, https:\/\/centralmedia.rs\/wp-content\/uploads\/2026\/01\/savindan1-600x400.jpg 600w\" sizes=\"(max-width: 1024px) 100vw, 1024px\" \/><\/figure>\n\n\n\n<figure class=\"wp-block-image size-large\"><img loading=\"lazy\" decoding=\"async\" width=\"1024\" height=\"576\" data-id=\"44995\" src=\"https:\/\/centralmedia.rs\/wp-content\/uploads\/2026\/01\/savindan2.jpg\" alt=\"\" class=\"wp-image-44995\" srcset=\"https:\/\/centralmedia.rs\/wp-content\/uploads\/2026\/01\/savindan2.jpg 1024w, https:\/\/centralmedia.rs\/wp-content\/uploads\/2026\/01\/savindan2-300x169.jpg 300w, https:\/\/centralmedia.rs\/wp-content\/uploads\/2026\/01\/savindan2-768x432.jpg 768w, https:\/\/centralmedia.rs\/wp-content\/uploads\/2026\/01\/savindan2-820x460.jpg 820w\" sizes=\"(max-width: 1024px) 100vw, 1024px\" \/><\/figure>\n\n\n\n<figure class=\"wp-block-image size-large\"><img loading=\"lazy\" decoding=\"async\" width=\"1024\" height=\"576\" data-id=\"44997\" src=\"https:\/\/centralmedia.rs\/wp-content\/uploads\/2026\/01\/savindan3.jpg\" alt=\"\" class=\"wp-image-44997\" srcset=\"https:\/\/centralmedia.rs\/wp-content\/uploads\/2026\/01\/savindan3.jpg 1024w, https:\/\/centralmedia.rs\/wp-content\/uploads\/2026\/01\/savindan3-300x169.jpg 300w, https:\/\/centralmedia.rs\/wp-content\/uploads\/2026\/01\/savindan3-768x432.jpg 768w, https:\/\/centralmedia.rs\/wp-content\/uploads\/2026\/01\/savindan3-820x460.jpg 820w\" sizes=\"(max-width: 1024px) 100vw, 1024px\" \/><\/figure>\n\n\n\n<figure class=\"wp-block-image size-large\"><img loading=\"lazy\" decoding=\"async\" width=\"1024\" height=\"576\" data-id=\"44994\" src=\"https:\/\/centralmedia.rs\/wp-content\/uploads\/2026\/01\/savindan4.jpg\" alt=\"\" class=\"wp-image-44994\" srcset=\"https:\/\/centralmedia.rs\/wp-content\/uploads\/2026\/01\/savindan4.jpg 1024w, https:\/\/centralmedia.rs\/wp-content\/uploads\/2026\/01\/savindan4-300x169.jpg 300w, https:\/\/centralmedia.rs\/wp-content\/uploads\/2026\/01\/savindan4-768x432.jpg 768w, https:\/\/centralmedia.rs\/wp-content\/uploads\/2026\/01\/savindan4-820x460.jpg 820w\" sizes=\"(max-width: 1024px) 100vw, 1024px\" \/><\/figure>\n\n\n\n<figure class=\"wp-block-image size-large\"><img loading=\"lazy\" decoding=\"async\" width=\"1024\" height=\"576\" data-id=\"44998\" src=\"https:\/\/centralmedia.rs\/wp-content\/uploads\/2026\/01\/savindan5.jpg\" alt=\"\" class=\"wp-image-44998\" srcset=\"https:\/\/centralmedia.rs\/wp-content\/uploads\/2026\/01\/savindan5.jpg 1024w, https:\/\/centralmedia.rs\/wp-content\/uploads\/2026\/01\/savindan5-300x169.jpg 300w, https:\/\/centralmedia.rs\/wp-content\/uploads\/2026\/01\/savindan5-768x432.jpg 768w, https:\/\/centralmedia.rs\/wp-content\/uploads\/2026\/01\/savindan5-820x460.jpg 820w\" sizes=\"(max-width: 1024px) 100vw, 1024px\" \/><\/figure>\n\n\n\n<figure class=\"wp-block-image size-large\"><img loading=\"lazy\" decoding=\"async\" width=\"1024\" height=\"576\" data-id=\"44999\" src=\"https:\/\/centralmedia.rs\/wp-content\/uploads\/2026\/01\/savindan6.jpg\" alt=\"\" class=\"wp-image-44999\" srcset=\"https:\/\/centralmedia.rs\/wp-content\/uploads\/2026\/01\/savindan6.jpg 1024w, https:\/\/centralmedia.rs\/wp-content\/uploads\/2026\/01\/savindan6-300x169.jpg 300w, https:\/\/centralmedia.rs\/wp-content\/uploads\/2026\/01\/savindan6-768x432.jpg 768w, https:\/\/centralmedia.rs\/wp-content\/uploads\/2026\/01\/savindan6-820x460.jpg 820w\" sizes=\"(max-width: 1024px) 100vw, 1024px\" \/><\/figure>\n\n\n\n<figure class=\"wp-block-image size-large\"><img loading=\"lazy\" decoding=\"async\" width=\"1024\" height=\"576\" data-id=\"45000\" src=\"https:\/\/centralmedia.rs\/wp-content\/uploads\/2026\/01\/savindan7.jpg\" alt=\"\" class=\"wp-image-45000\" srcset=\"https:\/\/centralmedia.rs\/wp-content\/uploads\/2026\/01\/savindan7.jpg 1024w, https:\/\/centralmedia.rs\/wp-content\/uploads\/2026\/01\/savindan7-300x169.jpg 300w, https:\/\/centralmedia.rs\/wp-content\/uploads\/2026\/01\/savindan7-768x432.jpg 768w, https:\/\/centralmedia.rs\/wp-content\/uploads\/2026\/01\/savindan7-820x460.jpg 820w\" sizes=\"(max-width: 1024px) 100vw, 1024px\" \/><\/figure>\n<\/figure>\n\n\n\n<p>U Kulturnom centru odr\u017eana je 22. Svetosavska akademija kojoj je, tradicionalno, prisustvovao vladika Jovan, sve\u0161tenstvo Namesni\u0161tva beli\u010dkog, predstavnici lokalne samouprave, u\u010ditelji, nastavnici, \u0111aci i brojni gra\u0111ani . U programu su u\u010destvovali u\u010denici i profesori osnovnih i srednjih \u0161kola Jagodine: O\u0160 Goran Ostoji\u0107, O\u0160 17. oktobar, O\u0160 Bo\u0161ko \u0110uri\u010di\u0107, O\u0160 Rada Miljkovi\u0107, O\u0160 Ljubi\u0161a Uro\u0161evi\u0107 (Ribare), O\u0160 Milan Mijalkovi\u0107, EG\u0160 \u201eNikola Tesla\u201c i Gimnazija \u201eSvetozar Markovi\u0107\u201c, kao i KUD \u201eJovac\u201c, Baletski studio \u201ePerla\u201c, Mu\u0161ki poja\u010dki sastav \u201eParusija\u201c, crkveni horovi i horovi osnovnih \u0161kola.<\/p>\n\n\n\n<p>Na ovogodi\u0161njem Svetosavskom konkursu nagra\u0111ena je u\u010denica tre\u0107eg razreda Elektrotehni\u010dke i gra\u0111evinske \u0161kole \u201eNikola Tesla\u201d Emilija Zlatkovi\u0107, koja je svojim radom osvetlila lik i delo ovog velikog prosvetitelja. Nagradu joj je uru\u010dio Vladika Jovan.<\/p>\n\n\n\n<p>Danas su rezanjem slavskog kola\u010da i prigodnim programom, koji su priredili \u0111aci i nastavnici, \u0161kolska slava Sveti Sava obele\u017eena je u Jagodini, a isti praznik proslavljen je i u vrti\u0107ima,&nbsp;<strong><\/strong><\/p>\n\n\n\n<p>SVE\u010cANO U O\u0160 \u201eGORAN OSTOJI\u0106<em>\u201c<\/em><\/p>\n\n\n\n<p>Direktorka O\u0160 \u201eGoran Ostoji\u0107\u201c, Aleksandra Milo\u0161evi\u0107, je na po\u010detku sve\u010dane akademije \u010destitala \u0111acima slavu i istakla zna\u010daj ovog dana, nagla\u0161avaju\u0107i ulogu Svetog Save kao prosvetitelja, u\u010ditelja i va\u017ene istorijske li\u010dnosti.<\/p>\n\n\n\n<p>\u010cestitam svim u\u010denicima Svetog Savu uz \u017eelju da ovaj va\u017ean dan iskoriste da nau\u010de ne\u0161to novo, budu vredni i da slede sve \u0161to nam je on svojim delom pokazao, pre svega da budu dobri ljudi, kazala je direktorka O\u0160 \u201eGoran Ostoji\u0107<em>\u201c<\/em>, Aleksandra Milo\u0161evi\u0107.<\/p>\n\n\n\n<p>\u0110aci talentovani za pevanje, glumu i recitovanje, zajedno sa svojim nastavnicima, osmislili su priredbu posve\u0107enu liku i delu srpskog prosvetitelja, Svetom Savi.<\/p>\n\n\n\n<p>\u0160kolska slava bila je prilika da se zahvale donatorima i saradnicima, me\u0111u kojima je i lokalna samouprava. Sve\u010danosti je prisustvovala Bojana Antonijevi\u0107, zamenica predsednika Skup\u0161tine Grada Jagodine, koja je primila zahvalnicu.<\/p>\n\n\n\n<p> Foto SPC<\/p>\n","protected":false},"excerpt":{"rendered":"<p>U nave\u010derje Savindana 2026. godine Arhiepiskop kragujeva\u010dki i Mitropolit \u0161umadijski Jovan slu\u017eio je prazni\u010dno bdenije u crkvi Svetih Apostola Petra i Pavla u Jagodini. U &hellip; <\/p>\n","protected":false},"author":2,"featured_media":44984,"comment_status":"closed","ping_status":"open","sticky":false,"template":"","format":"standard","meta":{"footnotes":""},"categories":[1524,1514,15,12],"tags":[7221],"_links":{"self":[{"href":"https:\/\/centralmedia.rs\/index.php\/wp-json\/wp\/v2\/posts\/44983"}],"collection":[{"href":"https:\/\/centralmedia.rs\/index.php\/wp-json\/wp\/v2\/posts"}],"about":[{"href":"https:\/\/centralmedia.rs\/index.php\/wp-json\/wp\/v2\/types\/post"}],"author":[{"embeddable":true,"href":"https:\/\/centralmedia.rs\/index.php\/wp-json\/wp\/v2\/users\/2"}],"replies":[{"embeddable":true,"href":"https:\/\/centralmedia.rs\/index.php\/wp-json\/wp\/v2\/comments?post=44983"}],"version-history":[{"count":2,"href":"https:\/\/centralmedia.rs\/index.php\/wp-json\/wp\/v2\/posts\/44983\/revisions"}],"predecessor-version":[{"id":45020,"href":"https:\/\/centralmedia.rs\/index.php\/wp-json\/wp\/v2\/posts\/44983\/revisions\/45020"}],"wp:featuredmedia":[{"embeddable":true,"href":"https:\/\/centralmedia.rs\/index.php\/wp-json\/wp\/v2\/media\/44984"}],"wp:attachment":[{"href":"https:\/\/centralmedia.rs\/index.php\/wp-json\/wp\/v2\/media?parent=44983"}],"wp:term":[{"taxonomy":"category","embeddable":true,"href":"https:\/\/centralmedia.rs\/index.php\/wp-json\/wp\/v2\/categories?post=44983"},{"taxonomy":"post_tag","embeddable":true,"href":"https:\/\/centralmedia.rs\/index.php\/wp-json\/wp\/v2\/tags?post=44983"}],"curies":[{"name":"wp","href":"https:\/\/api.w.org\/{rel}","templated":true}]}}