{"id":45004,"date":"2026-01-27T20:31:51","date_gmt":"2026-01-27T19:31:51","guid":{"rendered":"https:\/\/centralmedia.rs\/?p=45004"},"modified":"2026-01-27T20:31:51","modified_gmt":"2026-01-27T19:31:51","slug":"decaku-luki-2-je-hitno-potrebna-nasa-pomoc-evo-kako-uplatiti-novcana-sredstva","status":"publish","type":"post","link":"https:\/\/centralmedia.rs\/index.php\/2026\/01\/27\/decaku-luki-2-je-hitno-potrebna-nasa-pomoc-evo-kako-uplatiti-novcana-sredstva\/","title":{"rendered":"De\u010daku Luki (2) je hitno potrebna na\u0161a pomo\u0107: Evo kako uplatiti nov\u010dana sredstva"},"content":{"rendered":"\n<p>Luka \u0110. Stojanovi\u0107 (2) je ro\u0111en hitnim carskim rezom, a dva dana po ro\u0111enju bio je i na mehani\u010dkoj ventilaciji. Sa tri meseca uklju\u010den je u intenzivne fizikalne, radne i hidroterapije, dok je sa 20 meseci zapo\u010deto sprovo\u0111enje logopedskih tretmana. Zas sve te terapije njegovoj porodici je potrebna pomo\u0107<\/p>\n\n\n\n<p>Ustanovljena je dijagnoza spasti\u010dke hemiplegi\u010dne cerebralne paralize (G80.2 Paralysis cerebralis spastica hemiplegica) , druge ozna\u010dene uro\u0111ene anomalije mozga (Q04.8 Malformationes cerebri congenitae aliae, specificatae) i arteriovenska malformacija precerebralnih sudova (Q28.0 Malformatio vasorum arteriovenosorum praecerebralium).<\/p>\n\n\n\n<p>Luka je sa 3 meseca uklju\u010den u intenzivne fizikalne, radne i hidroterapije, dok je sa 20 meseci zapo\u010deto sprovo\u0111enje logopedskih tretmana. U planu je i uvo\u0111enje defektolo\u0161kih tretmana. U narednom periodu potreban je intenzivan rad na pobolj\u0161anju senzomotornih sposobnosti. Obzirom na visoke tro\u0161kove terapija i rehabilitacija, potrebna je pomo\u0107 humanih ljudi u vidu donacija.<\/p>\n\n\n\n<p>Sredstva su potrebna za fizikalne terapije, hidroterapije, logopedske i defektolo\u0161ke tretmane, specijalisti\u010dke preglede, laboratorijske analize.<\/p>\n\n\n\n<p>Za Lukin napredak! Budimo humani!<\/p>\n\n\n\n<p>Uplatom na dinarski ra\u010dun: 160-6000002376831-26<\/p>\n\n\n\n<p>Uplatom na devizni ra\u010dun: 160-6000002378039-88<\/p>\n\n\n\n<p>IBAN: RS35160600000237803988<\/p>\n\n\n\n<p>SWIFT\/BIC: DBDBRSBG<\/p>\n","protected":false},"excerpt":{"rendered":"<p>Luka \u0110. Stojanovi\u0107 (2) je ro\u0111en hitnim carskim rezom, a dva dana po ro\u0111enju bio je i na mehani\u010dkoj ventilaciji. Sa tri meseca uklju\u010den je &hellip; <\/p>\n","protected":false},"author":2,"featured_media":45005,"comment_status":"closed","ping_status":"open","sticky":false,"template":"","format":"standard","meta":{"footnotes":""},"categories":[14,1524,1514,12],"tags":[7224,7223],"_links":{"self":[{"href":"https:\/\/centralmedia.rs\/index.php\/wp-json\/wp\/v2\/posts\/45004"}],"collection":[{"href":"https:\/\/centralmedia.rs\/index.php\/wp-json\/wp\/v2\/posts"}],"about":[{"href":"https:\/\/centralmedia.rs\/index.php\/wp-json\/wp\/v2\/types\/post"}],"author":[{"embeddable":true,"href":"https:\/\/centralmedia.rs\/index.php\/wp-json\/wp\/v2\/users\/2"}],"replies":[{"embeddable":true,"href":"https:\/\/centralmedia.rs\/index.php\/wp-json\/wp\/v2\/comments?post=45004"}],"version-history":[{"count":1,"href":"https:\/\/centralmedia.rs\/index.php\/wp-json\/wp\/v2\/posts\/45004\/revisions"}],"predecessor-version":[{"id":45006,"href":"https:\/\/centralmedia.rs\/index.php\/wp-json\/wp\/v2\/posts\/45004\/revisions\/45006"}],"wp:featuredmedia":[{"embeddable":true,"href":"https:\/\/centralmedia.rs\/index.php\/wp-json\/wp\/v2\/media\/45005"}],"wp:attachment":[{"href":"https:\/\/centralmedia.rs\/index.php\/wp-json\/wp\/v2\/media?parent=45004"}],"wp:term":[{"taxonomy":"category","embeddable":true,"href":"https:\/\/centralmedia.rs\/index.php\/wp-json\/wp\/v2\/categories?post=45004"},{"taxonomy":"post_tag","embeddable":true,"href":"https:\/\/centralmedia.rs\/index.php\/wp-json\/wp\/v2\/tags?post=45004"}],"curies":[{"name":"wp","href":"https:\/\/api.w.org\/{rel}","templated":true}]}}