{"id":4503,"date":"2016-08-31T20:32:04","date_gmt":"2016-08-31T20:32:04","guid":{"rendered":"http:\/\/centralmedia.rs\/?p=4503"},"modified":"2016-08-31T20:32:04","modified_gmt":"2016-08-31T20:32:04","slug":"sindikat-nezavisnost-tvrdi-igrac-jagodine-ostao-bez-bubrega-klub-zataskava-slucaj-zbog-socijalnog","status":"publish","type":"post","link":"https:\/\/centralmedia.rs\/index.php\/2016\/08\/31\/sindikat-nezavisnost-tvrdi-igrac-jagodine-ostao-bez-bubrega-klub-zataskava-slucaj-zbog-socijalnog\/","title":{"rendered":"Sindikat \u201cNezavisnost\u201d tvrdi: Igra\u010d Jagodine ostao bez bubrega, klub zata\u0161kava slu\u010daj zbog socijalnog!"},"content":{"rendered":"<p>Izvor : Blic<br \/>\nKazna koja je izre\u010dena fudbaleru Crvene zvezde Predragu Sikimi\u0107u pokrenula je pravu lavinu. Sindikat profesionalih fudbalera \u201cNezavisnost\u201d otkrio je \u0161okantan detalj! Fudbaler Jagodine Sr\u0111an Risti\u0107 ostao je bez burbrega tokom me\u010da Prve lige Srbije protiv Kolubare.<br \/>\nDa li je zdravlje igra\u010da funkcionerima klubova na prvom mestu? Sindikat profesionalnih fudbalera Nezavisnost izneo je \u0161okantne tvrdnje na svom Fejsbuk profilu.<\/p>\n<p>&#8211; SKANDAL U JAGODINI: Igra\u010d Sr\u0111an Risti\u0107 je na utakmici protiv Kolubare zadobio te\u0161ku povredu i odstranjen mu je bubreg.. Klub je poku\u0161ao da zata\u0161ka ceo slu\u010daj jer igra\u010du nisu pla\u0107ali socijalno i zdravstveno osiguranje i nije imao zdravstvenu knji\u017eicu.. Predsednik Jagodine je ve\u0107 dugo vremena potpredsednik FSS.. Velika je sramota za FSS \u0161to takav \u010dovek uop\u0161te mo\u017ee da bude na bilo kojoj funkciji u srpskom fudbalu.. Sr\u0111anu \u017eelimo brz oporavak.. &#8211; pi\u0161e \u201cNezavisnost\u201d<br \/>\nSindikat je na \u010delu sa predsednikom Mirkom Poledicom nastavio u istom stilu.<\/p>\n<p>&#8211; Disciplinska komisija FSS kaznila Sikimi\u0107a tri meseca a protiv igra\u010da koji je povredio Sr\u0111ana Risti\u0107a kome je odstranjen bubreg nisu ni pokrenuli postupak.. Potpuno je jasno da ho\u0107e Sikimi\u0107u da uni\u0161te karijeru.. Te\u0161ka povreda Risti\u0107a je tako\u0111e nesre\u0107an slu\u010daj jer nije povre\u0111en namerno i mnogo je te\u017ea povreda od \u017divkovi\u0107eve.<\/p>\n","protected":false},"excerpt":{"rendered":"<p>Izvor : Blic Kazna koja je izre\u010dena fudbaleru Crvene zvezde Predragu Sikimi\u0107u pokrenula je pravu lavinu. Sindikat profesionalih fudbalera \u201cNezavisnost\u201d otkrio je \u0161okantan detalj! Fudbaler &hellip; <\/p>\n","protected":false},"author":4,"featured_media":4504,"comment_status":"open","ping_status":"open","sticky":false,"template":"","format":"standard","meta":{"footnotes":""},"categories":[2,21],"tags":[1180,1178,1179],"_links":{"self":[{"href":"https:\/\/centralmedia.rs\/index.php\/wp-json\/wp\/v2\/posts\/4503"}],"collection":[{"href":"https:\/\/centralmedia.rs\/index.php\/wp-json\/wp\/v2\/posts"}],"about":[{"href":"https:\/\/centralmedia.rs\/index.php\/wp-json\/wp\/v2\/types\/post"}],"author":[{"embeddable":true,"href":"https:\/\/centralmedia.rs\/index.php\/wp-json\/wp\/v2\/users\/4"}],"replies":[{"embeddable":true,"href":"https:\/\/centralmedia.rs\/index.php\/wp-json\/wp\/v2\/comments?post=4503"}],"version-history":[{"count":0,"href":"https:\/\/centralmedia.rs\/index.php\/wp-json\/wp\/v2\/posts\/4503\/revisions"}],"wp:featuredmedia":[{"embeddable":true,"href":"https:\/\/centralmedia.rs\/index.php\/wp-json\/wp\/v2\/media\/4504"}],"wp:attachment":[{"href":"https:\/\/centralmedia.rs\/index.php\/wp-json\/wp\/v2\/media?parent=4503"}],"wp:term":[{"taxonomy":"category","embeddable":true,"href":"https:\/\/centralmedia.rs\/index.php\/wp-json\/wp\/v2\/categories?post=4503"},{"taxonomy":"post_tag","embeddable":true,"href":"https:\/\/centralmedia.rs\/index.php\/wp-json\/wp\/v2\/tags?post=4503"}],"curies":[{"name":"wp","href":"https:\/\/api.w.org\/{rel}","templated":true}]}}