{"id":4514,"date":"2016-09-01T18:08:03","date_gmt":"2016-09-01T18:08:03","guid":{"rendered":"http:\/\/centralmedia.rs\/?p=4514"},"modified":"2017-01-20T00:31:27","modified_gmt":"2017-01-20T00:31:27","slug":"u-rekovcu-despotovcu-u-prvi-razred-krenuo-221-ucenik","status":"publish","type":"post","link":"https:\/\/centralmedia.rs\/index.php\/2016\/09\/01\/u-rekovcu-despotovcu-u-prvi-razred-krenuo-221-ucenik\/","title":{"rendered":"U REKOVCU I DESPOTOVCU U PRVI RAZRED KRENUO 221 U\u010cENIK"},"content":{"rendered":"<p>REKOVAC-DESPOTOVCU- U Gornjoj Resavi i Lev\u010du u prvi razred je krenuo 221 u\u010denik, u Despotovcu 152 i Rekovcu 69. Prvaka je sve manje u ovim sredinama, ali predsednici op\u0161tina Nikola Nikoli\u0107 i Aleksadnar \u0110or\u0111evi\u0107 odlu\u010dili su da posete prvake i uru\u010de poklone.<br \/>\n-Op\u0161tina Despotovac danas je uru\u010dila svim prvacima poklonila rance sa \u0161kolskim priborom. Vrednost ranca i \u0161kolskog pribora je 2.500 dinara, rekao je predsednik te op\u0161tine.<\/p>\n<p><div id='gallery-1' class='gallery galleryid-4514 gallery-columns-2 gallery-size-thumbnail'><figure class='gallery-item'>\n\t\t\t<div class='gallery-icon landscape'>\n\t\t\t\t<a href='https:\/\/centralmedia.rs\/index.php\/2016\/09\/01\/u-rekovcu-despotovcu-u-prvi-razred-krenuo-221-ucenik\/prvaci-senje-1\/'><img loading=\"lazy\" decoding=\"async\" width=\"150\" height=\"150\" src=\"https:\/\/centralmedia.rs\/wp-content\/uploads\/2016\/09\/prvaci-senje-1-150x150.jpg\" class=\"attachment-thumbnail size-thumbnail\" alt=\"\" aria-describedby=\"gallery-1-4516\" \/><\/a>\n\t\t\t<\/div>\n\t\t\t\t<figcaption class='wp-caption-text gallery-caption' id='gallery-1-4516'>\n\t\t\t\tFoto Dragana Veli\u010dkovi\u0107\n\t\t\t\t<\/figcaption><\/figure><figure class='gallery-item'>\n\t\t\t<div class='gallery-icon landscape'>\n\t\t\t\t<a href='https:\/\/centralmedia.rs\/index.php\/2016\/09\/01\/u-rekovcu-despotovcu-u-prvi-razred-krenuo-221-ucenik\/nadrlje\/'><img loading=\"lazy\" decoding=\"async\" width=\"150\" height=\"150\" src=\"https:\/\/centralmedia.rs\/wp-content\/uploads\/2016\/09\/nadrlje-150x150.jpg\" class=\"attachment-thumbnail size-thumbnail\" alt=\"\" \/><\/a>\n\t\t\t<\/div><\/figure>\n\t\t<\/div>\n<br \/>\nJedini su u\u010denici u selu Nadrlje po\u0161li su u prvi razred po\u0161la, a re\u010d je o bratu i sestri Luki i Jani Milanovi\u0107. Sva podru\u010dna odeljenja u Lev\u010du posetio predsednik op\u0161tine \u0110or\u0111evi\u0107.<br \/>\n-Svi prvaci dobili su po poklon kao znak pa\u017enje i podr\u0161ke za dalje \u0161kolovanje i napredovanje. U samom Rekovcu ove \u0161kolske godine u prvi razred krenu\u0107e samo 14 u\u010denika, \u0161to potvr\u0111uje da se broj \u0111aka smanjuje i u mestu sa najve\u0107im brojem stanovnika a ne samo po isturenim odeljenjima, kazao je on.<br \/>\nTo je ilustrovao podatokom da je u Motri\u0107u samo jedan \u0111ak prvak, u Velikoj Kru\u0161evici dvoje, dok je u Dragovu u prvi razred krenulo 12.<\/p>\n<p><em><strong>\u00a0Projekat se realizuje uz pomo\u0107 sredstava iz bud\u017eeta op\u0161tina Rekovac i Despotovac.<\/strong><\/em><\/p>\n","protected":false},"excerpt":{"rendered":"<p>REKOVAC-DESPOTOVCU- U Gornjoj Resavi i Lev\u010du u prvi razred je krenuo 221 u\u010denik, u Despotovcu 152 i Rekovcu 69. Prvaka je sve manje u ovim &hellip; <\/p>\n","protected":false},"author":4,"featured_media":4515,"comment_status":"open","ping_status":"open","sticky":false,"template":"","format":"standard","meta":{"footnotes":""},"categories":[1518,14,1524,2,887,1519,12],"tags":[51,1184,441],"_links":{"self":[{"href":"https:\/\/centralmedia.rs\/index.php\/wp-json\/wp\/v2\/posts\/4514"}],"collection":[{"href":"https:\/\/centralmedia.rs\/index.php\/wp-json\/wp\/v2\/posts"}],"about":[{"href":"https:\/\/centralmedia.rs\/index.php\/wp-json\/wp\/v2\/types\/post"}],"author":[{"embeddable":true,"href":"https:\/\/centralmedia.rs\/index.php\/wp-json\/wp\/v2\/users\/4"}],"replies":[{"embeddable":true,"href":"https:\/\/centralmedia.rs\/index.php\/wp-json\/wp\/v2\/comments?post=4514"}],"version-history":[{"count":0,"href":"https:\/\/centralmedia.rs\/index.php\/wp-json\/wp\/v2\/posts\/4514\/revisions"}],"wp:featuredmedia":[{"embeddable":true,"href":"https:\/\/centralmedia.rs\/index.php\/wp-json\/wp\/v2\/media\/4515"}],"wp:attachment":[{"href":"https:\/\/centralmedia.rs\/index.php\/wp-json\/wp\/v2\/media?parent=4514"}],"wp:term":[{"taxonomy":"category","embeddable":true,"href":"https:\/\/centralmedia.rs\/index.php\/wp-json\/wp\/v2\/categories?post=4514"},{"taxonomy":"post_tag","embeddable":true,"href":"https:\/\/centralmedia.rs\/index.php\/wp-json\/wp\/v2\/tags?post=4514"}],"curies":[{"name":"wp","href":"https:\/\/api.w.org\/{rel}","templated":true}]}}