{"id":4521,"date":"2016-09-02T11:14:21","date_gmt":"2016-09-02T11:14:21","guid":{"rendered":"http:\/\/centralmedia.rs\/?p=4521"},"modified":"2016-09-02T11:14:39","modified_gmt":"2016-09-02T11:14:39","slug":"nestala-devojcica-iz-svilajnca","status":"publish","type":"post","link":"https:\/\/centralmedia.rs\/index.php\/2016\/09\/02\/nestala-devojcica-iz-svilajnca\/","title":{"rendered":"NESTALA DEVOJ\u010cICA IZ SVILAJNCA"},"content":{"rendered":"<p>SVILAJNAC- Maja Maksi\u0107 (16) iz Svilajnca nestala je u ponedeljak 29. avgusta. Njeni roditelji su prijavili nestanak. Oni mole gra\u0111ane da svaku informaciju o nestaloj devoj\u010dici prijave najbli\u017eoj policijskoj stanici ili na broj 0638409970.<br \/>\n-Ne znamo gde je ona, za\u0161to je oti\u0161la. Momka nije imala, niti je kod drugarice oti\u0161la, celu rodbinu sam obi\u0161ao i nema je nigde. Ne znamo \u0161ta bi moglo da joj se dogodi. Javili smo policiji za njen nestanak. Tra\u017eili smo od policije da obave pretragu terena, reka i brda. Kod nas sva\u0111e nije bilo. Tog dana je sve bilo normalno, niko je nije dirao ili udario. Bila je vesela, po\u0161la da pomogne ocu i majci. Ona zavr\u0161ila osnovnu \u0161kolu i ku\u0107i je pomagala majci, pri\u010da Milan Maksi\u0107, majin brat.<br \/>\n Roditelji nestale devoj\u010dice ka\u017eu da je ona u ponedeljak oko podneva iza\u0161la iz porodi\u010dne ku\u0107e u ulici Janka Veselinova da baci sme\u0107e u obli\u017enji kontejner. Me\u0111utim,  Maja  je u\u0161la u parkirani automobil, roditelji su potra\u010dali za njom da je zaustave, ali nisu uspeli ni registraciju da vide. Od tada joj se gubi svaki trag. Na sebi je u trenutku nestanka imala imala belu letnju majicu sa aplikacijom srca i crnu suknju.<br \/>\n-\u0160esto\u010dlana porodica Maksi\u0107 Dragan, Dragana, Maja, Marjana, Milan i Marko \u017eive u stambenom kontejneru od tridesetak kvadrata i to je neadekvatno za \u017eivot. Dugo su \u017eiveli kao podstanari, da bi posle poplave u maju 2014 godine postali problem jer nisu imali sme\u0161taj. Poku\u0161ali smo da im pomognemo preko organizacije Help, da im se sagradi ku\u0107a, ali nisu imali adekvatan plac. Kada je njihova baka prenela plac na oca porodice akcija Helpa je bila zavr\u0161ena, ka\u017eu u Centru za socijalni rad.<br \/>\nMaksi\u0107i su korisnici su Centra za socijali rad i re\u010d je o Romskoj porodici. Maja je vi\u0161e puta do sada odlazila od ku\u0107e i zatim se vra\u0107ala. Roditelji su i ranije prijavljivali policiji njene odlaske.<\/p>\n","protected":false},"excerpt":{"rendered":"<p>SVILAJNAC- Maja Maksi\u0107 (16) iz Svilajnca nestala je u ponedeljak 29. avgusta. Njeni roditelji su prijavili nestanak. Oni mole gra\u0111ane da svaku informaciju o nestaloj &hellip; <\/p>\n","protected":false},"author":4,"featured_media":4522,"comment_status":"open","ping_status":"open","sticky":false,"template":"","format":"standard","meta":{"footnotes":""},"categories":[20,2,887],"tags":[1185,38],"_links":{"self":[{"href":"https:\/\/centralmedia.rs\/index.php\/wp-json\/wp\/v2\/posts\/4521"}],"collection":[{"href":"https:\/\/centralmedia.rs\/index.php\/wp-json\/wp\/v2\/posts"}],"about":[{"href":"https:\/\/centralmedia.rs\/index.php\/wp-json\/wp\/v2\/types\/post"}],"author":[{"embeddable":true,"href":"https:\/\/centralmedia.rs\/index.php\/wp-json\/wp\/v2\/users\/4"}],"replies":[{"embeddable":true,"href":"https:\/\/centralmedia.rs\/index.php\/wp-json\/wp\/v2\/comments?post=4521"}],"version-history":[{"count":0,"href":"https:\/\/centralmedia.rs\/index.php\/wp-json\/wp\/v2\/posts\/4521\/revisions"}],"wp:featuredmedia":[{"embeddable":true,"href":"https:\/\/centralmedia.rs\/index.php\/wp-json\/wp\/v2\/media\/4522"}],"wp:attachment":[{"href":"https:\/\/centralmedia.rs\/index.php\/wp-json\/wp\/v2\/media?parent=4521"}],"wp:term":[{"taxonomy":"category","embeddable":true,"href":"https:\/\/centralmedia.rs\/index.php\/wp-json\/wp\/v2\/categories?post=4521"},{"taxonomy":"post_tag","embeddable":true,"href":"https:\/\/centralmedia.rs\/index.php\/wp-json\/wp\/v2\/tags?post=4521"}],"curies":[{"name":"wp","href":"https:\/\/api.w.org\/{rel}","templated":true}]}}