{"id":45421,"date":"2026-04-27T09:49:50","date_gmt":"2026-04-27T07:49:50","guid":{"rendered":"https:\/\/centralmedia.rs\/?p=45421"},"modified":"2026-04-28T09:50:01","modified_gmt":"2026-04-28T07:50:01","slug":"selakovic-najavio-nastavak-podrske-narodnoj-biblioteci-u-jagodini","status":"publish","type":"post","link":"https:\/\/centralmedia.rs\/index.php\/2026\/04\/27\/selakovic-najavio-nastavak-podrske-narodnoj-biblioteci-u-jagodini\/","title":{"rendered":"Selakovi\u0107 najavio nastavak podr\u0161ke Narodnoj biblioteci u Jagodini"},"content":{"rendered":"\n<p>Ministar kulture Nikola Selakovi\u0107 prisustvovao je obele\u017eavanju 175 godina od osnivanja \u010citali\u0161ta u Jagodini- prete\u010de dana\u0161nje Narodne biblioteke \u201eRadislav Nik\u010devi\u0107\u201c, jedne od najva\u017enijih kulturno prosvetnih ustanova Pomoravlja i mati\u010dne biblioteke ovog kraja i primio po\u010dasnu Povelju za, kako je navedeno, veliki i nesebi\u010dni doprinos o\u010duvanju srpske kulture, tradicije i nacionalnog bi\u0107a kao i negovanje svetosavskih vrednosti.<\/p>\n\n\n\n<figure class=\"wp-block-image size-large\"><img loading=\"lazy\" decoding=\"async\" width=\"1024\" height=\"577\" src=\"https:\/\/centralmedia.rs\/wp-content\/uploads\/2026\/04\/biblioteka1-1024x577.jpg\" alt=\"\" class=\"wp-image-45423\" srcset=\"https:\/\/centralmedia.rs\/wp-content\/uploads\/2026\/04\/biblioteka1-1024x577.jpg 1024w, https:\/\/centralmedia.rs\/wp-content\/uploads\/2026\/04\/biblioteka1-300x169.jpg 300w, https:\/\/centralmedia.rs\/wp-content\/uploads\/2026\/04\/biblioteka1-768x432.jpg 768w, https:\/\/centralmedia.rs\/wp-content\/uploads\/2026\/04\/biblioteka1-1536x865.jpg 1536w, https:\/\/centralmedia.rs\/wp-content\/uploads\/2026\/04\/biblioteka1-2048x1153.jpg 2048w, https:\/\/centralmedia.rs\/wp-content\/uploads\/2026\/04\/biblioteka1-1260x710.jpg 1260w\" sizes=\"(max-width: 1024px) 100vw, 1024px\" \/><\/figure>\n\n\n\n<p>Tom prilikom Selakovi\u0107 je istakao da je bibliotekarstvo jedan od va\u017enih segmenata kulturne politike Ministarstva kulture koje prepoznaje zna\u010daj mati\u010dne biblioteke kao nosioca stru\u010dnog napretka, digitalizacije i dostupnosti kulturnih sadr\u017eaja svim gra\u0111anima, te da bibliotekari i ovde i \u0161irom Srbije \u010duvaju i afirmi\u0161u na\u0161e srpsko kulturno nasle\u0111e u kojem je zapisan identitet \u010ditavog na\u0161eg naroda i najavio podr\u0161ku jagodinskoj biblioteci<\/p>\n\n\n\n<p>\u201eU narednom periodu, koliko ve\u0107 u ovoj godini \u0107emo se potruditi da mnogo vi\u0161e nego do sada i maksimalno mogu\u0107e podr\u017eimo rad Narodne biblioteke koja bezmalo postoji 175 godina, \u0161to je jubilej zaista vredan priznanja i divljenja. Ono \u0161to mogu danas da ka\u017eem jeste da \u0107emo pomo\u0107i formiranje informacionog kutka, da \u0107emo ga napraviti i za decu i za odrasle a samo to je ulaganje ne\u0161to vi\u0161e od milion i 800.000 dinara\u201c, rekao je Selakovi\u0107.<\/p>\n\n\n\n<p>Ministar je pozvao Grad Jagodinu i direktora biblioteke da za narednu godinu pripreme projektno-tehni\u010dku dokumentaciju kako bi se krenulo sa sre\u0111ivanjem i obnovom Narodne biblioteke u nastojanju da bude u lep\u0161em i boljem ruhu koje \u0107e omogu\u0107iti zaposlenima i \u010ditaocima mnogo lep\u0161e i mnogo udobnije okru\u017eenje.<\/p>\n\n\n\n<p>\u201eNaro\u010dito ho\u0107u da podr\u017eim brigu za biblioteke u seoskim sredinama. Pro\u0161le godine smo pomogli s nabavkom ra\u010dunara. Ho\u0107u da vidimo \u0161to sve mo\u017eemo da pomognemo seoskim bibliotekama jer danas je i podvig i izazov \u017eiveti na selu. Za one koji pored svega onoga \u0161to veliki gradovi pru\u017eaju, ostaju iz \u010diste ljubavi da \u017eive u selima, nama je zadatak da ih ohrabrimo i da ih podr\u017eimo onim sadr\u017eajima koje sela mogu da imaju, a biblioteke to zaista jesu i da takvi sadr\u017eaji budu na nivou 21. veka\u201c, poru\u010dio je Selakovi\u0107.<\/p>\n\n\n\n<p>Na sve\u010danosti su uru\u010dene plakete i povelje pojedincima i ustanovama koji su u prethodnoj godini doprineli zna\u010dajnom radu biblioteke. Povelje su dodeljene ministru kulture Nikoli Selakovi\u0107u, Daliboru Markovi\u0107u Palmi i gradu Jagodini.<\/p>\n\n\n\n<p>Govore\u0107i o zna\u010daju biblioteke i njenoj ulozi u o\u010duvanju kulturnog identiteta grada vi\u0161e od veka, direktor jagodinske biblioteke Milo\u0161 Stojkovi\u0107 istakao je da ova ustanova ima mnogo \u0161iru misiju od same pozajmice knjiga.<\/p>\n\n\n\n<p>\u201eBiblioteka nije samo mesto gde se \u010dita i gde se \u010duvaju i izdaju knjige. Biblioteka je mesto koje \u010duva kulturu se\u0107anja, srpsko pismo, identitet, tradiciju, sve ono na \u010demu srpski narod po\u010diva. Ko \u0107e \u010duvati na\u0161e pismo, se\u0107anje na stradanje, na na\u0161e velikane, ako ne \u0161kole, crkve, manastiri i obavezno biblioteke\u201c, istakao je Stojkovi\u0107.<\/p>\n\n\n\n<p>On je sa ponosom istakao rezultate koje je ova ustanova ostvarila u prethodnom periodu, me\u0111u kojima su ure\u0111enje prostorija, zanavljanje knji\u017enog fonda, vi\u0161e od stotinu organizovanih promocija i tribina, kao i veliki broj \u010ditalaca. Poseban akcenat stavio je na seoske biblioteke, koje, kako je naveo, imaju va\u017enu ulogu u lokalnim zajednicama i dostupnosti kulture u manjim sredinama.<\/p>\n\n\n\n<p>U ime grada Jagodine obratila se Bojana Antonijevi\u0107, zamenica predsednika Skup\u0161tine grada, koja je pozdravila prisutne u ime Dalibora Markovi\u0107a Palme, isti\u010du\u0107i da je krenuo stopama svog oca Dragana Markovi\u0107a Palme, koji je mnogo u\u010dinio za razvoj i napredak grada, i \u010destitala jubilej biblioteci.<\/p>\n\n\n\n<p>Ona je naglasila zna\u010daj biblioteke za kulturni \u017eivot grada i njen doprinos zajednici.<\/p>\n","protected":false},"excerpt":{"rendered":"<p>Ministar kulture Nikola Selakovi\u0107 prisustvovao je obele\u017eavanju 175 godina od osnivanja \u010citali\u0161ta u Jagodini- prete\u010de dana\u0161nje Narodne biblioteke \u201eRadislav Nik\u010devi\u0107\u201c, jedne od najva\u017enijih kulturno prosvetnih &hellip; <\/p>\n","protected":false},"author":1,"featured_media":45422,"comment_status":"closed","ping_status":"open","sticky":false,"template":"","format":"standard","meta":{"footnotes":""},"categories":[1524,1514,15,12],"tags":[879],"_links":{"self":[{"href":"https:\/\/centralmedia.rs\/index.php\/wp-json\/wp\/v2\/posts\/45421"}],"collection":[{"href":"https:\/\/centralmedia.rs\/index.php\/wp-json\/wp\/v2\/posts"}],"about":[{"href":"https:\/\/centralmedia.rs\/index.php\/wp-json\/wp\/v2\/types\/post"}],"author":[{"embeddable":true,"href":"https:\/\/centralmedia.rs\/index.php\/wp-json\/wp\/v2\/users\/1"}],"replies":[{"embeddable":true,"href":"https:\/\/centralmedia.rs\/index.php\/wp-json\/wp\/v2\/comments?post=45421"}],"version-history":[{"count":1,"href":"https:\/\/centralmedia.rs\/index.php\/wp-json\/wp\/v2\/posts\/45421\/revisions"}],"predecessor-version":[{"id":45424,"href":"https:\/\/centralmedia.rs\/index.php\/wp-json\/wp\/v2\/posts\/45421\/revisions\/45424"}],"wp:featuredmedia":[{"embeddable":true,"href":"https:\/\/centralmedia.rs\/index.php\/wp-json\/wp\/v2\/media\/45422"}],"wp:attachment":[{"href":"https:\/\/centralmedia.rs\/index.php\/wp-json\/wp\/v2\/media?parent=45421"}],"wp:term":[{"taxonomy":"category","embeddable":true,"href":"https:\/\/centralmedia.rs\/index.php\/wp-json\/wp\/v2\/categories?post=45421"},{"taxonomy":"post_tag","embeddable":true,"href":"https:\/\/centralmedia.rs\/index.php\/wp-json\/wp\/v2\/tags?post=45421"}],"curies":[{"name":"wp","href":"https:\/\/api.w.org\/{rel}","templated":true}]}}