{"id":45431,"date":"2026-04-29T07:22:16","date_gmt":"2026-04-29T05:22:16","guid":{"rendered":"https:\/\/centralmedia.rs\/?p=45431"},"modified":"2026-04-30T07:23:56","modified_gmt":"2026-04-30T05:23:56","slug":"oskrnavljen-spomenik-sretenu-adzicu","status":"publish","type":"post","link":"https:\/\/centralmedia.rs\/index.php\/2026\/04\/29\/oskrnavljen-spomenik-sretenu-adzicu\/","title":{"rendered":"OSKRNAVLJEN SPOMENIK SRETENU AD\u017dI\u0106U"},"content":{"rendered":"\n<p>Bista Sretena Ad\u017ei\u0107a ispred stare zgrade U\u010diteljske \u0161kole u Jagodini oskrnavljena je no\u0107as. Za sada nepoznati izvr\u0161ilac je na spomenik posuo crvenu boju i na postamentu nacrtao kukasti krst.<br>Prosvetni reformator Sreten Ad\u017ei\u0107, prvi upravitelj, smatra se osniva\u010dem Mu\u0161ke u\u010diteljske \u0161kole u Jagodini 1898. godine i \u010dovekom izuzetnog duha i naprednih ideja. Po\u0161to je osnovao \u0161kolu, Ad\u017ei\u0107 je odmah uveo prakti\u010dnu nastavu po ugledu na tada\u0161nje evropske \u0161kole, a prvenstveno uva\u017eavaju\u0107i \u0161vedsko i finsko \u0161kolstvo toga vremena.<br><br>Fakultet pedago\u0161kih nauka u Jagodini sa \u017ealjenjem i ogor\u010denjem obave\u0161tava javnost da se u no\u0107i izme\u0111u 28. i 29. aprila 2026. u parku Fakulteta dogodilo do sada nezabele\u017eeno skrnavljenje biste Sretena Ad\u017ei\u0107a, osniva\u010da U\u010diteljske \u0161kole u Jagodini. Bista je ofarbana, a na postamentu su iscrtani nacisti\u010dki simboli. Fakultet pedago\u0161kih nauka prijavio je doga\u0111aj policiji, te o\u010dekujemo hitnu i o\u0161tru reakciju nadle\u017enih organa u pronala\u017eenju po\u010dinilaca.<br>Sreten Ad\u017ei\u0107 (1856\u20131933) bio je jedan od najzna\u010dajnijih srpskih pedagoga i prosvetitelja. Svoj \u017eivot posvetio je unapre\u0111enju obrazovanja i kulture u Srbiji svoga vremena. Neshvatljivo je da se uspomene na takve ljude skrnave simbolima ideologije od koje je na\u0161 narod strahovito stradao.<br>Najo\u0161trije osu\u0111ujemo ovaj vandalski \u010din neguju\u0107i svetlu uspomenu na Sretena Ad\u017ei\u0107a i ostale profesore i u\u010denike ove \u0161kole koji su dali zna\u010dajan doprinos svojoj zemlji.<\/p>\n","protected":false},"excerpt":{"rendered":"<p>Bista Sretena Ad\u017ei\u0107a ispred stare zgrade U\u010diteljske \u0161kole u Jagodini oskrnavljena je no\u0107as. Za sada nepoznati izvr\u0161ilac je na spomenik posuo crvenu boju i na &hellip; <\/p>\n","protected":false},"author":1,"featured_media":45432,"comment_status":"closed","ping_status":"open","sticky":false,"template":"","format":"standard","meta":{"footnotes":""},"categories":[1524,20,1514,12],"tags":[7268],"_links":{"self":[{"href":"https:\/\/centralmedia.rs\/index.php\/wp-json\/wp\/v2\/posts\/45431"}],"collection":[{"href":"https:\/\/centralmedia.rs\/index.php\/wp-json\/wp\/v2\/posts"}],"about":[{"href":"https:\/\/centralmedia.rs\/index.php\/wp-json\/wp\/v2\/types\/post"}],"author":[{"embeddable":true,"href":"https:\/\/centralmedia.rs\/index.php\/wp-json\/wp\/v2\/users\/1"}],"replies":[{"embeddable":true,"href":"https:\/\/centralmedia.rs\/index.php\/wp-json\/wp\/v2\/comments?post=45431"}],"version-history":[{"count":1,"href":"https:\/\/centralmedia.rs\/index.php\/wp-json\/wp\/v2\/posts\/45431\/revisions"}],"predecessor-version":[{"id":45433,"href":"https:\/\/centralmedia.rs\/index.php\/wp-json\/wp\/v2\/posts\/45431\/revisions\/45433"}],"wp:featuredmedia":[{"embeddable":true,"href":"https:\/\/centralmedia.rs\/index.php\/wp-json\/wp\/v2\/media\/45432"}],"wp:attachment":[{"href":"https:\/\/centralmedia.rs\/index.php\/wp-json\/wp\/v2\/media?parent=45431"}],"wp:term":[{"taxonomy":"category","embeddable":true,"href":"https:\/\/centralmedia.rs\/index.php\/wp-json\/wp\/v2\/categories?post=45431"},{"taxonomy":"post_tag","embeddable":true,"href":"https:\/\/centralmedia.rs\/index.php\/wp-json\/wp\/v2\/tags?post=45431"}],"curies":[{"name":"wp","href":"https:\/\/api.w.org\/{rel}","templated":true}]}}