{"id":4549,"date":"2016-09-03T19:00:36","date_gmt":"2016-09-03T19:00:36","guid":{"rendered":"http:\/\/centralmedia.rs\/?p=4549"},"modified":"2016-09-03T19:02:05","modified_gmt":"2016-09-03T19:02:05","slug":"markovici-iz-cepura-kod-paracina-kupali-smo-se-u-koritu-sada-u-kupatilu","status":"publish","type":"post","link":"https:\/\/centralmedia.rs\/index.php\/2016\/09\/03\/markovici-iz-cepura-kod-paracina-kupali-smo-se-u-koritu-sada-u-kupatilu\/","title":{"rendered":"MARKOVI\u0106I IZ \u010cEPURA KOD PARA\u0106INA &#8211;  KUPALI SMO SE U KORITU, A SADA U KUPATILU"},"content":{"rendered":"<p>PARA\u0106IN-Prvi put smo se okupali u ku\u0107i u kupatilu, ose\u0107aj je izvanredan, pri\u010daju u glas \u010dlanovi \u010detvoro\u010dlane porodice Markovi\u0107 iz \u010cepura kod Para\u0107ina i dodaju da su dobili novu kuhinju i vodu u ku\u0107i.  Zahvaljuju\u0107i akciji odborni\u010dke grupe Pokret za selo i grad &#8211; Ekolo\u0161ki pokret u toku je akcija rekonstrukcije tri ku\u0107e najugro\u017eenijim porodicama u toj op\u0161tini. Odbornici te grupe se odri\u010du odborni\u010dkih naknada u korist humanitarnog fonda. <figure id=\"attachment_4555\" aria-describedby=\"caption-attachment-4555\" style=\"width: 900px\" class=\"wp-caption alignnone\"><a href=\"https:\/\/centralmedia.rs\/wp-content\/uploads\/2016\/09\/odbornici-donatori-paracin-g.j.jpg\"><img loading=\"lazy\" decoding=\"async\" src=\"https:\/\/centralmedia.rs\/wp-content\/uploads\/2016\/09\/odbornici-donatori-paracin-g.j.jpg\" alt=\"Odbornici donatori sa Markovi\u0107ima\" width=\"900\" height=\"675\" class=\"size-full wp-image-4555\" srcset=\"https:\/\/centralmedia.rs\/wp-content\/uploads\/2016\/09\/odbornici-donatori-paracin-g.j.jpg 900w, https:\/\/centralmedia.rs\/wp-content\/uploads\/2016\/09\/odbornici-donatori-paracin-g.j-300x225.jpg 300w, https:\/\/centralmedia.rs\/wp-content\/uploads\/2016\/09\/odbornici-donatori-paracin-g.j-768x576.jpg 768w, https:\/\/centralmedia.rs\/wp-content\/uploads\/2016\/09\/odbornici-donatori-paracin-g.j-80x60.jpg 80w, https:\/\/centralmedia.rs\/wp-content\/uploads\/2016\/09\/odbornici-donatori-paracin-g.j-265x198.jpg 265w\" sizes=\"(max-width: 900px) 100vw, 900px\" \/><\/a><figcaption id=\"caption-attachment-4555\" class=\"wp-caption-text\">Odbornici donatori sa Markovi\u0107ima<\/figcaption><\/figure><br \/>\n\t-Do sada smo se u dvori\u0161tu kupali. Zahvatimo vodu sa bunara, zagrejemo, stanemo lavor ili korito i polivamo se vodom. Toalet je bio poljski, ali sada je mnogo lak\u0161e. Nova kuhinja, prvi put smo oprali sudove u sudoperi. Dobili smo fri\u017eider i \u0161poret, pri\u010da \u017deljka dok se pored nje stidljivo tiskaju \u0110or\u0111e i Aleksandra.  <div id='gallery-1' class='gallery galleryid-4549 gallery-columns-3 gallery-size-thumbnail'><figure class='gallery-item'>\n\t\t\t<div class='gallery-icon landscape'>\n\t\t\t\t<a href='https:\/\/centralmedia.rs\/index.php\/2016\/09\/03\/markovici-iz-cepura-kod-paracina-kupali-smo-se-u-koritu-sada-u-kupatilu\/zeljka-markovic-paracin-g-j\/'><img loading=\"lazy\" decoding=\"async\" width=\"150\" height=\"150\" src=\"https:\/\/centralmedia.rs\/wp-content\/uploads\/2016\/09\/zeljka-markovic-paracin-g.j.-150x150.jpg\" class=\"attachment-thumbnail size-thumbnail\" alt=\"\" aria-describedby=\"gallery-1-4554\" \/><\/a>\n\t\t\t<\/div>\n\t\t\t\t<figcaption class='wp-caption-text gallery-caption' id='gallery-1-4554'>\n\t\t\t\t\u017deljka\n\t\t\t\t<\/figcaption><\/figure><figure class='gallery-item'>\n\t\t\t<div class='gallery-icon landscape'>\n\t\t\t\t<a href='https:\/\/centralmedia.rs\/index.php\/2016\/09\/03\/markovici-iz-cepura-kod-paracina-kupali-smo-se-u-koritu-sada-u-kupatilu\/djordje-markovic-paracin-g-j\/'><img loading=\"lazy\" decoding=\"async\" width=\"150\" height=\"150\" src=\"https:\/\/centralmedia.rs\/wp-content\/uploads\/2016\/09\/djordje-markovic-paracin-g.j.-150x150.jpg\" class=\"attachment-thumbnail size-thumbnail\" alt=\"\" aria-describedby=\"gallery-1-4552\" \/><\/a>\n\t\t\t<\/div>\n\t\t\t\t<figcaption class='wp-caption-text gallery-caption' id='gallery-1-4552'>\n\t\t\t\t\u0110or\u0111e\n\t\t\t\t<\/figcaption><\/figure><figure class='gallery-item'>\n\t\t\t<div class='gallery-icon landscape'>\n\t\t\t\t<a href='https:\/\/centralmedia.rs\/index.php\/2016\/09\/03\/markovici-iz-cepura-kod-paracina-kupali-smo-se-u-koritu-sada-u-kupatilu\/aleksandra-markovic-paracin-g-j\/'><img loading=\"lazy\" decoding=\"async\" width=\"150\" height=\"150\" src=\"https:\/\/centralmedia.rs\/wp-content\/uploads\/2016\/09\/aleksandra-markovic-paracin-g.j.-150x150.jpg\" class=\"attachment-thumbnail size-thumbnail\" alt=\"\" aria-describedby=\"gallery-1-4551\" \/><\/a>\n\t\t\t<\/div>\n\t\t\t\t<figcaption class='wp-caption-text gallery-caption' id='gallery-1-4551'>\n\t\t\t\tAleksandra\n\t\t\t\t<\/figcaption><\/figure>\n\t\t<\/div>\n<br \/>\nOtac porodice Aleksandar (59) je te\u0161ko oboleo i nepokretan je, a deca Aleksandra (13) i \u0110or\u0111e (14), te supruga \u017deljka (43) te\u0161ko spajaju kraj sa krajem, \u017eive od danas do sutra.  Deca su vredna, idu u \u0161kolu, ali sirotinja se vidi na seve strane.<br \/>\n-\u017divimo u te\u0161kim uslovima, a posebno je te\u0161ko posle Aleksandrove bolesti. Pao je u krevet, pogodila su ga dva \u0161loga i potpuno je nepokretan. Mnogo zna\u010di ure\u0111enje ku\u0107e i dobijanje uslova za \u017eivot koji su dostojni \u010doveka. Nemamo redovna primanja sem socijalne pomo\u0107i od 3.000 dinara od pre tri meseca, nemamo pravo na de\u010diji dodatak. Bavimo se poljoprivredom, dodaje \u017deljka.<br \/>\nPredsednik op\u0161tine Para\u0107in Sa\u0161a Paunovi\u0107 istakao je da je Centar za socijalni rad ukazao kojim porodicama je neophodna pomo\u0107, a donatori su prikupili sredstva za obnovu ku\u0107e i pobolj\u0161anje kvaliteta \u017eivota.<br \/>\n-Opremljeni su kupatilo, kuhinja, sobe, nabavljen name\u0161taj, a op\u0161tina je platila priklju\u010dke na vodu i kanalizaciju. Cela situacija je jo\u0161 te\u017ea, jer je \u010dlan porodice te\u0161ko bolestan, istakao je Paunovi\u0107 i pozvao donatore da se uklju\u010de u akciju pomo\u0107i porodicama koje \u017eive na ivici egzistencije, kao i da mogu da doniraju materijal ili stru\u010dni rad.<div id='gallery-2' class='gallery galleryid-4549 gallery-columns-2 gallery-size-full'><figure class='gallery-item'>\n\t\t\t<div class='gallery-icon landscape'>\n\t\t\t\t<a href='https:\/\/centralmedia.rs\/index.php\/2016\/09\/03\/markovici-iz-cepura-kod-paracina-kupali-smo-se-u-koritu-sada-u-kupatilu\/sasa-paunovic-paracin-g-j-2\/'><img loading=\"lazy\" decoding=\"async\" width=\"900\" height=\"675\" src=\"https:\/\/centralmedia.rs\/wp-content\/uploads\/2016\/09\/sasa-paunovic-paracin-g.j.-1.jpg\" class=\"attachment-full size-full\" alt=\"\" aria-describedby=\"gallery-2-4556\" srcset=\"https:\/\/centralmedia.rs\/wp-content\/uploads\/2016\/09\/sasa-paunovic-paracin-g.j.-1.jpg 900w, https:\/\/centralmedia.rs\/wp-content\/uploads\/2016\/09\/sasa-paunovic-paracin-g.j.-1-300x225.jpg 300w, https:\/\/centralmedia.rs\/wp-content\/uploads\/2016\/09\/sasa-paunovic-paracin-g.j.-1-768x576.jpg 768w, https:\/\/centralmedia.rs\/wp-content\/uploads\/2016\/09\/sasa-paunovic-paracin-g.j.-1-80x60.jpg 80w, https:\/\/centralmedia.rs\/wp-content\/uploads\/2016\/09\/sasa-paunovic-paracin-g.j.-1-265x198.jpg 265w\" sizes=\"(max-width: 900px) 100vw, 900px\" \/><\/a>\n\t\t\t<\/div>\n\t\t\t\t<figcaption class='wp-caption-text gallery-caption' id='gallery-2-4556'>\n\t\t\t\tSa\u0161a Paunovi\u0107\n\t\t\t\t<\/figcaption><\/figure><figure class='gallery-item'>\n\t\t\t<div class='gallery-icon landscape'>\n\t\t\t\t<a href='https:\/\/centralmedia.rs\/index.php\/2016\/09\/03\/markovici-iz-cepura-kod-paracina-kupali-smo-se-u-koritu-sada-u-kupatilu\/bojan-stojcic-paracin-g-j\/'><img loading=\"lazy\" decoding=\"async\" width=\"900\" height=\"675\" src=\"https:\/\/centralmedia.rs\/wp-content\/uploads\/2016\/09\/bojan-stojcic-paracin-g.j..jpg\" class=\"attachment-full size-full\" alt=\"\" aria-describedby=\"gallery-2-4557\" srcset=\"https:\/\/centralmedia.rs\/wp-content\/uploads\/2016\/09\/bojan-stojcic-paracin-g.j..jpg 900w, https:\/\/centralmedia.rs\/wp-content\/uploads\/2016\/09\/bojan-stojcic-paracin-g.j.-300x225.jpg 300w, https:\/\/centralmedia.rs\/wp-content\/uploads\/2016\/09\/bojan-stojcic-paracin-g.j.-768x576.jpg 768w, https:\/\/centralmedia.rs\/wp-content\/uploads\/2016\/09\/bojan-stojcic-paracin-g.j.-80x60.jpg 80w, https:\/\/centralmedia.rs\/wp-content\/uploads\/2016\/09\/bojan-stojcic-paracin-g.j.-265x198.jpg 265w\" sizes=\"(max-width: 900px) 100vw, 900px\" \/><\/a>\n\t\t\t<\/div>\n\t\t\t\t<figcaption class='wp-caption-text gallery-caption' id='gallery-2-4557'>\n\t\t\t\tBojan Stoj\u010di\u0107\n\t\t\t\t<\/figcaption><\/figure>\n\t\t<\/div>\n<br \/>\n-Kod Markovi\u0107a su realizovani najobimniji radovi, jer je zamenjen krov, podovi, uveden vodovodno kanalizacioni sistem,izgra\u0111eno je kupatilo, montirana kuhinja sa fri\u017eiderom i elektri\u010dnim \u0161tednjakom, pored toga ku\u0107a je opremljena name\u0161tajem. Za \u0110o\u0111r\u0111a je nabaljena ma\u0161ina za \u0161ivenje, jer je izrazio \u017eelju da se nau\u010di kroja\u010dki zanat, dok je njegov otac Aleksandar dobio kolica. U toku rekonstrukcija ku\u0107a u Svojnovu i naselju Vrap\u010dane, rekao je odbornik Igor Stoj\u010di\u0107.       <div id='gallery-3' class='gallery galleryid-4549 gallery-columns-2 gallery-size-thumbnail'><figure class='gallery-item'>\n\t\t\t<div class='gallery-icon landscape'>\n\t\t\t\t<a href='https:\/\/centralmedia.rs\/index.php\/2016\/09\/03\/markovici-iz-cepura-kod-paracina-kupali-smo-se-u-koritu-sada-u-kupatilu\/kupatilo-paracin-g-j\/'><img loading=\"lazy\" decoding=\"async\" width=\"150\" height=\"150\" src=\"https:\/\/centralmedia.rs\/wp-content\/uploads\/2016\/09\/kupatilo-paracin-g.j.-150x150.jpg\" class=\"attachment-thumbnail size-thumbnail\" alt=\"\" \/><\/a>\n\t\t\t<\/div><\/figure><figure class='gallery-item'>\n\t\t\t<div class='gallery-icon landscape'>\n\t\t\t\t<a href='https:\/\/centralmedia.rs\/index.php\/2016\/09\/03\/markovici-iz-cepura-kod-paracina-kupali-smo-se-u-koritu-sada-u-kupatilu\/markovici-1-paracin-g-j\/'><img loading=\"lazy\" decoding=\"async\" width=\"150\" height=\"150\" src=\"https:\/\/centralmedia.rs\/wp-content\/uploads\/2016\/09\/markovici-1-paracin-g.j.-150x150.jpg\" class=\"attachment-thumbnail size-thumbnail\" alt=\"\" \/><\/a>\n\t\t\t<\/div><\/figure>\n\t\t<\/div>\n<br \/>\nU dosada\u0161njim akcijama te odborni\u010dke grupe pomo\u0107 u rekonstrukciji stambenih objekata dobilo je 15 porodica sa teritorije Para\u0107ina.<\/p>\n","protected":false},"excerpt":{"rendered":"<p>PARA\u0106IN-Prvi put smo se okupali u ku\u0107i u kupatilu, ose\u0107aj je izvanredan, pri\u010daju u glas \u010dlanovi \u010detvoro\u010dlane porodice Markovi\u0107 iz \u010cepura kod Para\u0107ina i dodaju &hellip; <\/p>\n","protected":false},"author":4,"featured_media":4550,"comment_status":"open","ping_status":"open","sticky":false,"template":"","format":"standard","meta":{"footnotes":""},"categories":[2,23,31],"tags":[1193,1192,156,192],"_links":{"self":[{"href":"https:\/\/centralmedia.rs\/index.php\/wp-json\/wp\/v2\/posts\/4549"}],"collection":[{"href":"https:\/\/centralmedia.rs\/index.php\/wp-json\/wp\/v2\/posts"}],"about":[{"href":"https:\/\/centralmedia.rs\/index.php\/wp-json\/wp\/v2\/types\/post"}],"author":[{"embeddable":true,"href":"https:\/\/centralmedia.rs\/index.php\/wp-json\/wp\/v2\/users\/4"}],"replies":[{"embeddable":true,"href":"https:\/\/centralmedia.rs\/index.php\/wp-json\/wp\/v2\/comments?post=4549"}],"version-history":[{"count":0,"href":"https:\/\/centralmedia.rs\/index.php\/wp-json\/wp\/v2\/posts\/4549\/revisions"}],"wp:featuredmedia":[{"embeddable":true,"href":"https:\/\/centralmedia.rs\/index.php\/wp-json\/wp\/v2\/media\/4550"}],"wp:attachment":[{"href":"https:\/\/centralmedia.rs\/index.php\/wp-json\/wp\/v2\/media?parent=4549"}],"wp:term":[{"taxonomy":"category","embeddable":true,"href":"https:\/\/centralmedia.rs\/index.php\/wp-json\/wp\/v2\/categories?post=4549"},{"taxonomy":"post_tag","embeddable":true,"href":"https:\/\/centralmedia.rs\/index.php\/wp-json\/wp\/v2\/tags?post=4549"}],"curies":[{"name":"wp","href":"https:\/\/api.w.org\/{rel}","templated":true}]}}