{"id":457,"date":"2015-10-14T00:28:05","date_gmt":"2015-10-14T00:28:05","guid":{"rendered":"http:\/\/centralmedia.rs\/?p=457"},"modified":"2015-10-14T00:28:05","modified_gmt":"2015-10-14T00:28:05","slug":"talenti-odusevili","status":"publish","type":"post","link":"https:\/\/centralmedia.rs\/index.php\/2015\/10\/14\/talenti-odusevili\/","title":{"rendered":"TALENTI ODU\u0160EVILI"},"content":{"rendered":"<p>JAGODINA-Koncertom ,,Svi putevi vode u Milano\u201c najtaletnovanijih mladih muzi\u010dara u Srbiji, okupljenih oko programa El Sistema, otvorena je Muzi\u010dka jesen u Jagodini . Re\u010d je o u\u010denicima muzi\u010dkih \u0161kola iz \u0106uprije, Jagodine i Para\u0107ina koji su po\u010detkom septembra boravili na u kampovima u Milanu i Be\u010du, te na koncertima pobrali pregr\u0161t priznanja i neznavi\u010dno progla\u0161eni za najtalentovanije mlade muzi\u010dare.<br \/>\n\t-Imamo vrhunske talente i ovo je jedan od dobrih puteva da se oni na putu razvoja ne izgube. Njih sada prepoznaju u svetskim muzi\u010dkim prestonicama. Najbolji dirigent dana\u0161njice Gustavo Dudamel je do\u0161ao da slu\u0161a probu omladinskog orkestra El Sisteme i odu\u0161evio se njihovim ume\u0107em muziciranja. U pauzi je pri\u0161ao jednoj devoj\u010dici i pitao je odakle je, a ona je dogovorila iz Srbije, zatim pri\u0161ao drugoj, tre\u0107oj, pa de\u010daku i dobijao istovetan odgovor iz Srbije. Obe\u0107ao je da \u0107e do\u0107i u Srbiju slede\u0107e godine, iako mu je planer popunjen do 2020 godine. To je put kojim talenti treba i\u0107i, jer mi znamo da su fenomenalni i to im nije od koristi, ve\u0107 da redovno imaju kontakte sa vrhunskim profesorima, putuju, u\u010de i ste\u010dena znanja vrate u Srbiju, ka\u017ee  programski direktor Music Art projekt Marijana Milo\u0161evi\u0107 Simi\u0107.<br \/>\nMuzi\u010dki talenti iz \u0107uprijske \u0161kole, koji su okupljeni iz svih delova Srbije, lideri su Omladinskog orkestra El Sistema.<br \/>\n\t-Na\u0161i talenti iz \u0106uprije su lideri u svakom pogledu u tom orkestru. Oni su u prvim pulotovima na sceni i nosioci orkestra. To je na\u0161a najbolja afirmacija u smislu liderstva, talenta, mogu\u0107nosti&#8230;. Mla\u0111a deca iz \u0106uprije, Jagodine i Para\u0107ina, posle \u010detiri dana u kampu, svirali su na otvaranju Foruma civilnog dru\u0161tva u Be\u010du, koji je odr\u017ean pod pokroviteljstvom Angle Mekel. Druga grupa talenata u bila je u Milanu i svirali su Milanskoj skali i teatru Ar\u010diboldi, najve\u0107oj koncertnoj dvorani u tom gradu. Uzbu\u0111enje je kro\u010diti u tu salu i odgledati neku predstavu, a kamoli svirati u orkestru i biti na sceni sa 150 odabranih talenata iz celog sveta. Me\u0111u decom iz celog sveta,  dvanaestoro na\u0161ih talena vodilo je glavnu re\u010d na sceni, hvali se Marijana Milo\u0161evi\u0107 Simi\u0107.<br \/>\nMuzi\u010dka jesen bi\u0107e nastavljena tokom cele jeseni odabranim sadr\u017eajima.<\/p>\n","protected":false},"excerpt":{"rendered":"<p>JAGODINA-Koncertom ,,Svi putevi vode u Milano\u201c najtaletnovanijih mladih muzi\u010dara u Srbiji, okupljenih oko programa El Sistema, otvorena je Muzi\u010dka jesen u Jagodini . Re\u010d je &hellip; <\/p>\n","protected":false},"author":4,"featured_media":458,"comment_status":"open","ping_status":"open","sticky":false,"template":"","format":"standard","meta":{"footnotes":""},"categories":[15],"tags":[70,69],"_links":{"self":[{"href":"https:\/\/centralmedia.rs\/index.php\/wp-json\/wp\/v2\/posts\/457"}],"collection":[{"href":"https:\/\/centralmedia.rs\/index.php\/wp-json\/wp\/v2\/posts"}],"about":[{"href":"https:\/\/centralmedia.rs\/index.php\/wp-json\/wp\/v2\/types\/post"}],"author":[{"embeddable":true,"href":"https:\/\/centralmedia.rs\/index.php\/wp-json\/wp\/v2\/users\/4"}],"replies":[{"embeddable":true,"href":"https:\/\/centralmedia.rs\/index.php\/wp-json\/wp\/v2\/comments?post=457"}],"version-history":[{"count":0,"href":"https:\/\/centralmedia.rs\/index.php\/wp-json\/wp\/v2\/posts\/457\/revisions"}],"wp:featuredmedia":[{"embeddable":true,"href":"https:\/\/centralmedia.rs\/index.php\/wp-json\/wp\/v2\/media\/458"}],"wp:attachment":[{"href":"https:\/\/centralmedia.rs\/index.php\/wp-json\/wp\/v2\/media?parent=457"}],"wp:term":[{"taxonomy":"category","embeddable":true,"href":"https:\/\/centralmedia.rs\/index.php\/wp-json\/wp\/v2\/categories?post=457"},{"taxonomy":"post_tag","embeddable":true,"href":"https:\/\/centralmedia.rs\/index.php\/wp-json\/wp\/v2\/tags?post=457"}],"curies":[{"name":"wp","href":"https:\/\/api.w.org\/{rel}","templated":true}]}}