{"id":4571,"date":"2016-09-05T07:59:47","date_gmt":"2016-09-05T07:59:47","guid":{"rendered":"http:\/\/centralmedia.rs\/?p=4571"},"modified":"2016-09-05T13:08:50","modified_gmt":"2016-09-05T13:08:50","slug":"zapaljena-kuca-u-jagodini-povredeni-prebacen-u-cuprijsku-bolnicu","status":"publish","type":"post","link":"https:\/\/centralmedia.rs\/index.php\/2016\/09\/05\/zapaljena-kuca-u-jagodini-povredeni-prebacen-u-cuprijsku-bolnicu\/","title":{"rendered":"ZAPALJENA KU\u0106A U JAGODINI &#8211; POVRE\u0110ENI PREBA\u010cEN U \u0106UPRIJSKU BOLNICU"},"content":{"rendered":"<p>JAGODINA-Zbog povreda zadobijen u podmetnutom no\u0107a\u0161njem po\u017earu u porodi\u010dnoj ku\u0107i u Jagodini, Neboj\u0161a Miljkovi\u0107 (45) preba\u010den je \u0107uprijsku bolnicu na Odeljenje za opekotine, potvrdili su \u010dlanovi njegove porodice. On je van \u017eivotne opasnosti, ali zbog te\u0161kih povreda stopala bi\u0107e zadr\u017ean na le\u010denju.<div id='gallery-1' class='gallery galleryid-4571 gallery-columns-3 gallery-size-thumbnail'><figure class='gallery-item'>\n\t\t\t<div class='gallery-icon landscape'>\n\t\t\t\t<a href='https:\/\/centralmedia.rs\/index.php\/2016\/09\/05\/zapaljena-kuca-u-jagodini-povredeni-prebacen-u-cuprijsku-bolnicu\/otisci-krvi-jagodina-g-j\/'><img loading=\"lazy\" decoding=\"async\" width=\"150\" height=\"150\" src=\"https:\/\/centralmedia.rs\/wp-content\/uploads\/2016\/09\/otisci-krvi-jagodina-g.j.-150x150.jpg\" class=\"attachment-thumbnail size-thumbnail\" alt=\"\" \/><\/a>\n\t\t\t<\/div><\/figure><figure class='gallery-item'>\n\t\t\t<div class='gallery-icon landscape'>\n\t\t\t\t<a href='https:\/\/centralmedia.rs\/index.php\/2016\/09\/05\/zapaljena-kuca-u-jagodini-povredeni-prebacen-u-cuprijsku-bolnicu\/otisci-krvi-1-jagodina-g-j\/'><img loading=\"lazy\" decoding=\"async\" width=\"150\" height=\"150\" src=\"https:\/\/centralmedia.rs\/wp-content\/uploads\/2016\/09\/otisci-krvi-1-jagodina-g.j.-150x150.jpg\" class=\"attachment-thumbnail size-thumbnail\" alt=\"\" \/><\/a>\n\t\t\t<\/div><\/figure><figure class='gallery-item'>\n\t\t\t<div class='gallery-icon landscape'>\n\t\t\t\t<a href='https:\/\/centralmedia.rs\/index.php\/2016\/09\/05\/zapaljena-kuca-u-jagodini-povredeni-prebacen-u-cuprijsku-bolnicu\/zapaljena-kuca-jagodina-g-j\/'><img loading=\"lazy\" decoding=\"async\" width=\"150\" height=\"150\" src=\"https:\/\/centralmedia.rs\/wp-content\/uploads\/2016\/09\/zapaljena-kuca-jagodina-g.j.-150x150.jpg\" class=\"attachment-thumbnail size-thumbnail\" alt=\"\" \/><\/a>\n\t\t\t<\/div><\/figure>\n\t\t<\/div>\n<br \/>\n\t-Oko 4 sata jutros u podmetnutom po\u017earu izgoreo je deo isped ulaza u ku\u0107u, dva automobila i dva motorciklaa. Predpostavljamo da je to lice presko\u010dilo ogradu i da je benzinom posulo vozila i motorcikle, a zatim zapalilo, ka\u017ei \u010dlanovi porodice.<br \/>\nDeca su prva reagovala i probudila roditelje, svi su se evakuisali iz ku\u0107e na suprotnu stranu kroz prozor. Neboj\u0161a je poku\u0161ao da ugasi po\u017ear i spasi ne\u0161to od opreme i vozila, ali bosonog je uleteo u deo zapaljenog dvori\u0161ta , gde se otopila plastika sa krova i zadobio povrede. Hitno je preve\u017een u bolnicu. Reagovali su i vatrogasci i zaustavili dalje \u0161irenje po\u017eara.<\/p>\n","protected":false},"excerpt":{"rendered":"<p>JAGODINA-Zbog povreda zadobijen u podmetnutom no\u0107a\u0161njem po\u017earu u porodi\u010dnoj ku\u0107i u Jagodini, Neboj\u0161a Miljkovi\u0107 (45) preba\u010den je \u0107uprijsku bolnicu na Odeljenje za opekotine, potvrdili su &hellip; <\/p>\n","protected":false},"author":4,"featured_media":4572,"comment_status":"open","ping_status":"open","sticky":false,"template":"","format":"standard","meta":{"footnotes":""},"categories":[20,2],"tags":[58,1057,1195],"_links":{"self":[{"href":"https:\/\/centralmedia.rs\/index.php\/wp-json\/wp\/v2\/posts\/4571"}],"collection":[{"href":"https:\/\/centralmedia.rs\/index.php\/wp-json\/wp\/v2\/posts"}],"about":[{"href":"https:\/\/centralmedia.rs\/index.php\/wp-json\/wp\/v2\/types\/post"}],"author":[{"embeddable":true,"href":"https:\/\/centralmedia.rs\/index.php\/wp-json\/wp\/v2\/users\/4"}],"replies":[{"embeddable":true,"href":"https:\/\/centralmedia.rs\/index.php\/wp-json\/wp\/v2\/comments?post=4571"}],"version-history":[{"count":0,"href":"https:\/\/centralmedia.rs\/index.php\/wp-json\/wp\/v2\/posts\/4571\/revisions"}],"wp:featuredmedia":[{"embeddable":true,"href":"https:\/\/centralmedia.rs\/index.php\/wp-json\/wp\/v2\/media\/4572"}],"wp:attachment":[{"href":"https:\/\/centralmedia.rs\/index.php\/wp-json\/wp\/v2\/media?parent=4571"}],"wp:term":[{"taxonomy":"category","embeddable":true,"href":"https:\/\/centralmedia.rs\/index.php\/wp-json\/wp\/v2\/categories?post=4571"},{"taxonomy":"post_tag","embeddable":true,"href":"https:\/\/centralmedia.rs\/index.php\/wp-json\/wp\/v2\/tags?post=4571"}],"curies":[{"name":"wp","href":"https:\/\/api.w.org\/{rel}","templated":true}]}}