{"id":4584,"date":"2016-09-05T16:54:40","date_gmt":"2016-09-05T16:54:40","guid":{"rendered":"http:\/\/centralmedia.rs\/?p=4584"},"modified":"2016-09-05T16:58:48","modified_gmt":"2016-09-05T16:58:48","slug":"zavrsena-20-letnja-scena-kud-kablovi-folklor-ima-buducnost","status":"publish","type":"post","link":"https:\/\/centralmedia.rs\/index.php\/2016\/09\/05\/zavrsena-20-letnja-scena-kud-kablovi-folklor-ima-buducnost\/","title":{"rendered":"ZAVR\u0160ENA 20. LETNJA SCENA KUD KABLOVI &#8211; FOLKLOR IMA BUDU\u0106NOST"},"content":{"rendered":"<p>JAGODINA-Svakog ponedeljka, tokom 20 Letnjih scena KUD Kablovi, gra\u0111ani Jagodine bili su prilici da vide svo bogatstvo folkolorne umetnosti Srbije, ali i susednih dr\u017eava. Ovogodi\u0161nja manifestacija zavr\u0161ena je nastupom prvog ansambla KUD Kablovi.<br \/>\n-Tradicija je da se svakog ponedeljka leti gra\u0111ani okupe kod biv\u0161eg hotela Srbija i u\u017eivaju u folkoloru. Ovog leta imali smo goste iz svih krajeva Srbije i Makedonije. Tu se okupi i po 300 posetilaca po ve\u010deri. Re\u010d je o publici koja voli folklorne  nastupe, ka\u017ee predsednik KUD Kablovi Oliver Jovanovski. <div id='gallery-1' class='gallery galleryid-4584 gallery-columns-3 gallery-size-full'><figure class='gallery-item'>\n\t\t\t<div class='gallery-icon landscape'>\n\t\t\t\t<a href='https:\/\/centralmedia.rs\/index.php\/2016\/09\/05\/zavrsena-20-letnja-scena-kud-kablovi-folklor-ima-buducnost\/kud-2\/'><img loading=\"lazy\" decoding=\"async\" width=\"960\" height=\"720\" src=\"https:\/\/centralmedia.rs\/wp-content\/uploads\/2016\/09\/kud.jpg\" class=\"attachment-full size-full\" alt=\"\" srcset=\"https:\/\/centralmedia.rs\/wp-content\/uploads\/2016\/09\/kud.jpg 960w, https:\/\/centralmedia.rs\/wp-content\/uploads\/2016\/09\/kud-300x225.jpg 300w, https:\/\/centralmedia.rs\/wp-content\/uploads\/2016\/09\/kud-768x576.jpg 768w, https:\/\/centralmedia.rs\/wp-content\/uploads\/2016\/09\/kud-80x60.jpg 80w, https:\/\/centralmedia.rs\/wp-content\/uploads\/2016\/09\/kud-265x198.jpg 265w\" sizes=\"(max-width: 960px) 100vw, 960px\" \/><\/a>\n\t\t\t<\/div><\/figure><figure class='gallery-item'>\n\t\t\t<div class='gallery-icon landscape'>\n\t\t\t\t<a href='https:\/\/centralmedia.rs\/index.php\/2016\/09\/05\/zavrsena-20-letnja-scena-kud-kablovi-folklor-ima-buducnost\/kud-2-2\/'><img loading=\"lazy\" decoding=\"async\" width=\"960\" height=\"720\" src=\"https:\/\/centralmedia.rs\/wp-content\/uploads\/2016\/09\/kud-2.jpg\" class=\"attachment-full size-full\" alt=\"\" srcset=\"https:\/\/centralmedia.rs\/wp-content\/uploads\/2016\/09\/kud-2.jpg 960w, https:\/\/centralmedia.rs\/wp-content\/uploads\/2016\/09\/kud-2-300x225.jpg 300w, https:\/\/centralmedia.rs\/wp-content\/uploads\/2016\/09\/kud-2-768x576.jpg 768w, https:\/\/centralmedia.rs\/wp-content\/uploads\/2016\/09\/kud-2-80x60.jpg 80w, https:\/\/centralmedia.rs\/wp-content\/uploads\/2016\/09\/kud-2-265x198.jpg 265w\" sizes=\"(max-width: 960px) 100vw, 960px\" \/><\/a>\n\t\t\t<\/div><\/figure><figure class='gallery-item'>\n\t\t\t<div class='gallery-icon landscape'>\n\t\t\t\t<a href='https:\/\/centralmedia.rs\/index.php\/2016\/09\/05\/zavrsena-20-letnja-scena-kud-kablovi-folklor-ima-buducnost\/kud-3\/'><img loading=\"lazy\" decoding=\"async\" width=\"960\" height=\"720\" src=\"https:\/\/centralmedia.rs\/wp-content\/uploads\/2016\/09\/kud-3.jpg\" class=\"attachment-full size-full\" alt=\"\" srcset=\"https:\/\/centralmedia.rs\/wp-content\/uploads\/2016\/09\/kud-3.jpg 960w, https:\/\/centralmedia.rs\/wp-content\/uploads\/2016\/09\/kud-3-300x225.jpg 300w, https:\/\/centralmedia.rs\/wp-content\/uploads\/2016\/09\/kud-3-768x576.jpg 768w, https:\/\/centralmedia.rs\/wp-content\/uploads\/2016\/09\/kud-3-80x60.jpg 80w, https:\/\/centralmedia.rs\/wp-content\/uploads\/2016\/09\/kud-3-265x198.jpg 265w\" sizes=\"(max-width: 960px) 100vw, 960px\" \/><\/a>\n\t\t\t<\/div><\/figure>\n\t\t<\/div>\n<br \/>\nKUD Kablovi  se trudi da opstane u te\u0161kim uslovima, presudne su volja i \u017eelja kod mladih da o\u010duvaju dru\u0161tvo.<br \/>\n-Sami finansiraju svoja putovanja. Nemamo dotacije, \u010dlanovi sami odr\u017eaju prostorije i no\u0161nje. Velika je \u017eelja da dru\u0161tvo opstane. Ove godine navr\u0161ilo se 64 godine postojanja, \u0161to je du\u017ea tradicija od same Fabrike kablova koja obele\u017eava 61. godinu. Osnova\u010di dru\u0161tva su akcija\u0161i koji u gradili fabriku. Fabrika unazad nekoliko godina vi\u0161e ne poma\u017ee rad dru\u0161tva. Hvala im na prostoru, a za ostalo moramo sami da se sna\u0111emo. Imamo preko 200 \u010dlanova, svi programi funkcini\u0161u, obja\u0161njava Jovanovski.<br \/>\nTemelj kulture grada Jagodina predstavljaju programi KUD Kablovi.<br \/>\n-Na\u0161 folklor je jedini u gradu, kao i likovna kolonija u na\u0161oj organizaciji. Dramska sekcija se utopila u Gradsko pozori\u0161te, a sli\u010dno je sa piscima koji su u KK \u0110ura Jak\u0161i\u0107.  Jedinstveni smo sa programom, jer to niko ne radi u gradu. Odr\u017eavamo program na ,,mi\u0161i\u0107e\u201c, ali nekako uspevamo da zadr\u017eimo kontinuitet, pri\u010da Jovanovski.<br \/>\nFolklor tokom godine realizuje koncerte van Jagodine i Srbije. Pet ansambala KUD Kablovi redovno prikazuje svoje ume\u0107e.<br \/>\n-Mla\u0111i ansambili su gostovali u Slova\u010dkoj i Bugarskoj, prvi andambl je bio na turneji u Italiji, a najmla\u0111i je nastupao u Del\u010devu u Makedoniji. Svi ansambili imaju bar po jednu inostranu turneju godi\u0161nje. Prvi ansambl je nastupao u 7 gradova u Italiji, na festivalu u Avijanu u\u010desnici su bili grupe iz Rusije, Indonezije, Meksika, Rumunije i dve iz Italije. Italijani vole folkolor i veoma su pose\u0107eni festivali. Dobro smo prihva\u0107eni, imamo atraktivan folkolor, lepe kostime, svaku igru prati novi kostim, to je bogatstvo kostima, raznovrsnost igara i muzike, zaklju\u010duje Jovanovski.<div id='gallery-2' class='gallery galleryid-4584 gallery-columns-3 gallery-size-full'><figure class='gallery-item'>\n\t\t\t<div class='gallery-icon landscape'>\n\t\t\t\t<a href='https:\/\/centralmedia.rs\/index.php\/2016\/09\/05\/zavrsena-20-letnja-scena-kud-kablovi-folklor-ima-buducnost\/kolonija\/'><img loading=\"lazy\" decoding=\"async\" width=\"900\" height=\"675\" src=\"https:\/\/centralmedia.rs\/wp-content\/uploads\/2016\/09\/kolonija.jpg\" class=\"attachment-full size-full\" alt=\"\" srcset=\"https:\/\/centralmedia.rs\/wp-content\/uploads\/2016\/09\/kolonija.jpg 900w, https:\/\/centralmedia.rs\/wp-content\/uploads\/2016\/09\/kolonija-300x225.jpg 300w, https:\/\/centralmedia.rs\/wp-content\/uploads\/2016\/09\/kolonija-768x576.jpg 768w, https:\/\/centralmedia.rs\/wp-content\/uploads\/2016\/09\/kolonija-80x60.jpg 80w, https:\/\/centralmedia.rs\/wp-content\/uploads\/2016\/09\/kolonija-265x198.jpg 265w\" sizes=\"(max-width: 900px) 100vw, 900px\" \/><\/a>\n\t\t\t<\/div><\/figure><figure class='gallery-item'>\n\t\t\t<div class='gallery-icon landscape'>\n\t\t\t\t<a href='https:\/\/centralmedia.rs\/index.php\/2016\/09\/05\/zavrsena-20-letnja-scena-kud-kablovi-folklor-ima-buducnost\/kolonija-1\/'><img loading=\"lazy\" decoding=\"async\" width=\"900\" height=\"675\" src=\"https:\/\/centralmedia.rs\/wp-content\/uploads\/2016\/09\/kolonija-1.jpg\" class=\"attachment-full size-full\" alt=\"\" srcset=\"https:\/\/centralmedia.rs\/wp-content\/uploads\/2016\/09\/kolonija-1.jpg 900w, https:\/\/centralmedia.rs\/wp-content\/uploads\/2016\/09\/kolonija-1-300x225.jpg 300w, https:\/\/centralmedia.rs\/wp-content\/uploads\/2016\/09\/kolonija-1-768x576.jpg 768w, https:\/\/centralmedia.rs\/wp-content\/uploads\/2016\/09\/kolonija-1-80x60.jpg 80w, https:\/\/centralmedia.rs\/wp-content\/uploads\/2016\/09\/kolonija-1-265x198.jpg 265w\" sizes=\"(max-width: 900px) 100vw, 900px\" \/><\/a>\n\t\t\t<\/div><\/figure><figure class='gallery-item'>\n\t\t\t<div class='gallery-icon landscape'>\n\t\t\t\t<a href='https:\/\/centralmedia.rs\/index.php\/2016\/09\/05\/zavrsena-20-letnja-scena-kud-kablovi-folklor-ima-buducnost\/kolonija-2\/'><img loading=\"lazy\" decoding=\"async\" width=\"900\" height=\"675\" src=\"https:\/\/centralmedia.rs\/wp-content\/uploads\/2016\/09\/kolonija-2.jpg\" class=\"attachment-full size-full\" alt=\"\" srcset=\"https:\/\/centralmedia.rs\/wp-content\/uploads\/2016\/09\/kolonija-2.jpg 900w, https:\/\/centralmedia.rs\/wp-content\/uploads\/2016\/09\/kolonija-2-300x225.jpg 300w, https:\/\/centralmedia.rs\/wp-content\/uploads\/2016\/09\/kolonija-2-768x576.jpg 768w, https:\/\/centralmedia.rs\/wp-content\/uploads\/2016\/09\/kolonija-2-80x60.jpg 80w, https:\/\/centralmedia.rs\/wp-content\/uploads\/2016\/09\/kolonija-2-265x198.jpg 265w\" sizes=\"(max-width: 900px) 100vw, 900px\" \/><\/a>\n\t\t\t<\/div><\/figure>\n\t\t<\/div>\n<br \/>\nSLIKARSKA KOLONIJA KUD KABLOVI<br \/>\nJAGODINA-Slikarska kolonija u organizaciji KUD Kablovi odr\u017eana je 21 put, u\u010destvovalo 13 u\u010desnika iz centralne Srbije. Re\u010d je o akademskim i samoukim u\u010desnicima.<br \/>\n-Umetnici se rado odazivaju i vole da do\u0111u ovde. Najstariji u\u010desenik Ra\u0161a iz Kragujevca, koji je do sada bio na 200 kolonija, rekao da mnogo voli i da ga vu\u010de da do\u0111e na koloniju Kablova. Preko 200 slika u fundusu je sa kolonija, pri\u010da Jovanovski.<br \/>\nIzlo\u017eba sa kolonije bi\u0107e organizovana pred godi\u0161nji koncert KUD Kablova 12 decembra u Kulturnom centru, tada \u0107e biti objavljen katalog izlo\u017ebe. <\/p>\n","protected":false},"excerpt":{"rendered":"<p>JAGODINA-Svakog ponedeljka, tokom 20 Letnjih scena KUD Kablovi, gra\u0111ani Jagodine bili su prilici da vide svo bogatstvo folkolorne umetnosti Srbije, ali i susednih dr\u017eava. Ovogodi\u0161nja &hellip; <\/p>\n","protected":false},"author":4,"featured_media":4585,"comment_status":"open","ping_status":"open","sticky":false,"template":"","format":"standard","meta":{"footnotes":""},"categories":[2,15,12],"tags":[1199,58,1089],"_links":{"self":[{"href":"https:\/\/centralmedia.rs\/index.php\/wp-json\/wp\/v2\/posts\/4584"}],"collection":[{"href":"https:\/\/centralmedia.rs\/index.php\/wp-json\/wp\/v2\/posts"}],"about":[{"href":"https:\/\/centralmedia.rs\/index.php\/wp-json\/wp\/v2\/types\/post"}],"author":[{"embeddable":true,"href":"https:\/\/centralmedia.rs\/index.php\/wp-json\/wp\/v2\/users\/4"}],"replies":[{"embeddable":true,"href":"https:\/\/centralmedia.rs\/index.php\/wp-json\/wp\/v2\/comments?post=4584"}],"version-history":[{"count":0,"href":"https:\/\/centralmedia.rs\/index.php\/wp-json\/wp\/v2\/posts\/4584\/revisions"}],"wp:featuredmedia":[{"embeddable":true,"href":"https:\/\/centralmedia.rs\/index.php\/wp-json\/wp\/v2\/media\/4585"}],"wp:attachment":[{"href":"https:\/\/centralmedia.rs\/index.php\/wp-json\/wp\/v2\/media?parent=4584"}],"wp:term":[{"taxonomy":"category","embeddable":true,"href":"https:\/\/centralmedia.rs\/index.php\/wp-json\/wp\/v2\/categories?post=4584"},{"taxonomy":"post_tag","embeddable":true,"href":"https:\/\/centralmedia.rs\/index.php\/wp-json\/wp\/v2\/tags?post=4584"}],"curies":[{"name":"wp","href":"https:\/\/api.w.org\/{rel}","templated":true}]}}