{"id":4606,"date":"2016-09-06T14:16:07","date_gmt":"2016-09-06T14:16:07","guid":{"rendered":"http:\/\/centralmedia.rs\/?p=4606"},"modified":"2016-09-06T14:16:07","modified_gmt":"2016-09-06T14:16:07","slug":"zavrsen-socijalni-program-fabrika-kablova-ima-buducnost","status":"publish","type":"post","link":"https:\/\/centralmedia.rs\/index.php\/2016\/09\/06\/zavrsen-socijalni-program-fabrika-kablova-ima-buducnost\/","title":{"rendered":"ZAVR\u0160EN SOCIJALNI PROGRAM &#8211; FABRIKA KABLOVA  IMA BUDU\u0106NOST"},"content":{"rendered":"<p>JAGODINA-Dobrovoljnim odlaskom 731. radnika, uz otpremnine, zavr\u0161en je socijalni program u Fabrici kablova u Jagodini, dok je preko 350 nastavilo da radi, izjavio je danas \u010dlan Komisije za sprovo\u0111enje tog programa i predsednik Sindikata Oliver Jovanovski. Do kraja septembra trebalo bi da Trgovinski sud u Kragujevcu donese odluku o predlogu Unapred prirpemljenog programa reorganizacije.<br \/>\n\t-Usvajenje UPPR garantuje budu\u0107nost  Fabrici kablova.  Verujemo da \u0107e fabrika mo\u0107i da se reorganizuje i radi u novim uslovima. Najbitnije je da ima poslova, da nije prestajala proizvodnja, trenutno radimo kablove za Rusiju, Ma\u0111arsku i ostale zemlje Evrope, kao i doma\u0107e kupce. Kupci imaju poverenje u nas, sklapaju se novi poslovi, pri\u010da Jovanovski.<br \/>\nUPPR predvi\u0111a da se istorijski dugovi konvertuju u akcije, a najve\u0107i vlasnik sa 65 odsto bi\u0107e dr\u017eava,dok \u0107e radnici na osnovu duga dobiti 22 odsto akcija.<br \/>\n        -Bi\u0107emo za\u0161ti\u0107eni od poverilaca i mo\u0107i\u0107emo nesmetano da radimo. UPPR zna\u010di pripremu za privatizaciju preduze\u0107a i dr\u017eava mo\u017ee da nas privatizuje \u010dim se uka\u017ee prilika. Poverioci \u0107e se napla\u0107ivati iz privatizacionih prihoda, ali ne mogu sudski i parcijalno da se napla\u0107uju. Fabrika \u0107e od usvajanja UPPR morati da po\u0161tuje sve obaveze prema dr\u017eavi i redovno namiruje ra\u010dune, to je ujedno i uslov za u\u010destvovanje na tenderima javnih preduze\u0107a, obja\u0161njava Jovanovski.<br \/>\n        UPPR predvi\u0111a upo\u0161ljavanje 650 radnika. Me\u0111utim, nova zapo\u0161ljavanja zavise od pove\u0107anja proizvodnje kablova, ukoliko bude novih ugovora bi\u0107e i potrebe za upo\u0161ljavanjem novih radnika.<br \/>\n       -Fabrika kablova ponovo postaje zamajac razvoja Jagodine. Nadamo se i trudimo da se to dogodi, da ne do\u0111emo do scenarija ,,bila jednom jedna fabrika\u201c. \u017delimo da fabrika postoji i u budu\u0107nosti, da se ljudi zapo\u0161ljavaju i rade, zaklju\u010dio   Jovanovski.<\/p>\n","protected":false},"excerpt":{"rendered":"<p>JAGODINA-Dobrovoljnim odlaskom 731. radnika, uz otpremnine, zavr\u0161en je socijalni program u Fabrici kablova u Jagodini, dok je preko 350 nastavilo da radi, izjavio je danas &hellip; <\/p>\n","protected":false},"author":4,"featured_media":4094,"comment_status":"open","ping_status":"open","sticky":false,"template":"","format":"standard","meta":{"footnotes":""},"categories":[22,2],"tags":[368,58,1201],"_links":{"self":[{"href":"https:\/\/centralmedia.rs\/index.php\/wp-json\/wp\/v2\/posts\/4606"}],"collection":[{"href":"https:\/\/centralmedia.rs\/index.php\/wp-json\/wp\/v2\/posts"}],"about":[{"href":"https:\/\/centralmedia.rs\/index.php\/wp-json\/wp\/v2\/types\/post"}],"author":[{"embeddable":true,"href":"https:\/\/centralmedia.rs\/index.php\/wp-json\/wp\/v2\/users\/4"}],"replies":[{"embeddable":true,"href":"https:\/\/centralmedia.rs\/index.php\/wp-json\/wp\/v2\/comments?post=4606"}],"version-history":[{"count":0,"href":"https:\/\/centralmedia.rs\/index.php\/wp-json\/wp\/v2\/posts\/4606\/revisions"}],"wp:featuredmedia":[{"embeddable":true,"href":"https:\/\/centralmedia.rs\/index.php\/wp-json\/wp\/v2\/media\/4094"}],"wp:attachment":[{"href":"https:\/\/centralmedia.rs\/index.php\/wp-json\/wp\/v2\/media?parent=4606"}],"wp:term":[{"taxonomy":"category","embeddable":true,"href":"https:\/\/centralmedia.rs\/index.php\/wp-json\/wp\/v2\/categories?post=4606"},{"taxonomy":"post_tag","embeddable":true,"href":"https:\/\/centralmedia.rs\/index.php\/wp-json\/wp\/v2\/tags?post=4606"}],"curies":[{"name":"wp","href":"https:\/\/api.w.org\/{rel}","templated":true}]}}