{"id":46074,"date":"2026-08-24T19:44:06","date_gmt":"2026-08-24T17:44:06","guid":{"rendered":"https:\/\/centralmedia.rs\/?p=46074"},"modified":"2026-08-31T19:44:17","modified_gmt":"2026-08-31T17:44:17","slug":"jagodina-bez-restrikcija-vode-i-vecih-pozara-uprkos-tropskim-temperaturama","status":"publish","type":"post","link":"https:\/\/centralmedia.rs\/index.php\/2026\/08\/24\/jagodina-bez-restrikcija-vode-i-vecih-pozara-uprkos-tropskim-temperaturama\/","title":{"rendered":"Jagodina bez restrikcija vode i ve\u0107ih po\u017eara, uprkos tropskim temperaturama"},"content":{"rendered":"\n<p>Dok se \u0161irom Evrope bele\u017ee ekstremno visoke temperature, problemi sa vodosnabdevanjem i po\u017earima, Jagodina za sada uspeva da funkcioni\u0161e bez restrikcija i isklju\u010denja vode, kao i bez po\u017eara ve\u0107ih <a href=\"https:\/\/l.facebook.com\/l.php?u=http%3A%2F%2Frazmera.Na%2F%3Ffbclid%3DIwcGRvZgFleHRuA2FlbQIxMABicmlkETFWV3JGZkl4S1FVdDhYYVBOc3J0YwZhcHBfaWQQMjIyMDM5MTc4ODIwMDg5MgABHoqR9F-8BBt9xC0BJbYdpj6KIoz7ZxSFHMIzoloIuoDj4uhBdiWytKbIxbfa_aem_yLQyT7vZmmKtF2MqtyB3Bw&amp;h=AUAe_GxKeKqECCw7LmYwHg-4sb_njGDuNN68htInKpx-29fkPlAoIIUQ3ZbdYvXZnCbUv-dWMhW46mGdcBVX2WThDvbVKeBVBxylFGWgXPBUv-WvvW1MkJdTb3j49yxdf7NfLy-hQwB07w&amp;__tn__=-UK-R&amp;c[0]=AUDIJ1suPLJVAgTMJe6Lcq6Zt2ZYuT1Se_sgCUzDQkTF5nMIOcnzU3JbkTapXbM-u1xqinLBwIEGBRlUtte6UjzROOCC-uyzct0_kIj9YjNDV0LDcOHv1t2XgZdNETG3SY7H2X3FsAtFjn5V_S8lYy5PGyo3UoTi805rWEm4rkXq3hFOKqjCfL_cxxSoJjsywTVa_ScK2QeQsOMIrmvVaYp8iw\" rel=\"noreferrer noopener\" target=\"_blank\">razmera.Na<\/a> dana\u0161njoj sednici Skup\u0161tine grada Jagodina usvojeni su predlozi akata iz oblasti finansija i javnih prihoda, iz oblaasti urbanisti\u010dkog planiranja, zatim o raspolaganju javnom svojinom, a odbornici su glasali i za neka kadrovska re\u0161enja.Ali, najva\u017enije je, konstatovali su predstavnici grada Jagodine, da i pored tropskih temperatura, koje su zahvatile Srbiju i veliki deo Evrope, do sada nije bilo ve\u0107ih problema sa vodosnabdevanjem, nije bilo bez restrikcija, niti po\u017eara ve\u0107ih razmera. Gradona\u010delnica dr Jasmina Spasojevi\u0107 i na\u010delnik Pomoravskog okruga Goran Milosavljevi\u0107.<\/p>\n","protected":false},"excerpt":{"rendered":"<p>Dok se \u0161irom Evrope bele\u017ee ekstremno visoke temperature, problemi sa vodosnabdevanjem i po\u017earima, Jagodina za sada uspeva da funkcioni\u0161e bez restrikcija i isklju\u010denja vode, kao &hellip; <\/p>\n","protected":false},"author":2,"featured_media":46075,"comment_status":"closed","ping_status":"open","sticky":false,"template":"","format":"standard","meta":{"footnotes":""},"categories":[1524,1514,13,12],"tags":[6674],"_links":{"self":[{"href":"https:\/\/centralmedia.rs\/index.php\/wp-json\/wp\/v2\/posts\/46074"}],"collection":[{"href":"https:\/\/centralmedia.rs\/index.php\/wp-json\/wp\/v2\/posts"}],"about":[{"href":"https:\/\/centralmedia.rs\/index.php\/wp-json\/wp\/v2\/types\/post"}],"author":[{"embeddable":true,"href":"https:\/\/centralmedia.rs\/index.php\/wp-json\/wp\/v2\/users\/2"}],"replies":[{"embeddable":true,"href":"https:\/\/centralmedia.rs\/index.php\/wp-json\/wp\/v2\/comments?post=46074"}],"version-history":[{"count":1,"href":"https:\/\/centralmedia.rs\/index.php\/wp-json\/wp\/v2\/posts\/46074\/revisions"}],"predecessor-version":[{"id":46076,"href":"https:\/\/centralmedia.rs\/index.php\/wp-json\/wp\/v2\/posts\/46074\/revisions\/46076"}],"wp:featuredmedia":[{"embeddable":true,"href":"https:\/\/centralmedia.rs\/index.php\/wp-json\/wp\/v2\/media\/46075"}],"wp:attachment":[{"href":"https:\/\/centralmedia.rs\/index.php\/wp-json\/wp\/v2\/media?parent=46074"}],"wp:term":[{"taxonomy":"category","embeddable":true,"href":"https:\/\/centralmedia.rs\/index.php\/wp-json\/wp\/v2\/categories?post=46074"},{"taxonomy":"post_tag","embeddable":true,"href":"https:\/\/centralmedia.rs\/index.php\/wp-json\/wp\/v2\/tags?post=46074"}],"curies":[{"name":"wp","href":"https:\/\/api.w.org\/{rel}","templated":true}]}}