{"id":46077,"date":"2026-08-26T19:46:16","date_gmt":"2026-08-26T17:46:16","guid":{"rendered":"https:\/\/centralmedia.rs\/?p=46077"},"modified":"2026-08-31T19:46:25","modified_gmt":"2026-08-31T17:46:25","slug":"podela-skolskog-pribora-i-ranceva-za-skolarce","status":"publish","type":"post","link":"https:\/\/centralmedia.rs\/index.php\/2026\/08\/26\/podela-skolskog-pribora-i-ranceva-za-skolarce\/","title":{"rendered":"PODELA \u0160KOLSKOG PRIBORA I RAN\u010cEVA ZA \u0160KOLARCE"},"content":{"rendered":"\n<p>Op\u0161tina Svilajnac obavila je podelu 146 paketa \u0161kolskog pribora za decu korisnika nov\u010dane socijalne pomo\u0107i i korisnike Centra za brigu o porodici. \u0110aci prvaci dobi\u0107e ran\u010deve, dok op\u0161tina obezbe\u0111uje i besplatnu u\u017einu, kao i boravak u vrti\u0107u za porodice sa primanjima do 120.000 dinara.<\/p>\n\n\n\n<p>Pomo\u0107 je namenjena u\u010denicima od prvog razreda osnovne do \u010detvrte godine srednje \u0161kole sa teritorije na\u0161e op\u0161tine.<\/p>\n\n\n\n<p>\u010clanica Op\u0161tinskog ve\u0107a op\u0161tine Svilajnac, Monika Petronijevi\u0107, istakla je da ova podr\u0161ka izuzetno zna\u010di porodicama, naro\u010dito onima sa vi\u0161e \u0161kolaraca:<\/p>\n\n\n\n<p>\u201eU paketima se nalazi sve \u0161to je deci potrebno za po\u010detak \u0161kolske godine \u2014 sveske, ranac za fizi\u010dko, hemijske olovke, bojice, \u0161estar, lenjiri i drugi pribor. Podela \u0107e trajati cele nedelje jer se pribor dostavlja direktno na ku\u0107nu adresu svake porodice. Akcija je po\u010dela danas i zavr\u0161ava se u petak, kako bi roditelji i deca imali dovoljno vremena da se pripreme za 1. septembar\u201c, izjavila je Petronijevi\u0107.<\/p>\n\n\n\n<p>Ona je naglasila da podela pribora predstavlja samo deo kontinuirane podr\u0161ke koju op\u0161tina pru\u017ea deci i roditeljima tokom celog \u0161kolovanja.<\/p>\n","protected":false},"excerpt":{"rendered":"<p>Op\u0161tina Svilajnac obavila je podelu 146 paketa \u0161kolskog pribora za decu korisnika nov\u010dane socijalne pomo\u0107i i korisnike Centra za brigu o porodici. \u0110aci prvaci dobi\u0107e &hellip; <\/p>\n","protected":false},"author":2,"featured_media":46078,"comment_status":"closed","ping_status":"open","sticky":false,"template":"","format":"standard","meta":{"footnotes":""},"categories":[14,1524,12,1517],"tags":[7347,38],"_links":{"self":[{"href":"https:\/\/centralmedia.rs\/index.php\/wp-json\/wp\/v2\/posts\/46077"}],"collection":[{"href":"https:\/\/centralmedia.rs\/index.php\/wp-json\/wp\/v2\/posts"}],"about":[{"href":"https:\/\/centralmedia.rs\/index.php\/wp-json\/wp\/v2\/types\/post"}],"author":[{"embeddable":true,"href":"https:\/\/centralmedia.rs\/index.php\/wp-json\/wp\/v2\/users\/2"}],"replies":[{"embeddable":true,"href":"https:\/\/centralmedia.rs\/index.php\/wp-json\/wp\/v2\/comments?post=46077"}],"version-history":[{"count":1,"href":"https:\/\/centralmedia.rs\/index.php\/wp-json\/wp\/v2\/posts\/46077\/revisions"}],"predecessor-version":[{"id":46079,"href":"https:\/\/centralmedia.rs\/index.php\/wp-json\/wp\/v2\/posts\/46077\/revisions\/46079"}],"wp:featuredmedia":[{"embeddable":true,"href":"https:\/\/centralmedia.rs\/index.php\/wp-json\/wp\/v2\/media\/46078"}],"wp:attachment":[{"href":"https:\/\/centralmedia.rs\/index.php\/wp-json\/wp\/v2\/media?parent=46077"}],"wp:term":[{"taxonomy":"category","embeddable":true,"href":"https:\/\/centralmedia.rs\/index.php\/wp-json\/wp\/v2\/categories?post=46077"},{"taxonomy":"post_tag","embeddable":true,"href":"https:\/\/centralmedia.rs\/index.php\/wp-json\/wp\/v2\/tags?post=46077"}],"curies":[{"name":"wp","href":"https:\/\/api.w.org\/{rel}","templated":true}]}}