{"id":4608,"date":"2016-09-07T08:12:29","date_gmt":"2016-09-07T08:12:29","guid":{"rendered":"http:\/\/centralmedia.rs\/?p=4608"},"modified":"2017-01-20T00:27:35","modified_gmt":"2017-01-20T00:27:35","slug":"35-maticevi-dani-u-cupriji-neda-arneric-prvi-put-pred-publikom-posle-oporavka","status":"publish","type":"post","link":"https:\/\/centralmedia.rs\/index.php\/2016\/09\/07\/35-maticevi-dani-u-cupriji-neda-arneric-prvi-put-pred-publikom-posle-oporavka\/","title":{"rendered":"35. MATI\u0106EVI DANI U \u0106UPRIJI &#8211; NEDA ARNERI\u0106 PRVI PUT PRED PUBLIKOM POSLE OPORAVKA"},"content":{"rendered":"<p>\u0106UPRIJA-Jedna od na\u0161ih najboljih glumica Neda Arneri\u0107 prvi put posle oporavka nastupi\u0107e sa kolegom fe\u0111om Stojanovi\u0107em u \u0106upriji na 35. Mati\u0107evim danima u pozori\u0161noj predstavi \u201eIzvinjavamo se, mnogo se izvinjavamo\u201c po tekstu Milana Nikoli\u0107a i re\u017eiji Erola Kadi\u0107a. Predstava je zakazana za \u010detvrtak u 20 sati u sali\u201eDu\u0161an Skovran\u201c. Ona je u posle doga\u0111aja koji se umalo zavr\u0161io tragedijom,kada je u maju pala sa terase svog stana na Vra\u010daru, bila nekoliko meseci na oporavku.<\/p>\n<p><div id='gallery-1' class='gallery galleryid-4608 gallery-columns-3 gallery-size-thumbnail'><figure class='gallery-item'>\n\t\t\t<div class='gallery-icon landscape'>\n\t\t\t\t<a href='https:\/\/centralmedia.rs\/index.php\/2016\/09\/07\/35-maticevi-dani-u-cupriji-neda-arneric-prvi-put-pred-publikom-posle-oporavka\/dusan-matic-cuprija-biblioteka\/'><img loading=\"lazy\" decoding=\"async\" width=\"150\" height=\"150\" src=\"https:\/\/centralmedia.rs\/wp-content\/uploads\/2016\/09\/dusan-matic-cuprija-biblioteka-150x150.jpg\" class=\"attachment-thumbnail size-thumbnail\" alt=\"\" \/><\/a>\n\t\t\t<\/div><\/figure><figure class='gallery-item'>\n\t\t\t<div class='gallery-icon landscape'>\n\t\t\t\t<a href='https:\/\/centralmedia.rs\/index.php\/2016\/09\/07\/35-maticevi-dani-u-cupriji-neda-arneric-prvi-put-pred-publikom-posle-oporavka\/maticevi-dani-cuprija-biblioteka\/'><img loading=\"lazy\" decoding=\"async\" width=\"150\" height=\"150\" src=\"https:\/\/centralmedia.rs\/wp-content\/uploads\/2016\/09\/maticevi-dani-cuprija-biblioteka-150x150.jpg\" class=\"attachment-thumbnail size-thumbnail\" alt=\"\" \/><\/a>\n\t\t\t<\/div><\/figure><figure class='gallery-item'>\n\t\t\t<div class='gallery-icon landscape'>\n\t\t\t\t<a href='https:\/\/centralmedia.rs\/index.php\/2016\/09\/07\/35-maticevi-dani-u-cupriji-neda-arneric-prvi-put-pred-publikom-posle-oporavka\/najava-cuprija\/'><img loading=\"lazy\" decoding=\"async\" width=\"150\" height=\"150\" src=\"https:\/\/centralmedia.rs\/wp-content\/uploads\/2016\/09\/najava-cuprija--150x150.jpg\" class=\"attachment-thumbnail size-thumbnail\" alt=\"\" \/><\/a>\n\t\t\t<\/div><\/figure>\n\t\t<\/div>\n<br \/>\nIna\u010de,u Muzeju \u201eHoreum Margi \u2013Ravno\u201c u \u0106upriji ve\u010deras u 18 sati sve\u010dano \u0107e biti otvoreni 35. Mati\u0107evi dani. Mati\u0107eve dane otvara predstavnik Op\u0161tine \u0106uprija, a izlo\u017ebu \u201eDu\u0161an Mati\u0107 u nadrealizmu\u201c otvori\u0107e Aleksandra Mir\u010di\u0107, kustos Muzeja savremene umetnosti u Beogradu. Izlo\u017eba je deo projekta ,,Evropski kontekst srpskog nadrealizma\u201d.<br \/>\nZa petak je predvi\u0111eno da u amfiteatru Moravskog parka nastupi Hor \u010carolija i Leontina Vukomanovi\u0107, kao i poetsko ve\u010de \u201eVe\u010diti plamen\u201c na kome u\u010destvuju<br \/>\n\u010dlanovi Knji\u017eevnog kluba \u201eDu\u0161an Mati\u0107\u201c, pesnici iz Pomoravskog okruga i gosti iz Subotice.<br \/>\nU ponedeljak \u0107e u Narodnoj biblioteci \u201eDu\u0161an Mati\u0107\u201c biti predstavljena knjiga Radovana Popovi\u0107a \u201ePri\u010da o Du\u0161anu Mati\u0107u\u201c, dok \u0107e u sali \u201eDu\u0161an Skovran\u201c biti odr\u017ean koncert kamernog orkestra ,,Guda\u010di Svetog \u0110or\u0111a\u201d iz Beograda.<br \/>\nU utorak je predvi\u0111en Okrugli sto na temu \u201eMati\u0107eva ogledala\u201c uz u\u010de\u0161\u0107e najeminentnijih poznavalava i istra\u017eiva\u010da Mati\u0107evog dela i njegovog uticaja na srpsku knji\u017eevnost. Posle toga usledi\u0107e dodela knji\u017eevne nagrade \u201eMati\u0107ev \u0161al\u201c<br \/>\nU sredu \u0107e u Muzeju \u201eHoreum Margi \u2013 Ravno\u201c biti otvorena izlo\u017eba umetni\u010dkih dela nastalih po motivima iz stvarala\u0161tva Du\u0161ana Mati\u0107a koji su prispeli na konkurs \u201eMati\u0107u u \u010dast\u201c , kao i progla\u0161enje najboljeg umetni\u010dkog dela prispelog na konkurs. U muzi\u010dkom delu u\u010destvuju u\u010denici \u0160kole za muzi\u010dke talente.<\/p>\n<p><strong><em>Pozitivni primeri Razglednica iz <\/em><\/strong><strong><em>\u0106uprije<\/em><\/strong><strong><em> \u2013 Projekat se realizuje uz pomo\u0107 sredstava iz bud\u017eeta Op\u0161tine \u0106uprija.<\/em><\/strong><\/p>\n","protected":false},"excerpt":{"rendered":"<p>\u0106UPRIJA-Jedna od na\u0161ih najboljih glumica Neda Arneri\u0107 prvi put posle oporavka nastupi\u0107e sa kolegom fe\u0111om Stojanovi\u0107em u \u0106upriji na 35. Mati\u0107evim danima u pozori\u0161noj predstavi &hellip; <\/p>\n","protected":false},"author":4,"featured_media":4609,"comment_status":"open","ping_status":"open","sticky":false,"template":"","format":"standard","meta":{"footnotes":""},"categories":[1515,1524,2,15,887,12],"tags":[44,1202,1203],"_links":{"self":[{"href":"https:\/\/centralmedia.rs\/index.php\/wp-json\/wp\/v2\/posts\/4608"}],"collection":[{"href":"https:\/\/centralmedia.rs\/index.php\/wp-json\/wp\/v2\/posts"}],"about":[{"href":"https:\/\/centralmedia.rs\/index.php\/wp-json\/wp\/v2\/types\/post"}],"author":[{"embeddable":true,"href":"https:\/\/centralmedia.rs\/index.php\/wp-json\/wp\/v2\/users\/4"}],"replies":[{"embeddable":true,"href":"https:\/\/centralmedia.rs\/index.php\/wp-json\/wp\/v2\/comments?post=4608"}],"version-history":[{"count":0,"href":"https:\/\/centralmedia.rs\/index.php\/wp-json\/wp\/v2\/posts\/4608\/revisions"}],"wp:featuredmedia":[{"embeddable":true,"href":"https:\/\/centralmedia.rs\/index.php\/wp-json\/wp\/v2\/media\/4609"}],"wp:attachment":[{"href":"https:\/\/centralmedia.rs\/index.php\/wp-json\/wp\/v2\/media?parent=4608"}],"wp:term":[{"taxonomy":"category","embeddable":true,"href":"https:\/\/centralmedia.rs\/index.php\/wp-json\/wp\/v2\/categories?post=4608"},{"taxonomy":"post_tag","embeddable":true,"href":"https:\/\/centralmedia.rs\/index.php\/wp-json\/wp\/v2\/tags?post=4608"}],"curies":[{"name":"wp","href":"https:\/\/api.w.org\/{rel}","templated":true}]}}