{"id":46080,"date":"2026-08-26T19:48:20","date_gmt":"2026-08-26T17:48:20","guid":{"rendered":"https:\/\/centralmedia.rs\/?p=46080"},"modified":"2026-08-31T19:48:28","modified_gmt":"2026-08-31T17:48:28","slug":"manastir-manasija-dobija-novi-sjaj-drzava-ulaze-preko-milijardu-dinara-u-najvecu-obnovu-do-sada","status":"publish","type":"post","link":"https:\/\/centralmedia.rs\/index.php\/2026\/08\/26\/manastir-manasija-dobija-novi-sjaj-drzava-ulaze-preko-milijardu-dinara-u-najvecu-obnovu-do-sada\/","title":{"rendered":"Manastir Manasija dobija novi sjaj: Dr\u017eava ula\u017ee preko milijardu dinara u najve\u0107u obnovu do sada"},"content":{"rendered":"\n<p>Ministarstvo kulture opredelilo je vi\u0161e od 463 miliona dinara za nastavak projekta za\u0161tite i prezentacije manastira Manasija, zadu\u017ebine despota Stefana Lazarevi\u0107a. Ova investicija, deo trogodi\u0161njeg plana vrednog preko milijardu dinara, najve\u0107e je pojedina\u010dno ulaganje dr\u017eave u jedan spomenik kulture u poslednjih nekoliko decenija.<\/p>\n\n\n\n<p>Ugovor o prenosu sredstava u iznosu od 463.910.000 dinara potpisali su ministar kulture Nikola Selakovi\u0107 i iguman manastira Manasija, protosin\u0111el Pavle. Ovim je, zajedno sa sredstvima upla\u0107enim u decembru pro\u0161le godine, dr\u017eava za obnovu ovog bisera srednjovekovne Srbije obezbedila ukupno 553,6 miliona dinara u poslednjih devet meseci. Projekat obuhvata sveobuhvatnu obnovu manastirskog kompleksa, sa ciljem da Manasija do\u010deka veliki jubilej 2027. godine u punom <a href=\"https:\/\/l.facebook.com\/l.php?u=http%3A%2F%2Fsjaju.Sa%2F%3Ffbclid%3DIwcGRvZgFleHRuA2FlbQIxMABicmlkETFWV3JGZkl4S1FVdDhYYVBOc3J0YwZhcHBfaWQQMjIyMDM5MTc4ODIwMDg5MgABHnuzOMY7_2jQK1g74DMOpxQhcXPVX2pnKovA8_Xzuz_G40-19zQWnjJy9USw_aem_F9UXLR8fx3ZQqdbdTul_3w&amp;h=AUB8VOQZ5M9_iqVIDeDvEXG-0nKzCvUuZkkJtqdgNd9Y5Ztw8kunronr39wAjOE8OsWc3XlsXQbKIYWvGw1DC1Qf3FRXJQGwRX0KPybPzhiN4qXfp_fxmnuvZxZfgJuEE445uwntFt1FYQ&amp;__tn__=-UK-R&amp;c[0]=AUDiK-vfgC_kOrjnvWY56mQ30NDK3FzQSc2vgBKGborGBq4qLZl760Ud_vXSLy85Dc-fL-k8qsEWgmdyVkXHdmqcqcvJ3DBuCF01b4GTEifVBWYbQmBFRTHjLyL_CSWe_HGZtejwOlX93ZhYQSuiPa8liRrqAsAn-w4G9q7dtM98WtTSV-3X2dK9G0k4IYo0qs3Rxov0gvO9KcAdaMlHf05g6g\" rel=\"noreferrer noopener\" target=\"_blank\">sjaju.Sa<\/a> sredstvima koja \u0107emo preneti u narednoj godini, dr\u017eava \u0107e u Manasiju ulo\u017eiti ukupno milijardu i 46 miliona dinara&#8221;, naglasio je Selakovi\u0107.<\/p>\n\n\n\n<p>Glavni pokreta\u010d ovako obimnog projekta je priprema za 2027. godinu, kada \u0107e se obele\u017eiti dva zna\u010dajna jubileja \u2013 650 godina od ro\u0111enja i 600 godina od smrti Svetog despota Stefana Lazarevi\u0107a. Sin kneza Lazara i kneginje Milice, despot Stefan bio je jedan od najprosve\u0107enijih vladara svoga doba, vitez \u010duvenog Zmajevog reda, veliki graditelj, ali i talentovani pisac.<\/p>\n","protected":false},"excerpt":{"rendered":"<p>Ministarstvo kulture opredelilo je vi\u0161e od 463 miliona dinara za nastavak projekta za\u0161tite i prezentacije manastira Manasija, zadu\u017ebine despota Stefana Lazarevi\u0107a. Ova investicija, deo trogodi\u0161njeg &hellip; <\/p>\n","protected":false},"author":2,"featured_media":46081,"comment_status":"closed","ping_status":"open","sticky":false,"template":"","format":"standard","meta":{"footnotes":""},"categories":[1518,1524,15,12],"tags":[54],"_links":{"self":[{"href":"https:\/\/centralmedia.rs\/index.php\/wp-json\/wp\/v2\/posts\/46080"}],"collection":[{"href":"https:\/\/centralmedia.rs\/index.php\/wp-json\/wp\/v2\/posts"}],"about":[{"href":"https:\/\/centralmedia.rs\/index.php\/wp-json\/wp\/v2\/types\/post"}],"author":[{"embeddable":true,"href":"https:\/\/centralmedia.rs\/index.php\/wp-json\/wp\/v2\/users\/2"}],"replies":[{"embeddable":true,"href":"https:\/\/centralmedia.rs\/index.php\/wp-json\/wp\/v2\/comments?post=46080"}],"version-history":[{"count":1,"href":"https:\/\/centralmedia.rs\/index.php\/wp-json\/wp\/v2\/posts\/46080\/revisions"}],"predecessor-version":[{"id":46082,"href":"https:\/\/centralmedia.rs\/index.php\/wp-json\/wp\/v2\/posts\/46080\/revisions\/46082"}],"wp:featuredmedia":[{"embeddable":true,"href":"https:\/\/centralmedia.rs\/index.php\/wp-json\/wp\/v2\/media\/46081"}],"wp:attachment":[{"href":"https:\/\/centralmedia.rs\/index.php\/wp-json\/wp\/v2\/media?parent=46080"}],"wp:term":[{"taxonomy":"category","embeddable":true,"href":"https:\/\/centralmedia.rs\/index.php\/wp-json\/wp\/v2\/categories?post=46080"},{"taxonomy":"post_tag","embeddable":true,"href":"https:\/\/centralmedia.rs\/index.php\/wp-json\/wp\/v2\/tags?post=46080"}],"curies":[{"name":"wp","href":"https:\/\/api.w.org\/{rel}","templated":true}]}}