{"id":46086,"date":"2026-08-26T23:39:59","date_gmt":"2026-08-26T21:39:59","guid":{"rendered":"https:\/\/centralmedia.rs\/?p=46086"},"modified":"2026-08-31T23:40:08","modified_gmt":"2026-08-31T21:40:08","slug":"starcevic-jedinstvena-srbija-nece-ucestvovati-u-deobi-gradana-podrzace-sve-sto-je-u-interesu-gradana-srbije","status":"publish","type":"post","link":"https:\/\/centralmedia.rs\/index.php\/2026\/08\/26\/starcevic-jedinstvena-srbija-nece-ucestvovati-u-deobi-gradana-podrzace-sve-sto-je-u-interesu-gradana-srbije\/","title":{"rendered":"STAR\u010cEVI\u0106: Jedinstvena Srbija ne\u0107e u\u010destvovati u deobi gra\u0111ana \u2013 podr\u017ea\u0107e sve \u0161to je u interesu gra\u0111ana Srbije"},"content":{"rendered":"\n<p>-Jedinstvena Srbija \u0107e u danu za glasanje podr\u017eati sve ta\u010dke dnevnog reda &#8211; poru\u010dio je na dana\u0161njoj sednici Skup\u0161tine Srbije zamenik predsednika Poslani\u010dke grupe \u201cDragan Markovi\u0107 Palma \u2013 Jedinstvena Srbija\u201d \u017divota Star\u010devi\u0107.<\/p>\n\n\n\n<p>-Na to nas obavezuje program stranke i mi \u0107emo gledati kako da, u skladu sa svojim mogu\u0107nostima, poverenjem naroda i sposobnostima, pomognemo gra\u0111anima Srbije, jer, kako je pokojni Dragan Markovi\u0107 Palma rekao, \u201eosnovni zadatak svake politike jeste pobolj\u0161anje kvaliteta \u017eivota svakog gra\u0111anina\u201c. I to mora biti prvo na pameti i na umu svakoga ko pledira da se bavi politikom. Sve ostalo, stran\u010darenje i ostalo, ne\u0161to je \u0161to je iza tog prioriteta. Jedinstvena Srbija \u0107e u danu za glasanje podr\u017eati sve ta\u010dke dnevnog reda i ja \u0107u se danas u svom izlaganju, pre svega osvrnuti, na ovu prvu ta\u010dku, odnosno na prve ta\u010dke dnevnog reda, sve koje se odnose na bud\u017eet i na ono \u0161to \u010dini \u017eivot na\u0161e dr\u017eave i gra\u0111ana Srbije.<\/p>\n","protected":false},"excerpt":{"rendered":"<p>-Jedinstvena Srbija \u0107e u danu za glasanje podr\u017eati sve ta\u010dke dnevnog reda &#8211; poru\u010dio je na dana\u0161njoj sednici Skup\u0161tine Srbije zamenik predsednika Poslani\u010dke grupe \u201cDragan &hellip; <\/p>\n","protected":false},"author":2,"featured_media":46087,"comment_status":"closed","ping_status":"open","sticky":false,"template":"","format":"standard","meta":{"footnotes":""},"categories":[1524,1514,13,12],"tags":[7349],"_links":{"self":[{"href":"https:\/\/centralmedia.rs\/index.php\/wp-json\/wp\/v2\/posts\/46086"}],"collection":[{"href":"https:\/\/centralmedia.rs\/index.php\/wp-json\/wp\/v2\/posts"}],"about":[{"href":"https:\/\/centralmedia.rs\/index.php\/wp-json\/wp\/v2\/types\/post"}],"author":[{"embeddable":true,"href":"https:\/\/centralmedia.rs\/index.php\/wp-json\/wp\/v2\/users\/2"}],"replies":[{"embeddable":true,"href":"https:\/\/centralmedia.rs\/index.php\/wp-json\/wp\/v2\/comments?post=46086"}],"version-history":[{"count":1,"href":"https:\/\/centralmedia.rs\/index.php\/wp-json\/wp\/v2\/posts\/46086\/revisions"}],"predecessor-version":[{"id":46088,"href":"https:\/\/centralmedia.rs\/index.php\/wp-json\/wp\/v2\/posts\/46086\/revisions\/46088"}],"wp:featuredmedia":[{"embeddable":true,"href":"https:\/\/centralmedia.rs\/index.php\/wp-json\/wp\/v2\/media\/46087"}],"wp:attachment":[{"href":"https:\/\/centralmedia.rs\/index.php\/wp-json\/wp\/v2\/media?parent=46086"}],"wp:term":[{"taxonomy":"category","embeddable":true,"href":"https:\/\/centralmedia.rs\/index.php\/wp-json\/wp\/v2\/categories?post=46086"},{"taxonomy":"post_tag","embeddable":true,"href":"https:\/\/centralmedia.rs\/index.php\/wp-json\/wp\/v2\/tags?post=46086"}],"curies":[{"name":"wp","href":"https:\/\/api.w.org\/{rel}","templated":true}]}}