{"id":46092,"date":"2026-08-27T23:43:20","date_gmt":"2026-08-27T21:43:20","guid":{"rendered":"https:\/\/centralmedia.rs\/?p=46092"},"modified":"2026-08-31T23:43:30","modified_gmt":"2026-08-31T21:43:30","slug":"umro-general-ratko-mladic-ratni-komandant-vojske-republike-srpske","status":"publish","type":"post","link":"https:\/\/centralmedia.rs\/index.php\/2026\/08\/27\/umro-general-ratko-mladic-ratni-komandant-vojske-republike-srpske\/","title":{"rendered":"UMRO GENERAL RATKO MLADI\u0106, RATNI KOMANDANT VOJSKE REPUBLIKE SRPSKE"},"content":{"rendered":"\n<p>Ratko Mladi\u0107, koji je danas preminuo u Hagu, biv\u0161i je general i komandant Glavnog \u0161taba Vojske Republike Srpske tokom rata u Bosni i Hercegovini, kojeg je Ha\u0161ki tribunal osudio na do\u017eivotnu kaznu zatvora.<\/p>\n\n\n\n<p>Mladi\u0107 je ro\u0111en 12. marta 1942. godine u selu Bo\u017einovi\u0107i (Bo\u017eanovi\u0107i) kod Kalinovika. Zavr\u0161io je Vojnu akademiju KoV i Komandno-\u0161turnu akademiju kao jedan od najboljih u klasi. Profesionalnu karijeru po\u010deo je u Skoplju 1965. godine, a tokom slu\u017ebe u Jugoslovenskoj narodnoj armiji (JNA) napredovao je do \u010dina generalpotpukovnika 1992. godine.<\/p>\n\n\n\n<p>Rat u Hrvatskoj<\/p>\n\n\n\n<p>U leto 1991. godine postao je komandant Devetog korpusa JNA u Kninu, gde je u\u010destvovao u sukobima u Hrvatskoj. Nakon formiranja Vojske Republike Srpske, maja 1992. godine postavljen je za komandanta Glavnog \u0161taba VRS, na \u010dijem \u010delu je bio do 1996. godine.<\/p>\n\n\n\n<p>Komandovao je brojnim vojnim operacijama srpskih snaga tokom rata u BiH.<\/p>\n\n\n\n<p>Ratko Mladi\u0107 uhap\u0161en je u Srbiji 26. maja 2011. godine i pet dana kasnije preba\u010den u pritvorsku jedinicu UN u Hagu. Prvostepeno je 2017. osu\u0111en na do\u017eivotni zatvor zbog genocida, zlo\u010dina protiv \u010dove\u010dnosti i kr\u0161enja zakona i obi\u010daja ratovanja.<\/p>\n\n\n\n<p>\u017dalbeno ve\u0107e je 8. juna 2021. potvrdilo njegovu osu\u0111uju\u0107u presudu i kaznu. Mladi\u0107 je do sada odslu\u017eio ne\u0161to vi\u0161e od 15 godina do\u017eivotne kazne.<\/p>\n\n\n\n<p>Predsednica Me\u0111unarodnog rezidualnog mehanizma za krivi\u010dne tribunale Gracijela Gati Santana odbila je zahtev generala Ratka Mladi\u0107a za uslovno prevremeno pu\u0161tanje na slobodu iz humanitarnih razloga.<\/p>\n","protected":false},"excerpt":{"rendered":"<p>Ratko Mladi\u0107, koji je danas preminuo u Hagu, biv\u0161i je general i komandant Glavnog \u0161taba Vojske Republike Srpske tokom rata u Bosni i Hercegovini, kojeg &hellip; <\/p>\n","protected":false},"author":2,"featured_media":21225,"comment_status":"closed","ping_status":"open","sticky":false,"template":"","format":"standard","meta":{"footnotes":""},"categories":[20,12],"tags":[5197],"_links":{"self":[{"href":"https:\/\/centralmedia.rs\/index.php\/wp-json\/wp\/v2\/posts\/46092"}],"collection":[{"href":"https:\/\/centralmedia.rs\/index.php\/wp-json\/wp\/v2\/posts"}],"about":[{"href":"https:\/\/centralmedia.rs\/index.php\/wp-json\/wp\/v2\/types\/post"}],"author":[{"embeddable":true,"href":"https:\/\/centralmedia.rs\/index.php\/wp-json\/wp\/v2\/users\/2"}],"replies":[{"embeddable":true,"href":"https:\/\/centralmedia.rs\/index.php\/wp-json\/wp\/v2\/comments?post=46092"}],"version-history":[{"count":1,"href":"https:\/\/centralmedia.rs\/index.php\/wp-json\/wp\/v2\/posts\/46092\/revisions"}],"predecessor-version":[{"id":46093,"href":"https:\/\/centralmedia.rs\/index.php\/wp-json\/wp\/v2\/posts\/46092\/revisions\/46093"}],"wp:featuredmedia":[{"embeddable":true,"href":"https:\/\/centralmedia.rs\/index.php\/wp-json\/wp\/v2\/media\/21225"}],"wp:attachment":[{"href":"https:\/\/centralmedia.rs\/index.php\/wp-json\/wp\/v2\/media?parent=46092"}],"wp:term":[{"taxonomy":"category","embeddable":true,"href":"https:\/\/centralmedia.rs\/index.php\/wp-json\/wp\/v2\/categories?post=46092"},{"taxonomy":"post_tag","embeddable":true,"href":"https:\/\/centralmedia.rs\/index.php\/wp-json\/wp\/v2\/tags?post=46092"}],"curies":[{"name":"wp","href":"https:\/\/api.w.org\/{rel}","templated":true}]}}