{"id":46094,"date":"2026-08-27T23:45:03","date_gmt":"2026-08-27T21:45:03","guid":{"rendered":"https:\/\/centralmedia.rs\/?p=46094"},"modified":"2026-08-31T23:45:12","modified_gmt":"2026-08-31T21:45:12","slug":"dalibor-markovic-palma-ratko-mladic-je-srpski-heroj","status":"publish","type":"post","link":"https:\/\/centralmedia.rs\/index.php\/2026\/08\/27\/dalibor-markovic-palma-ratko-mladic-je-srpski-heroj\/","title":{"rendered":"DALIBOR MARKOVI\u0106 PALMA: RATKO MLADI\u0106 JE SRPSKI HEROJ"},"content":{"rendered":"\n<p>&#8220;Porodici generala Ratka Mladi\u0107a, u ime porodice Markovi\u0107 i u ime Jedinstvene Srbije, izra\u017eavam iskreno sau\u010de\u0161\u0107e&#8221;, napisao \u0456e lider Jedinstvene Srbije Dalibor Markovi\u0107 Palma. &#8221; Ratko Mladi\u0107 je za nas \u0456ednostavno srpski heroj i tu nema \u0161ta ni da se doda, ni da se oduzme. Ha\u0161ki kazamat je do te mere bio neljudski, da \u010dak nije dozvolio ni le\u010denje generala Mladi\u0107a. To se ni\u0456e desilo ni u Nirnbergu posle Drugog svetskog rata. Iza generala Mladi\u0107a ostala \u0456e Republika Srpska, koja ima punu podr\u0161ku Jedinstvene Srbije i cele Srbije. Po\u010divaj u miru generale&#8221;, napisao je Dalibor Markovi\u0107 Palma.<\/p>\n","protected":false},"excerpt":{"rendered":"<p>&#8220;Porodici generala Ratka Mladi\u0107a, u ime porodice Markovi\u0107 i u ime Jedinstvene Srbije, izra\u017eavam iskreno sau\u010de\u0161\u0107e&#8221;, napisao \u0456e lider Jedinstvene Srbije Dalibor Markovi\u0107 Palma. &#8221; &hellip; <\/p>\n","protected":false},"author":1,"featured_media":46014,"comment_status":"closed","ping_status":"open","sticky":false,"template":"","format":"standard","meta":{"footnotes":""},"categories":[1524,20,1514,12],"tags":[7232],"_links":{"self":[{"href":"https:\/\/centralmedia.rs\/index.php\/wp-json\/wp\/v2\/posts\/46094"}],"collection":[{"href":"https:\/\/centralmedia.rs\/index.php\/wp-json\/wp\/v2\/posts"}],"about":[{"href":"https:\/\/centralmedia.rs\/index.php\/wp-json\/wp\/v2\/types\/post"}],"author":[{"embeddable":true,"href":"https:\/\/centralmedia.rs\/index.php\/wp-json\/wp\/v2\/users\/1"}],"replies":[{"embeddable":true,"href":"https:\/\/centralmedia.rs\/index.php\/wp-json\/wp\/v2\/comments?post=46094"}],"version-history":[{"count":1,"href":"https:\/\/centralmedia.rs\/index.php\/wp-json\/wp\/v2\/posts\/46094\/revisions"}],"predecessor-version":[{"id":46095,"href":"https:\/\/centralmedia.rs\/index.php\/wp-json\/wp\/v2\/posts\/46094\/revisions\/46095"}],"wp:featuredmedia":[{"embeddable":true,"href":"https:\/\/centralmedia.rs\/index.php\/wp-json\/wp\/v2\/media\/46014"}],"wp:attachment":[{"href":"https:\/\/centralmedia.rs\/index.php\/wp-json\/wp\/v2\/media?parent=46094"}],"wp:term":[{"taxonomy":"category","embeddable":true,"href":"https:\/\/centralmedia.rs\/index.php\/wp-json\/wp\/v2\/categories?post=46094"},{"taxonomy":"post_tag","embeddable":true,"href":"https:\/\/centralmedia.rs\/index.php\/wp-json\/wp\/v2\/tags?post=46094"}],"curies":[{"name":"wp","href":"https:\/\/api.w.org\/{rel}","templated":true}]}}