{"id":4647,"date":"2016-09-08T21:17:47","date_gmt":"2016-09-08T21:17:47","guid":{"rendered":"http:\/\/centralmedia.rs\/?p=4647"},"modified":"2016-09-09T11:33:46","modified_gmt":"2016-09-09T11:33:46","slug":"ovacije-cuprijske-publike-povratak-na-scenu-nede-arneric","status":"publish","type":"post","link":"https:\/\/centralmedia.rs\/index.php\/2016\/09\/08\/ovacije-cuprijske-publike-povratak-na-scenu-nede-arneric\/","title":{"rendered":"OVACIJE \u0106UPRIJSKE PUBLIKE &#8211; POVRATAK NA SCENU NEDE ARNERI\u0106"},"content":{"rendered":"<p>\u0106UPRIJA-\u0106uprijska publika ovacijama je pozdravila ve\u010deras povratak na scenu jedne od na\u0161ih najboljih glumica Nede Arneri\u0107. Ona je sa Fe\u0111om Stojanovi\u0107em igrala u pozori\u0161noj predstavi \u201eIzvinjavamo se, mnogo se izvinjavamo\u201c u okviru  35. Mati\u0107evih dana. Predstava je ra\u0111ena po tekstu Milana Radeta Nikoli\u0107a i re\u017eiji Erola Kadi\u0107a.  Ipak, posle predstave ona nije mogla da se ne priseti te\u0161kih trenutaka od pre \u010detiri meseca i odnosa medija prema njenoj porodici.<div id='gallery-1' class='gallery galleryid-4647 gallery-columns-2 gallery-size-full'><figure class='gallery-item'>\n\t\t\t<div class='gallery-icon landscape'>\n\t\t\t\t<a href='https:\/\/centralmedia.rs\/index.php\/2016\/09\/08\/ovacije-cuprijske-publike-povratak-na-scenu-nede-arneric\/neda-telegraf-cuprija-g-j\/'><img loading=\"lazy\" decoding=\"async\" width=\"900\" height=\"675\" src=\"https:\/\/centralmedia.rs\/wp-content\/uploads\/2016\/09\/neda-telegraf-cuprija-g.j..jpg\" class=\"attachment-full size-full\" alt=\"\" srcset=\"https:\/\/centralmedia.rs\/wp-content\/uploads\/2016\/09\/neda-telegraf-cuprija-g.j..jpg 900w, https:\/\/centralmedia.rs\/wp-content\/uploads\/2016\/09\/neda-telegraf-cuprija-g.j.-300x225.jpg 300w, https:\/\/centralmedia.rs\/wp-content\/uploads\/2016\/09\/neda-telegraf-cuprija-g.j.-768x576.jpg 768w, https:\/\/centralmedia.rs\/wp-content\/uploads\/2016\/09\/neda-telegraf-cuprija-g.j.-80x60.jpg 80w, https:\/\/centralmedia.rs\/wp-content\/uploads\/2016\/09\/neda-telegraf-cuprija-g.j.-265x198.jpg 265w\" sizes=\"(max-width: 900px) 100vw, 900px\" \/><\/a>\n\t\t\t<\/div><\/figure><figure class='gallery-item'>\n\t\t\t<div class='gallery-icon landscape'>\n\t\t\t\t<a href='https:\/\/centralmedia.rs\/index.php\/2016\/09\/08\/ovacije-cuprijske-publike-povratak-na-scenu-nede-arneric\/neda-i-fedja-1-cuprija-g-j\/'><img loading=\"lazy\" decoding=\"async\" width=\"900\" height=\"675\" src=\"https:\/\/centralmedia.rs\/wp-content\/uploads\/2016\/09\/neda-i-fedja-1-cuprija-g.j..jpg\" class=\"attachment-full size-full\" alt=\"\" srcset=\"https:\/\/centralmedia.rs\/wp-content\/uploads\/2016\/09\/neda-i-fedja-1-cuprija-g.j..jpg 900w, https:\/\/centralmedia.rs\/wp-content\/uploads\/2016\/09\/neda-i-fedja-1-cuprija-g.j.-300x225.jpg 300w, https:\/\/centralmedia.rs\/wp-content\/uploads\/2016\/09\/neda-i-fedja-1-cuprija-g.j.-768x576.jpg 768w, https:\/\/centralmedia.rs\/wp-content\/uploads\/2016\/09\/neda-i-fedja-1-cuprija-g.j.-80x60.jpg 80w, https:\/\/centralmedia.rs\/wp-content\/uploads\/2016\/09\/neda-i-fedja-1-cuprija-g.j.-265x198.jpg 265w\" sizes=\"(max-width: 900px) 100vw, 900px\" \/><\/a>\n\t\t\t<\/div><\/figure>\n\t\t<\/div>\n<br \/>\n   \t-\u010cula sam da je bilo svakavih  gadosti. Shvatila da se neke novine hrane tu\u0111om nesre\u0107om, to sam odavno znala, ali kada je na svojoj ko\u017ei onda je to malo ja\u010de. Mislim da bi trebalo da se uvede nekakav red. Postoji svuda \u017euta \u0161tampa, ali ono je bio neukusno, razo\u010darano je prokomentarisala ona.<br \/>\n\tVeoma se obradovala zbog dobrog prijema publike i zadovoljno konstatovala  ,,nemam vi\u0161e \u0161ta da tra\u017eim, kada mi publika ustane na noge i to spontano\u201d.<br \/>\n        -Ovo je mala, intimna predstava, vidim da je uspe\u0161na i dobro prihva\u0107ena, kazala je Neda Arenri\u0107 i dodala da joj nije te\u0161ko pao izostanak sa scene, jer se dogodio upravo u vreme pozori\u0161ne pause.<div id='gallery-2' class='gallery galleryid-4647 gallery-columns-3 gallery-size-full'><figure class='gallery-item'>\n\t\t\t<div class='gallery-icon landscape'>\n\t\t\t\t<a href='https:\/\/centralmedia.rs\/index.php\/2016\/09\/08\/ovacije-cuprijske-publike-povratak-na-scenu-nede-arneric\/neda-i-fedja-3-cuprija-g-j\/'><img loading=\"lazy\" decoding=\"async\" width=\"900\" height=\"675\" src=\"https:\/\/centralmedia.rs\/wp-content\/uploads\/2016\/09\/neda-i-fedja-3-cuprija-g.j..jpg\" class=\"attachment-full size-full\" alt=\"\" srcset=\"https:\/\/centralmedia.rs\/wp-content\/uploads\/2016\/09\/neda-i-fedja-3-cuprija-g.j..jpg 900w, https:\/\/centralmedia.rs\/wp-content\/uploads\/2016\/09\/neda-i-fedja-3-cuprija-g.j.-300x225.jpg 300w, https:\/\/centralmedia.rs\/wp-content\/uploads\/2016\/09\/neda-i-fedja-3-cuprija-g.j.-768x576.jpg 768w, https:\/\/centralmedia.rs\/wp-content\/uploads\/2016\/09\/neda-i-fedja-3-cuprija-g.j.-80x60.jpg 80w, https:\/\/centralmedia.rs\/wp-content\/uploads\/2016\/09\/neda-i-fedja-3-cuprija-g.j.-265x198.jpg 265w\" sizes=\"(max-width: 900px) 100vw, 900px\" \/><\/a>\n\t\t\t<\/div><\/figure><figure class='gallery-item'>\n\t\t\t<div class='gallery-icon landscape'>\n\t\t\t\t<a href='https:\/\/centralmedia.rs\/index.php\/2016\/09\/08\/ovacije-cuprijske-publike-povratak-na-scenu-nede-arneric\/publika-ovacije-cuprija-g-j\/'><img loading=\"lazy\" decoding=\"async\" width=\"900\" height=\"675\" src=\"https:\/\/centralmedia.rs\/wp-content\/uploads\/2016\/09\/publika-ovacije-cuprija-g.j..jpg\" class=\"attachment-full size-full\" alt=\"\" srcset=\"https:\/\/centralmedia.rs\/wp-content\/uploads\/2016\/09\/publika-ovacije-cuprija-g.j..jpg 900w, https:\/\/centralmedia.rs\/wp-content\/uploads\/2016\/09\/publika-ovacije-cuprija-g.j.-300x225.jpg 300w, https:\/\/centralmedia.rs\/wp-content\/uploads\/2016\/09\/publika-ovacije-cuprija-g.j.-768x576.jpg 768w, https:\/\/centralmedia.rs\/wp-content\/uploads\/2016\/09\/publika-ovacije-cuprija-g.j.-80x60.jpg 80w, https:\/\/centralmedia.rs\/wp-content\/uploads\/2016\/09\/publika-ovacije-cuprija-g.j.-265x198.jpg 265w\" sizes=\"(max-width: 900px) 100vw, 900px\" \/><\/a>\n\t\t\t<\/div><\/figure><figure class='gallery-item'>\n\t\t\t<div class='gallery-icon landscape'>\n\t\t\t\t<a href='https:\/\/centralmedia.rs\/index.php\/2016\/09\/08\/ovacije-cuprijske-publike-povratak-na-scenu-nede-arneric\/neda-i-fedja-telegraf-1-cuprija-g-j\/'><img loading=\"lazy\" decoding=\"async\" width=\"900\" height=\"675\" src=\"https:\/\/centralmedia.rs\/wp-content\/uploads\/2016\/09\/neda-i-fedja-telegraf-1-cuprija-g.j..jpg\" class=\"attachment-full size-full\" alt=\"\" srcset=\"https:\/\/centralmedia.rs\/wp-content\/uploads\/2016\/09\/neda-i-fedja-telegraf-1-cuprija-g.j..jpg 900w, https:\/\/centralmedia.rs\/wp-content\/uploads\/2016\/09\/neda-i-fedja-telegraf-1-cuprija-g.j.-300x225.jpg 300w, https:\/\/centralmedia.rs\/wp-content\/uploads\/2016\/09\/neda-i-fedja-telegraf-1-cuprija-g.j.-768x576.jpg 768w, https:\/\/centralmedia.rs\/wp-content\/uploads\/2016\/09\/neda-i-fedja-telegraf-1-cuprija-g.j.-80x60.jpg 80w, https:\/\/centralmedia.rs\/wp-content\/uploads\/2016\/09\/neda-i-fedja-telegraf-1-cuprija-g.j.-265x198.jpg 265w\" sizes=\"(max-width: 900px) 100vw, 900px\" \/><\/a>\n\t\t\t<\/div><\/figure>\n\t\t<\/div>\n<br \/>\n        -Po\u010detak je jo\u0161 jedne sezone. Bila sam na moru i lepo sam se odmorila proteklih meseci.  U\u017eelela sam se ove predstave jer je odigrana nekoliko puta. Ose\u0107am da \u0107emo je Fe\u0111a i ja igrati dok god budemo mogli i dok to budu trpele na\u0161e godine, kroz smeh i dobro raspolo\u017eenje pri\u010dala je ona o predstavi, zaklju\u010duju\u0107i da je ,,ljubav ve\u010dna, kao i da se predstva mo\u017ee igrati sa osamdeset godina\u201d .<br \/>\nNeda Arneri\u0107 najavljuje da \u0107e u nastavku pozori\u0161ne sezone zaigrati i u ostalim predstavama koje su na repertorarima, kao i da je o\u010dekuje povratak u predstavu Zagreba\u010dkog kazali\u0161ta mladih ,,\u017dive\u0107emo bolje\u201d. Nije htela da otkrije do kraja, ali, kako ka\u017ee, u planu su i ,,snimanja kamerom\u201d.<\/p>\n","protected":false},"excerpt":{"rendered":"<p>\u0106UPRIJA-\u0106uprijska publika ovacijama je pozdravila ve\u010deras povratak na scenu jedne od na\u0161ih najboljih glumica Nede Arneri\u0107. Ona je sa Fe\u0111om Stojanovi\u0107em igrala u pozori\u0161noj predstavi &hellip; <\/p>\n","protected":false},"author":4,"featured_media":4648,"comment_status":"open","ping_status":"open","sticky":false,"template":"","format":"standard","meta":{"footnotes":""},"categories":[15,887,12],"tags":[44,1202,1203],"_links":{"self":[{"href":"https:\/\/centralmedia.rs\/index.php\/wp-json\/wp\/v2\/posts\/4647"}],"collection":[{"href":"https:\/\/centralmedia.rs\/index.php\/wp-json\/wp\/v2\/posts"}],"about":[{"href":"https:\/\/centralmedia.rs\/index.php\/wp-json\/wp\/v2\/types\/post"}],"author":[{"embeddable":true,"href":"https:\/\/centralmedia.rs\/index.php\/wp-json\/wp\/v2\/users\/4"}],"replies":[{"embeddable":true,"href":"https:\/\/centralmedia.rs\/index.php\/wp-json\/wp\/v2\/comments?post=4647"}],"version-history":[{"count":0,"href":"https:\/\/centralmedia.rs\/index.php\/wp-json\/wp\/v2\/posts\/4647\/revisions"}],"wp:featuredmedia":[{"embeddable":true,"href":"https:\/\/centralmedia.rs\/index.php\/wp-json\/wp\/v2\/media\/4648"}],"wp:attachment":[{"href":"https:\/\/centralmedia.rs\/index.php\/wp-json\/wp\/v2\/media?parent=4647"}],"wp:term":[{"taxonomy":"category","embeddable":true,"href":"https:\/\/centralmedia.rs\/index.php\/wp-json\/wp\/v2\/categories?post=4647"},{"taxonomy":"post_tag","embeddable":true,"href":"https:\/\/centralmedia.rs\/index.php\/wp-json\/wp\/v2\/tags?post=4647"}],"curies":[{"name":"wp","href":"https:\/\/api.w.org\/{rel}","templated":true}]}}