{"id":4667,"date":"2016-09-10T10:32:33","date_gmt":"2016-09-10T10:32:33","guid":{"rendered":"http:\/\/centralmedia.rs\/?p=4667"},"modified":"2016-09-10T10:32:33","modified_gmt":"2016-09-10T10:32:33","slug":"sasa-paunovic-delfi-25-lokalnih-investitora","status":"publish","type":"post","link":"https:\/\/centralmedia.rs\/index.php\/2016\/09\/10\/sasa-paunovic-delfi-25-lokalnih-investitora\/","title":{"rendered":"SA\u0160A PAUNOVI\u0106 &#8211; DELFI I 25 LOKALNIH INVESTITORA"},"content":{"rendered":"<p>PARA\u0106IN-Za nedelju dana o\u010dekujemo odluku kompanije Delfi o investiciji koja bi uposlila 1.500 radnika, a u ovom trenutku 25 doma\u0107ih privrednika realizuje projekte koji \u0107e omogu\u0107iti otvaranje vi\u0161e stotina radnih mesta, rekao je predsenik Op\u0161tine Para\u0107in Sa\u0161a Paunovi\u0107 na tradicionalnoj godi\u0161njoj konferenciji za novinare.<br \/>\n\t-Delfi kona\u010dnu odluku nije doneo, ali smo sada sigurno mnogo bli\u017ee mogu\u0107nosti da investicija bude realizovana nego u bilo kom trenutku u proteklih devet meseci. Naredna nedelja bi\u0107e odlu\u010duju\u0107a, jer \u0107e investitor doneti kona\u010dnu odluku. Mi smo u\u010dinili sve \u0161to smo mogli, prihvatili smo uslove, obezbedili finansiranje, zavr\u0161avamo preostalu dokumentaciju kako bi smo u potpunosti sklopili finansijsku konstrukciju i posle toga \u010dekamo odluku investitora, rekao je Paunovi\u0107.      <div id='gallery-1' class='gallery galleryid-4667 gallery-columns-3 gallery-size-full'><figure class='gallery-item'>\n\t\t\t<div class='gallery-icon landscape'>\n\t\t\t\t<a href='https:\/\/centralmedia.rs\/index.php\/2016\/09\/10\/sasa-paunovic-delfi-25-lokalnih-investitora\/paunovic-4-paracin-g-j\/'><img loading=\"lazy\" decoding=\"async\" width=\"900\" height=\"675\" src=\"https:\/\/centralmedia.rs\/wp-content\/uploads\/2016\/09\/paunovic-4-paracin-g.j..jpg\" class=\"attachment-full size-full\" alt=\"\" srcset=\"https:\/\/centralmedia.rs\/wp-content\/uploads\/2016\/09\/paunovic-4-paracin-g.j..jpg 900w, https:\/\/centralmedia.rs\/wp-content\/uploads\/2016\/09\/paunovic-4-paracin-g.j.-300x225.jpg 300w, https:\/\/centralmedia.rs\/wp-content\/uploads\/2016\/09\/paunovic-4-paracin-g.j.-768x576.jpg 768w, https:\/\/centralmedia.rs\/wp-content\/uploads\/2016\/09\/paunovic-4-paracin-g.j.-80x60.jpg 80w, https:\/\/centralmedia.rs\/wp-content\/uploads\/2016\/09\/paunovic-4-paracin-g.j.-265x198.jpg 265w\" sizes=\"(max-width: 900px) 100vw, 900px\" \/><\/a>\n\t\t\t<\/div><\/figure><figure class='gallery-item'>\n\t\t\t<div class='gallery-icon landscape'>\n\t\t\t\t<a href='https:\/\/centralmedia.rs\/index.php\/2016\/09\/10\/sasa-paunovic-delfi-25-lokalnih-investitora\/paunovic-5-paracin-g-j\/'><img loading=\"lazy\" decoding=\"async\" width=\"900\" height=\"675\" src=\"https:\/\/centralmedia.rs\/wp-content\/uploads\/2016\/09\/paunovic-5-paracin-g.j..jpg\" class=\"attachment-full size-full\" alt=\"\" srcset=\"https:\/\/centralmedia.rs\/wp-content\/uploads\/2016\/09\/paunovic-5-paracin-g.j..jpg 900w, https:\/\/centralmedia.rs\/wp-content\/uploads\/2016\/09\/paunovic-5-paracin-g.j.-300x225.jpg 300w, https:\/\/centralmedia.rs\/wp-content\/uploads\/2016\/09\/paunovic-5-paracin-g.j.-768x576.jpg 768w, https:\/\/centralmedia.rs\/wp-content\/uploads\/2016\/09\/paunovic-5-paracin-g.j.-80x60.jpg 80w, https:\/\/centralmedia.rs\/wp-content\/uploads\/2016\/09\/paunovic-5-paracin-g.j.-265x198.jpg 265w\" sizes=\"(max-width: 900px) 100vw, 900px\" \/><\/a>\n\t\t\t<\/div><\/figure><figure class='gallery-item'>\n\t\t\t<div class='gallery-icon landscape'>\n\t\t\t\t<a href='https:\/\/centralmedia.rs\/index.php\/2016\/09\/10\/sasa-paunovic-delfi-25-lokalnih-investitora\/paunovic-7-paracin-g-j\/'><img loading=\"lazy\" decoding=\"async\" width=\"900\" height=\"675\" src=\"https:\/\/centralmedia.rs\/wp-content\/uploads\/2016\/09\/paunovic-7-paracin-g.j..jpg\" class=\"attachment-full size-full\" alt=\"\" srcset=\"https:\/\/centralmedia.rs\/wp-content\/uploads\/2016\/09\/paunovic-7-paracin-g.j..jpg 900w, https:\/\/centralmedia.rs\/wp-content\/uploads\/2016\/09\/paunovic-7-paracin-g.j.-300x225.jpg 300w, https:\/\/centralmedia.rs\/wp-content\/uploads\/2016\/09\/paunovic-7-paracin-g.j.-768x576.jpg 768w, https:\/\/centralmedia.rs\/wp-content\/uploads\/2016\/09\/paunovic-7-paracin-g.j.-80x60.jpg 80w, https:\/\/centralmedia.rs\/wp-content\/uploads\/2016\/09\/paunovic-7-paracin-g.j.-265x198.jpg 265w\" sizes=\"(max-width: 900px) 100vw, 900px\" \/><\/a>\n\t\t\t<\/div><\/figure>\n\t\t<\/div>\n<br \/>\nRe\u010d je o najzna\u010dajnijem poslu para\u0107inske lokalne samouprave, odnosno o mogu\u0107oj izgradnji poslovnog objekta kompanije Delfi  koji bi zaposliio 1.500 radnika proizvodnji kablova za auto industriju. Pregovori traju ve\u0107 devet meseci.<br \/>\n\t&#8211; Ukoliko odluka bude pozitivna to \u0107e zna\u010diti mnogo odricanja u svakoj oblasti rada lokalne uprave kako bi obezbedili dodatna sredstva za izgradnju hale povr\u0161ine 15.600 kvadrata sa prate\u0107om infrastrukturom. Od Para\u0107ina \u0107e se zahtevati da na\u0111e na\u010din za finansiranje objekta vrednog 10 miliona evra, \u0161to se ne mo\u017ee porediti ni jednim projektom koji je op\u0161tina realizovala u proteklih nekoliko decenija, pojasnio je Paunovi\u0107.<br \/>\nOn je sumiraju\u0107i proteklih godinu dana rekao je da je ta lokalna uprava pro\u0161lu godinu zavr\u0161ila sa suficitom u bud\u017eetu, ali i da to narednih godina ne treba o\u010dekivati zbog smanjenja prihoda.<br \/>\n\t&#8211; Nemamo vi\u0161ak \u010dinovnika u administraciji. Para\u0107in konkuri\u0161e za prvo mesto u Srbiji op\u0161tinama sli\u010dne veli\u010dine kada je re\u010d o malom broju \u010dinovnika u odnosu na broj stanovnika. Ukupne dugoro\u010dne obaveze \u010dine 1,5 odsto ukupnog bud\u017eeta i te obaveze bi\u0107e ispla\u0107ene do kraja slede\u0107e godine. Para\u0107in je progla\u0161en ove godine za najtrasparentniju op\u0161tinu u Srbiji. Prema paramertima ispravnsoti rada, Para\u0107in je u samom vrhu , a u nekim oblastima najbolji u Srbiji, napominje Paunovi\u0107.<br \/>\nU narednih godinu dana Paunovi\u0107 je najavio zavr\u0161etak radova na komunalnoj infrastrukturi prigradskim naseljima i nastavak u selima. Veliko ure\u0111enje centra grada. Re\u010d je o nastavku izgradnje jo\u0161 jednog trga i fontane, jer je to bio \u010dest zahtev gra\u0111ana na zborovima. Sanacija pet \u0161kola kroz donaciju \u0160vajcarske od 1,2 miliona franaka, zatim po\u010detak izgradnje novog sistema za odbranu od poplava sredstvima EU, bi\u0107e zavr\u0161ena jo\u0161 jedna faza novog objeta Kulturnog centra, a kroz javno privatno partnerstvo bi\u0107e realizovano niz projekata. Op\u0161tina \u0107e ponuditi na prodaju sada\u0161nje lokacije u centru grada nekih komunalnih javnih preduze\u0107a za izgradnju novih objekata, a mo\u017eda i novog tr\u017enog centra. Javna preduze\u0107a bi\u0107e preseljena u biv\u0161u kasarnu.<\/p>\n","protected":false},"excerpt":{"rendered":"<p>PARA\u0106IN-Za nedelju dana o\u010dekujemo odluku kompanije Delfi o investiciji koja bi uposlila 1.500 radnika, a u ovom trenutku 25 doma\u0107ih privrednika realizuje projekte koji \u0107e &hellip; <\/p>\n","protected":false},"author":4,"featured_media":4668,"comment_status":"open","ping_status":"open","sticky":false,"template":"","format":"standard","meta":{"footnotes":""},"categories":[2,13,12],"tags":[1218,156,552],"_links":{"self":[{"href":"https:\/\/centralmedia.rs\/index.php\/wp-json\/wp\/v2\/posts\/4667"}],"collection":[{"href":"https:\/\/centralmedia.rs\/index.php\/wp-json\/wp\/v2\/posts"}],"about":[{"href":"https:\/\/centralmedia.rs\/index.php\/wp-json\/wp\/v2\/types\/post"}],"author":[{"embeddable":true,"href":"https:\/\/centralmedia.rs\/index.php\/wp-json\/wp\/v2\/users\/4"}],"replies":[{"embeddable":true,"href":"https:\/\/centralmedia.rs\/index.php\/wp-json\/wp\/v2\/comments?post=4667"}],"version-history":[{"count":0,"href":"https:\/\/centralmedia.rs\/index.php\/wp-json\/wp\/v2\/posts\/4667\/revisions"}],"wp:featuredmedia":[{"embeddable":true,"href":"https:\/\/centralmedia.rs\/index.php\/wp-json\/wp\/v2\/media\/4668"}],"wp:attachment":[{"href":"https:\/\/centralmedia.rs\/index.php\/wp-json\/wp\/v2\/media?parent=4667"}],"wp:term":[{"taxonomy":"category","embeddable":true,"href":"https:\/\/centralmedia.rs\/index.php\/wp-json\/wp\/v2\/categories?post=4667"},{"taxonomy":"post_tag","embeddable":true,"href":"https:\/\/centralmedia.rs\/index.php\/wp-json\/wp\/v2\/tags?post=4667"}],"curies":[{"name":"wp","href":"https:\/\/api.w.org\/{rel}","templated":true}]}}