{"id":4684,"date":"2016-09-13T14:07:00","date_gmt":"2016-09-13T14:07:00","guid":{"rendered":"http:\/\/centralmedia.rs\/?p=4684"},"modified":"2017-01-20T00:18:27","modified_gmt":"2017-01-20T00:18:27","slug":"maticev-sal-ajtani-drekovic","status":"publish","type":"post","link":"https:\/\/centralmedia.rs\/index.php\/2016\/09\/13\/maticev-sal-ajtani-drekovic\/","title":{"rendered":"MATI\u0106EV \u0160AL  AJTANI DREKOVI\u0106"},"content":{"rendered":"<p>\u0106UPRIJA-Pesnikinji Ajtani Drekovi\u0107 (25) iz Tutina danas je u \u0106upriji uru\u010dena knji\u017eevna nagrada \u201cMati\u0107ev \u0161al\u201d za 2016. godinu za najbolju prvu objavljenu zbirku pesama, po oceni stru\u010dnog \u017eirija 35. Mati\u0107evih dana. Njoj su pored povelje, uru\u010deni pleteni nikatni \u0161al i nov\u010dani deo nagrade od 20.000 dinara.<\/p>\n<p><div id='gallery-1' class='gallery galleryid-4684 gallery-columns-3 gallery-size-thumbnail'><figure class='gallery-item'>\n\t\t\t<div class='gallery-icon portrait'>\n\t\t\t\t<a href='https:\/\/centralmedia.rs\/index.php\/2016\/09\/13\/maticev-sal-ajtani-drekovic\/ajtana-drekovic-1-cuprija-g-j\/'><img loading=\"lazy\" decoding=\"async\" width=\"150\" height=\"150\" src=\"https:\/\/centralmedia.rs\/wp-content\/uploads\/2016\/09\/ajtana-drekovic-1-cuprija-g.j.-150x150.jpg\" class=\"attachment-thumbnail size-thumbnail\" alt=\"\" \/><\/a>\n\t\t\t<\/div><\/figure><figure class='gallery-item'>\n\t\t\t<div class='gallery-icon portrait'>\n\t\t\t\t<a href='https:\/\/centralmedia.rs\/index.php\/2016\/09\/13\/maticev-sal-ajtani-drekovic\/ajtana-drekovic-2-cuprija-g-j\/'><img loading=\"lazy\" decoding=\"async\" width=\"150\" height=\"150\" src=\"https:\/\/centralmedia.rs\/wp-content\/uploads\/2016\/09\/ajtana-drekovic-2-cuprija-g.j.-150x150.jpg\" class=\"attachment-thumbnail size-thumbnail\" alt=\"\" srcset=\"https:\/\/centralmedia.rs\/wp-content\/uploads\/2016\/09\/ajtana-drekovic-2-cuprija-g.j.-150x150.jpg 150w, https:\/\/centralmedia.rs\/wp-content\/uploads\/2016\/09\/ajtana-drekovic-2-cuprija-g.j.-298x300.jpg 298w, https:\/\/centralmedia.rs\/wp-content\/uploads\/2016\/09\/ajtana-drekovic-2-cuprija-g.j.-768x774.jpg 768w, https:\/\/centralmedia.rs\/wp-content\/uploads\/2016\/09\/ajtana-drekovic-2-cuprija-g.j..jpg 893w\" sizes=\"(max-width: 150px) 100vw, 150px\" \/><\/a>\n\t\t\t<\/div><\/figure><figure class='gallery-item'>\n\t\t\t<div class='gallery-icon landscape'>\n\t\t\t\t<a href='https:\/\/centralmedia.rs\/index.php\/2016\/09\/13\/maticev-sal-ajtani-drekovic\/dodela-nagarde-cuprija-g-j\/'><img loading=\"lazy\" decoding=\"async\" width=\"150\" height=\"150\" src=\"https:\/\/centralmedia.rs\/wp-content\/uploads\/2016\/09\/dodela-nagarde-cuprija-g.j.-150x150.jpg\" class=\"attachment-thumbnail size-thumbnail\" alt=\"\" \/><\/a>\n\t\t\t<\/div><\/figure>\n\t\t<\/div>\n<br \/>\n-Nadam se i \u017eelim da verujem da ova nagrada govori o mom radu i pesmama. ,,Fosil sumnje\u201c svakodnevno pronalazim, moj stav je da treba pristupiti kriti\u010dki, ali ne suditi sa osudom, nego ostaviti da odle\u017ei neko vreme, pa da kasnije prona\u0111emo neka zna\u010denja u svemu tome, kazala je ona.<br \/>\nAjtana Drekovi\u0107 je profesorka Bosanskog jezika i predaje u Gimnaziji u Tutinu, planira da upi\u0161e doktorske studije, a \u0161to se ti\u010de knji\u017eevnosti u priprema novu zbirku poezije, pi\u0161e prozu. Na \u010delu \u017eirija bio je knji\u017eevnik Radomir Andri\u0107, ina\u010de predsednik Udru\u017eenja knji\u017eevnika Srbije, koji je u obrazlo\u017eenju nagrade rekao da se ,,zbirka pesama ,,Fosil sumnje\u201d odlikuje samosvojnim pesni\u010dkim izrazom i osloba\u0111anjem jezi\u010dke energije u metaforama ugra\u0111enim u intimni imenik\u201d.<br \/>\n-Tu su sabrane prve spoznaje iz ulice ranih jada i veselja, zapravo sve ono \u0161to opire moralnoj koroziji sveta od ju\u010de. U svakom slu\u010daju imamo u rukama pesni\u010dku knjigu koja poseduje kriti\u010dki odnos prema vremenu i dokazuje da je mlada pesnikinja ostvarila neporecivo vredno svedo\u010danstvo o sve\u017eim poeti\u010dkim pritokama, kakve mogu samo mlade o\u010di da sagledaju, stoji u obrazlo\u017eenju Andri\u0107a.<br \/>\nU konkurenciji je bilo deset knjiga, mladih pjesnika iz Srbije i Srba u dijspori koji stvaraju na srpskom jeziku. Pre dodele nagrade dor\u017ean je okrugli sto na temu ,,Mati\u0107eva ogledala\u201d. Ina\u010de,\u201cMati\u0107evi dani\u201d se po tradiciji odr\u017eavaju u \u0106upriji u organizaciji Narodne biblioteke \u201cDu\u0161an Mati\u0107\u201d, pod pokroviteljstvom Ministarstva kulture i op\u0161tine \u0106uprija.Nagrada \u201cMati\u0107ev \u0161al\u201d ustanovljena je 2005. godine i do sada su je dobili mladi pjesnici Vladimir Vukomanovi\u0107, Mladen \u0160ljivovi\u0107, Sr\u0111an \u010ceperkovi\u0107. Ivan J. Petrovi\u0107, Sla\u0111an Milo\u0161evi\u0107, Bojan Vasi\u0107, Jana Rastegorac, Marija Miladinovi\u0107, Milo\u0161 Brki\u0107, Ognjen Karad\u017ei\u0107 i Julijana Jankovi\u0107.<\/p>\n<p><strong><em>Pozitivni primeri Razglednica iz <\/em><\/strong><strong><em>\u0106uprije<\/em><\/strong><strong><em> \u2013 Projekat se realizuje uz pomo\u0107 sredstava iz bud\u017eeta Op\u0161tine \u0106uprija.<\/em><\/strong><\/p>\n","protected":false},"excerpt":{"rendered":"<p>\u0106UPRIJA-Pesnikinji Ajtani Drekovi\u0107 (25) iz Tutina danas je u \u0106upriji uru\u010dena knji\u017eevna nagrada \u201cMati\u0107ev \u0161al\u201d za 2016. godinu za najbolju prvu objavljenu zbirku pesama, po &hellip; <\/p>\n","protected":false},"author":4,"featured_media":4685,"comment_status":"open","ping_status":"open","sticky":false,"template":"","format":"standard","meta":{"footnotes":""},"categories":[1515,1524,2,15,887,12],"tags":[1224,44,1223],"_links":{"self":[{"href":"https:\/\/centralmedia.rs\/index.php\/wp-json\/wp\/v2\/posts\/4684"}],"collection":[{"href":"https:\/\/centralmedia.rs\/index.php\/wp-json\/wp\/v2\/posts"}],"about":[{"href":"https:\/\/centralmedia.rs\/index.php\/wp-json\/wp\/v2\/types\/post"}],"author":[{"embeddable":true,"href":"https:\/\/centralmedia.rs\/index.php\/wp-json\/wp\/v2\/users\/4"}],"replies":[{"embeddable":true,"href":"https:\/\/centralmedia.rs\/index.php\/wp-json\/wp\/v2\/comments?post=4684"}],"version-history":[{"count":0,"href":"https:\/\/centralmedia.rs\/index.php\/wp-json\/wp\/v2\/posts\/4684\/revisions"}],"wp:featuredmedia":[{"embeddable":true,"href":"https:\/\/centralmedia.rs\/index.php\/wp-json\/wp\/v2\/media\/4685"}],"wp:attachment":[{"href":"https:\/\/centralmedia.rs\/index.php\/wp-json\/wp\/v2\/media?parent=4684"}],"wp:term":[{"taxonomy":"category","embeddable":true,"href":"https:\/\/centralmedia.rs\/index.php\/wp-json\/wp\/v2\/categories?post=4684"},{"taxonomy":"post_tag","embeddable":true,"href":"https:\/\/centralmedia.rs\/index.php\/wp-json\/wp\/v2\/tags?post=4684"}],"curies":[{"name":"wp","href":"https:\/\/api.w.org\/{rel}","templated":true}]}}