{"id":4690,"date":"2016-09-13T17:16:07","date_gmt":"2016-09-13T17:16:07","guid":{"rendered":"http:\/\/centralmedia.rs\/?p=4690"},"modified":"2016-09-13T17:16:07","modified_gmt":"2016-09-13T17:16:07","slug":"zbog-pokusaja-obljube-bolesne-sesnaestogodisnjakinje-osuden-na-dve-godine-zatvora","status":"publish","type":"post","link":"https:\/\/centralmedia.rs\/index.php\/2016\/09\/13\/zbog-pokusaja-obljube-bolesne-sesnaestogodisnjakinje-osuden-na-dve-godine-zatvora\/","title":{"rendered":"ZBOG POKU\u0160AJA OBLJUBE BOLESNE \u0160ESNAESTOGODI\u0160NJAKINJE OSU\u0110EN NA DVE GODINE ZATVORA"},"content":{"rendered":"<p>JAGODINA-U Vi\u0161em sudu u Jagodini na dve godine zatvora osu\u0111en je R.V. (53) iz Jagodine zbog poku\u0161aja obljube te\u0161ko obolesne \u0161esnestogodi\u0161njakinje. Majka devojke po\u010detkom godine prijavila je policiji da je R.V. silovao njenu \u0107erku. Tada je R.V. uhap\u0161en i odre\u0111en mu je pritvor zbog sumnje da je po\u010dinio krivi\u010dno delo obljuba nad nemo\u0107nim licem u poku\u0161aju.<br \/>\n\t-Rade je poku\u0161ao da ima odnos sa tinejd\u017eerkom, nije je silovao, niti su imali bilo kakav seksualni odnos. Navodno je odustao, jer je devoj\u010dica plakala. Predhodno je ona do\u0161la u njegovu ku\u0107u zbog nekog posla. On je bio ljubavnoj u vezi  sa njenom majkom N.S. oko godinu dana, tako da je bio poznat porodici i nije bio sumnjiv u tom smislu. Majka ju je pustila da ide kod njega, me\u0111utim, on je iskoristio to poverenje, prvo su se masirali, a zatim je i poku\u0161ao da ima seksualni odnos sa devoj\u010dicom, koja je pritom obolela od kancera i zbog psihi\u010dkih smetnji mentalno na nivou deteta, pisali su tada mediji nezvani\u010den detalje iz istrage.<br \/>\nIna\u010de, R. V. je bio  toliko dobar prijatelj nesre\u0107ne porodice, koja je ina\u010de izbegla sa Kosmeta, da je \u010dak i S.S. (22) ro\u0111enog brata svoje \u017ertve podu\u010davao  mehani\u010darskom zanatu u svojoj radnji.<br \/>\n\t-Svi smo u \u0161oku. Znamo Radeta kao dobrog \u010doveka i kom\u0161iju. Svima je pomagao, uvek na svoju \u0161etu. \u017diveo je sam u ku\u0107i i bio je u vezi sa N.S. Letos dok je ona bila kod njega u ku\u0107i I.S. se igrala u dvori\u0161tu, pri\u010daju kom\u0161ije.<br \/>\nPoku\u0161aj obljube dogodio se 13 januara, a dan posle devoj\u010dica je to ispri\u010dala majci , kojoj ni na kraj pameti nije palo da bi njihov dobri porodi\u010dni prijatelj poku\u0161ati tako ne\u0161to gnusno. Posle saslu\u0161anja na poligrafu Radovan je priznao poku\u0161aj obljube. Kom\u0161ije za R.V. ka\u017eu da je bio profesionlani vojnik u Legiji staranaca I da se pre desetak godina vratio u Srbiju.<\/p>\n","protected":false},"excerpt":{"rendered":"<p>JAGODINA-U Vi\u0161em sudu u Jagodini na dve godine zatvora osu\u0111en je R.V. (53) iz Jagodine zbog poku\u0161aja obljube te\u0161ko obolesne \u0161esnestogodi\u0161njakinje. Majka devojke po\u010detkom godine &hellip; <\/p>\n","protected":false},"author":4,"featured_media":4691,"comment_status":"open","ping_status":"open","sticky":false,"template":"","format":"standard","meta":{"footnotes":""},"categories":[20,2],"tags":[58,488,1225],"_links":{"self":[{"href":"https:\/\/centralmedia.rs\/index.php\/wp-json\/wp\/v2\/posts\/4690"}],"collection":[{"href":"https:\/\/centralmedia.rs\/index.php\/wp-json\/wp\/v2\/posts"}],"about":[{"href":"https:\/\/centralmedia.rs\/index.php\/wp-json\/wp\/v2\/types\/post"}],"author":[{"embeddable":true,"href":"https:\/\/centralmedia.rs\/index.php\/wp-json\/wp\/v2\/users\/4"}],"replies":[{"embeddable":true,"href":"https:\/\/centralmedia.rs\/index.php\/wp-json\/wp\/v2\/comments?post=4690"}],"version-history":[{"count":0,"href":"https:\/\/centralmedia.rs\/index.php\/wp-json\/wp\/v2\/posts\/4690\/revisions"}],"wp:featuredmedia":[{"embeddable":true,"href":"https:\/\/centralmedia.rs\/index.php\/wp-json\/wp\/v2\/media\/4691"}],"wp:attachment":[{"href":"https:\/\/centralmedia.rs\/index.php\/wp-json\/wp\/v2\/media?parent=4690"}],"wp:term":[{"taxonomy":"category","embeddable":true,"href":"https:\/\/centralmedia.rs\/index.php\/wp-json\/wp\/v2\/categories?post=4690"},{"taxonomy":"post_tag","embeddable":true,"href":"https:\/\/centralmedia.rs\/index.php\/wp-json\/wp\/v2\/tags?post=4690"}],"curies":[{"name":"wp","href":"https:\/\/api.w.org\/{rel}","templated":true}]}}