{"id":4751,"date":"2016-09-21T17:31:54","date_gmt":"2016-09-21T17:31:54","guid":{"rendered":"http:\/\/centralmedia.rs\/?p=4751"},"modified":"2016-09-22T13:56:29","modified_gmt":"2016-09-22T13:56:29","slug":"nikolic-na-berbi-grozda-u-dobricevu-kod-cuprije","status":"publish","type":"post","link":"https:\/\/centralmedia.rs\/index.php\/2016\/09\/21\/nikolic-na-berbi-grozda-u-dobricevu-kod-cuprije\/","title":{"rendered":"NIKOLI\u0106 NA BERBI GRO\u017d\u0110A U DOBRI\u010cEVU KOD \u0106UPRIJE"},"content":{"rendered":"<p>\u0106UPRIJA-Predsednik Srbije Tomislav Nikoli\u0107 prisustvova\u0107e u \u010detvrtak u 12 sati sve\u010danom obele\u017eavanju po\u010detka berbe gro\u017e\u0111a roda 2016. godine u Rubinovom  vinogradu u Dobri\u010devu  kod \u0106uprije, stoji u saop\u0161tenju tog preduze\u0107a. Iz tog vinogorja proizvodi se pet etiketa \u010duvenih crnih i belih vina Tera Lazarica. Sve\u010danom po\u010detku berbe prisustvova\u0107e  predsednici op\u0161tina i druge zvanice.<\/p>\n","protected":false},"excerpt":{"rendered":"<p>\u0106UPRIJA-Predsednik Srbije Tomislav Nikoli\u0107 prisustvova\u0107e u \u010detvrtak u 12 sati sve\u010danom obele\u017eavanju po\u010detka berbe gro\u017e\u0111a roda 2016. godine u Rubinovom vinogradu u Dobri\u010devu kod \u0106uprije, &hellip; <\/p>\n","protected":false},"author":4,"featured_media":4752,"comment_status":"open","ping_status":"open","sticky":false,"template":"","format":"standard","meta":{"footnotes":""},"categories":[16,12],"tags":[1245,44,1244,1243],"_links":{"self":[{"href":"https:\/\/centralmedia.rs\/index.php\/wp-json\/wp\/v2\/posts\/4751"}],"collection":[{"href":"https:\/\/centralmedia.rs\/index.php\/wp-json\/wp\/v2\/posts"}],"about":[{"href":"https:\/\/centralmedia.rs\/index.php\/wp-json\/wp\/v2\/types\/post"}],"author":[{"embeddable":true,"href":"https:\/\/centralmedia.rs\/index.php\/wp-json\/wp\/v2\/users\/4"}],"replies":[{"embeddable":true,"href":"https:\/\/centralmedia.rs\/index.php\/wp-json\/wp\/v2\/comments?post=4751"}],"version-history":[{"count":0,"href":"https:\/\/centralmedia.rs\/index.php\/wp-json\/wp\/v2\/posts\/4751\/revisions"}],"wp:featuredmedia":[{"embeddable":true,"href":"https:\/\/centralmedia.rs\/index.php\/wp-json\/wp\/v2\/media\/4752"}],"wp:attachment":[{"href":"https:\/\/centralmedia.rs\/index.php\/wp-json\/wp\/v2\/media?parent=4751"}],"wp:term":[{"taxonomy":"category","embeddable":true,"href":"https:\/\/centralmedia.rs\/index.php\/wp-json\/wp\/v2\/categories?post=4751"},{"taxonomy":"post_tag","embeddable":true,"href":"https:\/\/centralmedia.rs\/index.php\/wp-json\/wp\/v2\/tags?post=4751"}],"curies":[{"name":"wp","href":"https:\/\/api.w.org\/{rel}","templated":true}]}}