{"id":4757,"date":"2016-09-22T13:52:27","date_gmt":"2016-09-22T13:52:27","guid":{"rendered":"http:\/\/centralmedia.rs\/?p=4757"},"modified":"2016-09-22T13:52:27","modified_gmt":"2016-09-22T13:52:27","slug":"tomislav-nikolic-u-cupriji-srbija-svesna-da-je-rat-najveca-ludost","status":"publish","type":"post","link":"https:\/\/centralmedia.rs\/index.php\/2016\/09\/22\/tomislav-nikolic-u-cupriji-srbija-svesna-da-je-rat-najveca-ludost\/","title":{"rendered":"TOMISLAV NIKOLI\u0106 U \u0106UPRIJI &#8211; SRBIJA SVESNA DA JE RAT NAJVE\u0106A LUDOST"},"content":{"rendered":"<p>\u0106UPRIJA-Predsednik Srbije Tomislav Nikoli\u0107 izjavio je danas u \u0106upriji da su u Srbiji svi svesni da je rat najve\u0107a ludost i da samo treba da budemo oprezni da nas ne\u0161to ne bi iznenadilo.<br \/>\n       -Srbija je u\u010dinila najvi\u0161e za mir i stabilnost na Balkanu, dr\u017eava smo koja odra\u017eava dobre odnose sa svim zemljama na svetu. Oni koji zaostaju za nama poku\u0161avaju kori\u0161\u0107enjem svojih za\u0161titnika i patrona da stignu tu razliku, ali ta razlika se sti\u017ee radom ne pretnjama i ne oru\u017ejem, rekao je Nikoli\u0107 na po\u010detku berbe gro\u017e\u0111a u Rubinovom vinogradu nadomak \u0106urije i dodao da je Srbiji novac potreban za sprovo\u0111enje socijalnih programa za na\u0161e gra\u0111ane, a ne da kupuje oru\u017eje.<div id='gallery-1' class='gallery galleryid-4757 gallery-columns-3 gallery-size-full'><figure class='gallery-item'>\n\t\t\t<div class='gallery-icon landscape'>\n\t\t\t\t<a href='https:\/\/centralmedia.rs\/index.php\/2016\/09\/22\/tomislav-nikolic-u-cupriji-srbija-svesna-da-je-rat-najveca-ludost\/nikolic-7-cuprija-g-j\/'><img loading=\"lazy\" decoding=\"async\" width=\"900\" height=\"675\" src=\"https:\/\/centralmedia.rs\/wp-content\/uploads\/2016\/09\/nikolic-7-cuprija-g.j..jpg\" class=\"attachment-full size-full\" alt=\"\" srcset=\"https:\/\/centralmedia.rs\/wp-content\/uploads\/2016\/09\/nikolic-7-cuprija-g.j..jpg 900w, https:\/\/centralmedia.rs\/wp-content\/uploads\/2016\/09\/nikolic-7-cuprija-g.j.-300x225.jpg 300w, https:\/\/centralmedia.rs\/wp-content\/uploads\/2016\/09\/nikolic-7-cuprija-g.j.-768x576.jpg 768w, https:\/\/centralmedia.rs\/wp-content\/uploads\/2016\/09\/nikolic-7-cuprija-g.j.-80x60.jpg 80w, https:\/\/centralmedia.rs\/wp-content\/uploads\/2016\/09\/nikolic-7-cuprija-g.j.-265x198.jpg 265w\" sizes=\"(max-width: 900px) 100vw, 900px\" \/><\/a>\n\t\t\t<\/div><\/figure><figure class='gallery-item'>\n\t\t\t<div class='gallery-icon landscape'>\n\t\t\t\t<a href='https:\/\/centralmedia.rs\/index.php\/2016\/09\/22\/tomislav-nikolic-u-cupriji-srbija-svesna-da-je-rat-najveca-ludost\/nikolic-8-cuprija-g-j\/'><img loading=\"lazy\" decoding=\"async\" width=\"900\" height=\"675\" src=\"https:\/\/centralmedia.rs\/wp-content\/uploads\/2016\/09\/nikolic-8-cuprija-g.j..jpg\" class=\"attachment-full size-full\" alt=\"\" srcset=\"https:\/\/centralmedia.rs\/wp-content\/uploads\/2016\/09\/nikolic-8-cuprija-g.j..jpg 900w, https:\/\/centralmedia.rs\/wp-content\/uploads\/2016\/09\/nikolic-8-cuprija-g.j.-300x225.jpg 300w, https:\/\/centralmedia.rs\/wp-content\/uploads\/2016\/09\/nikolic-8-cuprija-g.j.-768x576.jpg 768w, https:\/\/centralmedia.rs\/wp-content\/uploads\/2016\/09\/nikolic-8-cuprija-g.j.-80x60.jpg 80w, https:\/\/centralmedia.rs\/wp-content\/uploads\/2016\/09\/nikolic-8-cuprija-g.j.-265x198.jpg 265w\" sizes=\"(max-width: 900px) 100vw, 900px\" \/><\/a>\n\t\t\t<\/div><\/figure><figure class='gallery-item'>\n\t\t\t<div class='gallery-icon landscape'>\n\t\t\t\t<a href='https:\/\/centralmedia.rs\/index.php\/2016\/09\/22\/tomislav-nikolic-u-cupriji-srbija-svesna-da-je-rat-najveca-ludost\/nikolic-cuprija-g-j\/'><img loading=\"lazy\" decoding=\"async\" width=\"900\" height=\"675\" src=\"https:\/\/centralmedia.rs\/wp-content\/uploads\/2016\/09\/nikolic-cuprija-g.j..jpg\" class=\"attachment-full size-full\" alt=\"\" srcset=\"https:\/\/centralmedia.rs\/wp-content\/uploads\/2016\/09\/nikolic-cuprija-g.j..jpg 900w, https:\/\/centralmedia.rs\/wp-content\/uploads\/2016\/09\/nikolic-cuprija-g.j.-300x225.jpg 300w, https:\/\/centralmedia.rs\/wp-content\/uploads\/2016\/09\/nikolic-cuprija-g.j.-768x576.jpg 768w, https:\/\/centralmedia.rs\/wp-content\/uploads\/2016\/09\/nikolic-cuprija-g.j.-80x60.jpg 80w, https:\/\/centralmedia.rs\/wp-content\/uploads\/2016\/09\/nikolic-cuprija-g.j.-265x198.jpg 265w\" sizes=\"(max-width: 900px) 100vw, 900px\" \/><\/a>\n\t\t\t<\/div><\/figure>\n\t\t<\/div>\n<br \/>\nKomentari\u0161u\u0107i izjavu generala Pavlova da je pogre\u0161no protuma\u010den i da Nato nikome ne preti, Nikoli\u0107 je rekao je da je to odli\u010dno i da bi voleo da je to istina.<br \/>\n\t-Bitno je da je Nato shvatio da neki njegov general ne sme da se me\u0161a u odnose izme\u0111u drugih dr\u017eava, a drugo da ne sme da zvecka oru\u017ejem. Znamo da Nato ima oru\u017eje, niko ne treba da nas to podse\u0107a, samo nas intresuje da li je spreman da ga bezumno, bez razloga i potrebe, bez ikakvog opravdanja upotebi ili ne, istakao je Nikoli\u0107.<br \/>\nOn je rekao da ne poznaje \u010doveka koji bi voleo da ratuje i podsetio na srpsku poslovicu ,,Ko voleo da ratuje, u glavi mu se ratovalo\u201c .<br \/>\n\t-U Srbiji vi\u0161e ne\u0107e na\u0107i partnera za rat, isklju\u010divo za mir i dobre odnose. Me\u0111utim , sve je mogu\u0107e i uvek treba razmi\u0161ljati o tome da postoji neka luda glava. Mislim da je Nato shvatio koliko je bilo besmisleno i zlo\u010dina\u010dko bombardovanje Jugoslavije 1999.  godine i da mu ne pada napamet da ponovo napadne Srbiju, zato \u0161to mi nismo dali nikakav razlog. Nemaju sada opravdanja  ni kojim bi svoju savest prali, pojasnio je Nikoli\u0107.<br \/>\n        On je objasni da zao\u0161trena retorika posledica izborne kampanje u BIH, jer uvek su kampanje vo\u0111ene na temu ko \u0107e bolje da za\u0161titi svoj narod od drugih u toj dr\u017eavi i dok to ne prevazi\u0111u ,,ima\u0107emo turbulentne situacije u doba izbora\u201c.<br \/>\n       -Na svu sre\u0107u Srbija ne vodi takvu politku, niti izborne kampanje, na taj na\u010din se ne sti\u017ee na vlast. Mogu da se ugledaju na na\u0161e gra\u0111ane i politi\u010dare. Me\u0111utim,  ka\u017enjavanje jedne stranke koja je bila previ\u0161e ratoborna od strane gra\u0111ana Hrvatske je znak da narodnu nije do rata. \u0160teta \u0161to nam neko kvari odnose, da li je sa Balkana ili pomognut sa strane, ka\u017ee je Nikoli\u0107.<br \/>\n        On je ponovio da Srbija ne u\u010destvuje u pogor\u0161anju odnosa izme\u0111u dr\u017eava i da \u0107e i dalje \u0107e biti faktor mira i stabilnosti na Balkanu ,,makar koliko nas to ko\u0161talo i da neko mo\u017ee da ka\u017ee da se bojimo ili da smo slabi\u201c.<br \/>\n        -Nismo slabi, snagu u 21. veku treba pokazivati uspe\u0161nim vo\u0111enjem dr\u017eave i kakve odnose ima\u0161 sa dr\u017eavama u svetu, rekao je Nikoli\u0107 i dodao da je referendum je stvar Republike Srpske, te da se Srbija ne me\u0161a bilo kome ko dr\u017ei referndum, a ne\u0107e se me\u0161ati ni Republici Srpskoj.<br \/>\n       -Ko je taj ko \u0107e re\u0107i da bolje razume potebe, interese, ugro\u017eenost RS, ako se odr\u017ei refendnum ili ne. Da li mogu majorizacijom ostali narodi u BIH da odrede Republici Srpskoj koji dan \u0107e da slave, kakav je to ospasan referendum, zapitao se on i pojasnio da je to ,,opasan\u201c referenedum zato \u0161to \u0107e biti odr\u017ean prvi put, pa bi mo\u017eda mogli da uslede i drugi, kao i da onaj ko misli da zaustavlja demokratiju, tako \u0161to \u0107e zabraniti referendum, mora da se zabrine u\u0161ta se pretvorio, zaklju\u010dio je Nikoli\u0107.<\/p>\n","protected":false},"excerpt":{"rendered":"<p>\u0106UPRIJA-Predsednik Srbije Tomislav Nikoli\u0107 izjavio je danas u \u0106upriji da su u Srbiji svi svesni da je rat najve\u0107a ludost i da samo treba da &hellip; <\/p>\n","protected":false},"author":4,"featured_media":4758,"comment_status":"open","ping_status":"open","sticky":false,"template":"","format":"standard","meta":{"footnotes":""},"categories":[2,13,12],"tags":[44,47,1243],"_links":{"self":[{"href":"https:\/\/centralmedia.rs\/index.php\/wp-json\/wp\/v2\/posts\/4757"}],"collection":[{"href":"https:\/\/centralmedia.rs\/index.php\/wp-json\/wp\/v2\/posts"}],"about":[{"href":"https:\/\/centralmedia.rs\/index.php\/wp-json\/wp\/v2\/types\/post"}],"author":[{"embeddable":true,"href":"https:\/\/centralmedia.rs\/index.php\/wp-json\/wp\/v2\/users\/4"}],"replies":[{"embeddable":true,"href":"https:\/\/centralmedia.rs\/index.php\/wp-json\/wp\/v2\/comments?post=4757"}],"version-history":[{"count":0,"href":"https:\/\/centralmedia.rs\/index.php\/wp-json\/wp\/v2\/posts\/4757\/revisions"}],"wp:featuredmedia":[{"embeddable":true,"href":"https:\/\/centralmedia.rs\/index.php\/wp-json\/wp\/v2\/media\/4758"}],"wp:attachment":[{"href":"https:\/\/centralmedia.rs\/index.php\/wp-json\/wp\/v2\/media?parent=4757"}],"wp:term":[{"taxonomy":"category","embeddable":true,"href":"https:\/\/centralmedia.rs\/index.php\/wp-json\/wp\/v2\/categories?post=4757"},{"taxonomy":"post_tag","embeddable":true,"href":"https:\/\/centralmedia.rs\/index.php\/wp-json\/wp\/v2\/tags?post=4757"}],"curies":[{"name":"wp","href":"https:\/\/api.w.org\/{rel}","templated":true}]}}