{"id":4772,"date":"2016-09-23T15:13:09","date_gmt":"2016-09-23T15:13:09","guid":{"rendered":"http:\/\/centralmedia.rs\/?p=4772"},"modified":"2017-01-16T14:55:03","modified_gmt":"2017-01-16T14:55:03","slug":"cetiri-godine-borbe-majke-za-petogodsnjeg-sina-zastitnik-gradana-utvrdio-zloupotrebu-centra-za-socijalni-rad","status":"publish","type":"post","link":"https:\/\/centralmedia.rs\/index.php\/2016\/09\/23\/cetiri-godine-borbe-majke-za-petogodsnjeg-sina-zastitnik-gradana-utvrdio-zloupotrebu-centra-za-socijalni-rad\/","title":{"rendered":"\u010cETIRI GODINE BORBE MAJKE ZA PETOGODI\u0160NJEG SINA-ZA\u0160TITNIK GRA\u0110ANA UTVRDIO ZLOUPOTREBU CENTRA ZA SOCIJALNI RAD"},"content":{"rendered":"<p>DESPOTOVAC-Za\u0161titnik gra\u0111ana utvrdio je da Centar za socijalni rad Petrovac na Mlavi, Odeljenje \u017dagubica, u du\u017eem vremenskom periodu nije preduzimao mere i aktivnosti iz svoje nadle\u017enosti radi izvr\u0161enja pravnosna\u017ene sudske odluke o poveravanju maloletnog A.A. (5) na roditeljsko staranje majci Saneli Davidovi\u0107 (25), a radi za\u0161tite prava i interesa deteta od vi\u0161egodi\u0161nje zloupotrebe roditeljskog prava od strane oca \u017darka Aleksi\u0107a (32). Naime, ve\u0107 \u010detiri godine, od novembra 2012 godine, \u017darko ne po\u0161tuje sudske odluke da preda dete niskog kalendarskog uzrasta majici i skriva ga prilikom sudskih izvr\u0161enja. Zbog toga je osu\u0111en na kaznu zatvora od dva meseca, a za vreme slu\u017eenja kazne njegovi roditelji su skrivali dete do dr\u017eavnih organa i socijalnih radnika.<br \/>\n-To je samo predlog Za\u0161tinika gra\u0111ana, a da li \u0107e dr\u017eavni organi ili \u017darko da ga postupe po tome vide\u0107emo, ka\u017ee vidno razo\u010darana Sanela, ali je ohrabrena radom te institucije jer je ,,prona\u0111eno puno gre\u0161aka u radu Centra za socijalni rad\u201d.<br \/>\n-\u010cetiri godine traje moja borba, nadam se da \u0107e biti bolje, jer taj centar daju\u0107i mi\u0161ljenje da A. ostane kod \u017darka nije uzeo u obzir \u010dinjenicu da on nije dozvoljavao da vidim dete. Centar ni ranije nije postupao po predlozima Ministarstva za rad i socijalna pitanja, \u010dak su im naveli da na taj na\u010din ugro\u017eavaju dete, pa ne verujem da poslu\u0161ati Za\u0161tinika gra\u0111ana, ka\u017ee ona i navodi primer Poravnjanja, izme\u0111u \u017darka i centra o vi\u0111anju deteta i majke do okon\u010danja svih postupaka, po kome tvrdi da ,,ni jedno slovo tog dokumenta nije ispo\u0161tovano\u201d .<br \/>\n-\u017dalila sam se, \u017ealila, \u017ealila\u2026i socijalni radnici mi na kraju ka\u017eu da ne mogu ni\u0161ta da preduzmu. Dete ni jednom za \u010detiri godine nije kod mene u\u0161lo u stan, niti je bilo samo samnom, vi\u0111am ga ispred zgrade. Dovodi dete kad on ho\u0107e, a ne svake nedelje, nekada jednom ili dva puta mese\u010dno. Sve to znaju socijalni radnici, ali nikom ni\u0161ta, pri\u010dao ona i podse\u0107a da nije znala za postojanje dokumenta o Poravnjanju izme\u0111u \u017darka i centra, jer nije u\u010destvovala u sastavljanju tog dokumenta, niti je bila prisutna, niti ga je potpisala.<br \/>\n-Nikada nisam sa A. provela popodne ili ceo dan. Nikad nije sam samnom, ve\u0107 su tu \u017darko ili neko od njegovih ro\u0111aka. On uvek meni i detetu stoji iza le\u0111a, jer, kako je jedom rekao, ,,ne mogu da te ostavim samu sa detetom moram da slu\u0161am \u0161ta ti njemu pri\u010da\u0161\u201d. Ne dozvoljava detetu da se opusti i da bude samnom, uvek ga prati \u0161ta radi. Za protekle \u010detiri godine vidi se da dr\u017eava nije sposobna i spremna da izvr\u0161i odluke koje donosi, da li je problem u sudu ili da neko ne\u0107e, ne znam. Ali to su \u010detiri godine, dete nije par\u010de zemlje,pa da me je briga \u0161to \u0107e da stoji tamo, dete raste bez mene. U toku je su\u0111enje jer tu\u017eilac tereti \u017darka i njegove roditelje zbog skrivanja deteta, pri\u010dao ona.<br \/>\nZa\u0161titnik gra\u0111ana je u radu tog centra utvrdio propuste na \u0161tetu prava i interesa deteta A.A., koji se ogledaju u nepreduzimanju, u du\u017eem vremenskom periodu, mera i aktivnosti iz nadle\u017enosti organa starateljstva. Utvr\u0111eno je nepo\u0161tovanje standarda stru\u010dnog rada, nepravilno i nepotpuno utvr\u0111enom \u010dinjeni\u010dnom stanju prilikom procene i formiranja stru\u010dnog mi\u0161ljenja o roditeljskim kapacitetima. U aktu Za\u0161titnika gra\u0111ana stoji da je propustima tog centra povre\u0111eno pravo deteta na odr\u017eavanje li\u010dnih odnosa sa roditeljem sa kojim ne \u017eivi i pravo deteta da se o njemu brinu oba roditelja.<br \/>\nSanela se u me\u0111uvremenu udala i rodila jo\u0161 jedno dete. \u017darko Aleksi\u0107 je ranije rekao da ne\u0107e vi\u0161e davati izjave i novinarima zapretio tu\u017ebom ukoliko nastave da pi\u0161u o ovoj temi.<\/p>\n<p>TROGODI\u0160NJA BORBA<br \/>\n-Sanela je ,,pobegla\u201d od \u017darka u septembru 2012 godine zbog, kako ka\u017ee, fizi\u010dkog i psihi\u010dkog maltretiranja,ali joj on nije dozvolio da povede tad desetomese\u010dnog Andreja. Osnovni sud je starateljstvo nad detetom dodelio majci, \u0161to je posle \u017ealbe oca potvrdio Apelacioni sud. Potom, \u017darko i njegovi roditelji kriju malo dete od suda i socijalnih radnika koji dolaze na izvr\u0161enje. Nadle\u017eni organi nikada nisu utvrdili gde je i sa kim dete, da li je \u017eivo, dok je \u017darko bio u dvomese\u010dnom zatvoru .<\/p>\n<p><strong><em>Pozitivni primeri-Razglednica iz Despotovca \u2013 Projekat se realizuje uz pomo\u0107 sredstava iz bud\u017eeta Op\u0161tine Despotovac<\/em><\/strong><\/p>\n","protected":false},"excerpt":{"rendered":"<p>DESPOTOVAC-Za\u0161titnik gra\u0111ana utvrdio je da Centar za socijalni rad Petrovac na Mlavi, Odeljenje \u017dagubica, u du\u017eem vremenskom periodu nije preduzimao mere i aktivnosti iz svoje &hellip; <\/p>\n","protected":false},"author":4,"featured_media":4773,"comment_status":"open","ping_status":"open","sticky":false,"template":"","format":"standard","meta":{"footnotes":""},"categories":[1518,14,1524,2,12],"tags":[1251,51,115,127],"_links":{"self":[{"href":"https:\/\/centralmedia.rs\/index.php\/wp-json\/wp\/v2\/posts\/4772"}],"collection":[{"href":"https:\/\/centralmedia.rs\/index.php\/wp-json\/wp\/v2\/posts"}],"about":[{"href":"https:\/\/centralmedia.rs\/index.php\/wp-json\/wp\/v2\/types\/post"}],"author":[{"embeddable":true,"href":"https:\/\/centralmedia.rs\/index.php\/wp-json\/wp\/v2\/users\/4"}],"replies":[{"embeddable":true,"href":"https:\/\/centralmedia.rs\/index.php\/wp-json\/wp\/v2\/comments?post=4772"}],"version-history":[{"count":0,"href":"https:\/\/centralmedia.rs\/index.php\/wp-json\/wp\/v2\/posts\/4772\/revisions"}],"wp:featuredmedia":[{"embeddable":true,"href":"https:\/\/centralmedia.rs\/index.php\/wp-json\/wp\/v2\/media\/4773"}],"wp:attachment":[{"href":"https:\/\/centralmedia.rs\/index.php\/wp-json\/wp\/v2\/media?parent=4772"}],"wp:term":[{"taxonomy":"category","embeddable":true,"href":"https:\/\/centralmedia.rs\/index.php\/wp-json\/wp\/v2\/categories?post=4772"},{"taxonomy":"post_tag","embeddable":true,"href":"https:\/\/centralmedia.rs\/index.php\/wp-json\/wp\/v2\/tags?post=4772"}],"curies":[{"name":"wp","href":"https:\/\/api.w.org\/{rel}","templated":true}]}}