{"id":4792,"date":"2016-09-25T15:29:47","date_gmt":"2016-09-25T15:29:47","guid":{"rendered":"http:\/\/centralmedia.rs\/?p=4792"},"modified":"2017-01-20T00:12:56","modified_gmt":"2017-01-20T00:12:56","slug":"zavrsena-prva-faza-industrijske-zone-u-cupriji-novih-350-radnih-mesta-kraja-godine","status":"publish","type":"post","link":"https:\/\/centralmedia.rs\/index.php\/2016\/09\/25\/zavrsena-prva-faza-industrijske-zone-u-cupriji-novih-350-radnih-mesta-kraja-godine\/","title":{"rendered":"ZAVR\u0160ENA PRVA FAZA INDUSTRIJSKE ZONE U \u0106UPRIJI &#8211; NOVIH 350 RADNIH MESTA DO KRAJA GODINE"},"content":{"rendered":"<p>\u0106UPRIJA-Do kraja godine turski i kineski investitori otvori\u0107e u \u0106upriji 350 novih radnim mesta. Postavljanjem zavr\u0161nog sloja asvalta zavr\u0161ena je prva faza izgradnje Industrijske zone u \u0106upriji, koja je finansirana sredstvima Ministarstva privrede u visini od preko 70 miliona dinara.<br \/>\n-Ministarstvo je obezbedilo 21 milion dinara za drugu fazu izgradnje i upravo se zavr\u0161ava javna nabavku za te radove. O\u010dekujem da radovi po\u010dnu do kraja godine. Na taj na\u010din zavr\u0161i\u0107emo sa komunalnim i infrastrukturnim opremanjem zone. Stvori\u0107emo uslove da investitori imaju grinfild lokaciju na kojoj mogu odmah da grade svoje objekte, rekao je predsednik te op\u0161tine Ninoslav Eri\u0107.<br \/>\nTibet moda, turskog investitora, kre\u0107e sa proizvodnjom 30. septembra, a kineski Eurofiber 10. oktobra.<br \/>\n-Za ulaganja u \u0106upriji zainteresovani su austrijski Cumtobel i SDPR-Jugoimport. Sa doma\u0107im i stranim investitorima kre\u0107emo sa privrednim preporodom \u0106uprije i upo\u0161ljavanjem \u0106upri\u010dana. Sve na \u010demu smo radili u predhodnom peridu sada se ispunjava, ovo je po\u010detak privrednog razvoja \u0106uprije. To je put kojim smo hteli da idemo, zaklju\u010dio je Eri\u0107.<\/p>\n<p><strong><em>Pozitivni primeri Razglednica iz <\/em><\/strong><strong><em>\u0106uprije<\/em><\/strong><strong><em> \u2013 Projekat se realizuje uz pomo\u0107 sredstava iz bud\u017eeta Op\u0161tine \u0106uprija.<\/em><\/strong><\/p>\n<p>&nbsp;<\/p>\n","protected":false},"excerpt":{"rendered":"<p>\u0106UPRIJA-Do kraja godine turski i kineski investitori otvori\u0107e u \u0106upriji 350 novih radnim mesta. Postavljanjem zavr\u0161nog sloja asvalta zavr\u0161ena je prva faza izgradnje Industrijske zone &hellip; <\/p>\n","protected":false},"author":4,"featured_media":4794,"comment_status":"open","ping_status":"open","sticky":false,"template":"","format":"standard","meta":{"footnotes":""},"categories":[22,1515,1524,2,887],"tags":[44,1256,642],"_links":{"self":[{"href":"https:\/\/centralmedia.rs\/index.php\/wp-json\/wp\/v2\/posts\/4792"}],"collection":[{"href":"https:\/\/centralmedia.rs\/index.php\/wp-json\/wp\/v2\/posts"}],"about":[{"href":"https:\/\/centralmedia.rs\/index.php\/wp-json\/wp\/v2\/types\/post"}],"author":[{"embeddable":true,"href":"https:\/\/centralmedia.rs\/index.php\/wp-json\/wp\/v2\/users\/4"}],"replies":[{"embeddable":true,"href":"https:\/\/centralmedia.rs\/index.php\/wp-json\/wp\/v2\/comments?post=4792"}],"version-history":[{"count":0,"href":"https:\/\/centralmedia.rs\/index.php\/wp-json\/wp\/v2\/posts\/4792\/revisions"}],"wp:featuredmedia":[{"embeddable":true,"href":"https:\/\/centralmedia.rs\/index.php\/wp-json\/wp\/v2\/media\/4794"}],"wp:attachment":[{"href":"https:\/\/centralmedia.rs\/index.php\/wp-json\/wp\/v2\/media?parent=4792"}],"wp:term":[{"taxonomy":"category","embeddable":true,"href":"https:\/\/centralmedia.rs\/index.php\/wp-json\/wp\/v2\/categories?post=4792"},{"taxonomy":"post_tag","embeddable":true,"href":"https:\/\/centralmedia.rs\/index.php\/wp-json\/wp\/v2\/tags?post=4792"}],"curies":[{"name":"wp","href":"https:\/\/api.w.org\/{rel}","templated":true}]}}