{"id":4815,"date":"2016-09-27T07:27:02","date_gmt":"2016-09-27T07:27:02","guid":{"rendered":"http:\/\/centralmedia.rs\/?p=4815"},"modified":"2017-01-20T00:12:02","modified_gmt":"2017-01-20T00:12:02","slug":"dan-bez-automobila","status":"publish","type":"post","link":"https:\/\/centralmedia.rs\/index.php\/2016\/09\/27\/dan-bez-automobila\/","title":{"rendered":"DAN BEZ AUTOMOBILA"},"content":{"rendered":"<p>SVILAJNAC-U Parku evropskog prijateljstva u Svilajncu tre\u0107i put je obele\u017een Dan bez automobila. Trend rasta broja u\u010desnika je nastavljen, te ove godine bilo preko 300 u\u010desnika iz svih gradova u Pomoravlju koji su do\u0161li rolerima, biciklama, trotinetima, skuterima na elektri\u010dni pogon da podr\u017ee ovu akciju.<\/p>\n<div id='gallery-1' class='gallery galleryid-4815 gallery-columns-2 gallery-size-full'><figure class='gallery-item'>\n\t\t\t<div class='gallery-icon landscape'>\n\t\t\t\t<a href='https:\/\/centralmedia.rs\/index.php\/2016\/09\/27\/dan-bez-automobila\/bicikle-4\/'><img loading=\"lazy\" decoding=\"async\" width=\"960\" height=\"640\" src=\"https:\/\/centralmedia.rs\/wp-content\/uploads\/2016\/09\/bicikle-4.jpg\" class=\"attachment-full size-full\" alt=\"\" srcset=\"https:\/\/centralmedia.rs\/wp-content\/uploads\/2016\/09\/bicikle-4.jpg 960w, https:\/\/centralmedia.rs\/wp-content\/uploads\/2016\/09\/bicikle-4-300x200.jpg 300w, https:\/\/centralmedia.rs\/wp-content\/uploads\/2016\/09\/bicikle-4-768x512.jpg 768w\" sizes=\"(max-width: 960px) 100vw, 960px\" \/><\/a>\n\t\t\t<\/div><\/figure><figure class='gallery-item'>\n\t\t\t<div class='gallery-icon landscape'>\n\t\t\t\t<a href='https:\/\/centralmedia.rs\/index.php\/2016\/09\/27\/dan-bez-automobila\/bicikle-2\/'><img loading=\"lazy\" decoding=\"async\" width=\"960\" height=\"640\" src=\"https:\/\/centralmedia.rs\/wp-content\/uploads\/2016\/09\/bicikle-2.jpg\" class=\"attachment-full size-full\" alt=\"\" srcset=\"https:\/\/centralmedia.rs\/wp-content\/uploads\/2016\/09\/bicikle-2.jpg 960w, https:\/\/centralmedia.rs\/wp-content\/uploads\/2016\/09\/bicikle-2-300x200.jpg 300w, https:\/\/centralmedia.rs\/wp-content\/uploads\/2016\/09\/bicikle-2-768x512.jpg 768w\" sizes=\"(max-width: 960px) 100vw, 960px\" \/><\/a>\n\t\t\t<\/div><\/figure>\n\t\t<\/div>\n\n<p>U\u010desnici su pored tradicionalne vo\u017enje u\u017eivali i u programu koji su priredili u\u010denici O\u0160 \u201eJ.J.Zmaj\u201c, koji su i \u010dlanovi saobra\u0107ajne sekcije, kao i animatori koji su imali zabavni program za najmla\u0111e. U sklopu doga\u0111aja svim u\u010desnicima su podeljeni prsluk-markeri i fla\u0161ice sa vodom. Organizator ove manifestacije bila je Op\u0161tina Svilajnac u saradnji sa biciklisti\u010dkim klubom \u201e\u010ciroki\u201c i Volonterskom organizacijom Svilajnac.<\/p>\n<div id='gallery-2' class='gallery galleryid-4815 gallery-columns-2 gallery-size-full'><figure class='gallery-item'>\n\t\t\t<div class='gallery-icon landscape'>\n\t\t\t\t<a href='https:\/\/centralmedia.rs\/index.php\/2016\/09\/27\/dan-bez-automobila\/bicikle\/'><img loading=\"lazy\" decoding=\"async\" width=\"960\" height=\"640\" src=\"https:\/\/centralmedia.rs\/wp-content\/uploads\/2016\/09\/bicikle.jpg\" class=\"attachment-full size-full\" alt=\"\" srcset=\"https:\/\/centralmedia.rs\/wp-content\/uploads\/2016\/09\/bicikle.jpg 960w, https:\/\/centralmedia.rs\/wp-content\/uploads\/2016\/09\/bicikle-300x200.jpg 300w, https:\/\/centralmedia.rs\/wp-content\/uploads\/2016\/09\/bicikle-768x512.jpg 768w\" sizes=\"(max-width: 960px) 100vw, 960px\" \/><\/a>\n\t\t\t<\/div><\/figure><figure class='gallery-item'>\n\t\t\t<div class='gallery-icon landscape'>\n\t\t\t\t<a href='https:\/\/centralmedia.rs\/index.php\/2016\/09\/27\/dan-bez-automobila\/bicikle-1\/'><img loading=\"lazy\" decoding=\"async\" width=\"960\" height=\"640\" src=\"https:\/\/centralmedia.rs\/wp-content\/uploads\/2016\/09\/bicikle-1.jpg\" class=\"attachment-full size-full\" alt=\"\" srcset=\"https:\/\/centralmedia.rs\/wp-content\/uploads\/2016\/09\/bicikle-1.jpg 960w, https:\/\/centralmedia.rs\/wp-content\/uploads\/2016\/09\/bicikle-1-300x200.jpg 300w, https:\/\/centralmedia.rs\/wp-content\/uploads\/2016\/09\/bicikle-1-768x512.jpg 768w\" sizes=\"(max-width: 960px) 100vw, 960px\" \/><\/a>\n\t\t\t<\/div><\/figure>\n\t\t<\/div>\n\n<p>Organizaciji su tako\u0111e pomgli Crveni krst Svilajnac, KJP \u201eMorava\u201c kao i PU Svilajnac. U sklopu projekta Op\u0161tina Svilajnac je kupila novo stajali\u0161te za bicikle koje \u0107e slu\u017eiti svim gra\u0111anima op\u0161tine.<\/p>\n<p>&nbsp;<\/p>\n<p><strong><em>Svilajna\u010dka razglednica \u2013 Projekat se realizuje uz pomo\u0107 sredstava iz bud\u017eeta Op\u0161tine Svilajnac.<\/em><\/strong><\/p>\n","protected":false},"excerpt":{"rendered":"<p>SVILAJNAC-U Parku evropskog prijateljstva u Svilajncu tre\u0107i put je obele\u017een Dan bez automobila. Trend rasta broja u\u010desnika je nastavljen, te ove godine bilo preko 300 &hellip; <\/p>\n","protected":false},"author":4,"featured_media":4816,"comment_status":"open","ping_status":"open","sticky":false,"template":"","format":"standard","meta":{"footnotes":""},"categories":[1524,2,887,1517],"tags":[1239,1263,38],"_links":{"self":[{"href":"https:\/\/centralmedia.rs\/index.php\/wp-json\/wp\/v2\/posts\/4815"}],"collection":[{"href":"https:\/\/centralmedia.rs\/index.php\/wp-json\/wp\/v2\/posts"}],"about":[{"href":"https:\/\/centralmedia.rs\/index.php\/wp-json\/wp\/v2\/types\/post"}],"author":[{"embeddable":true,"href":"https:\/\/centralmedia.rs\/index.php\/wp-json\/wp\/v2\/users\/4"}],"replies":[{"embeddable":true,"href":"https:\/\/centralmedia.rs\/index.php\/wp-json\/wp\/v2\/comments?post=4815"}],"version-history":[{"count":0,"href":"https:\/\/centralmedia.rs\/index.php\/wp-json\/wp\/v2\/posts\/4815\/revisions"}],"wp:featuredmedia":[{"embeddable":true,"href":"https:\/\/centralmedia.rs\/index.php\/wp-json\/wp\/v2\/media\/4816"}],"wp:attachment":[{"href":"https:\/\/centralmedia.rs\/index.php\/wp-json\/wp\/v2\/media?parent=4815"}],"wp:term":[{"taxonomy":"category","embeddable":true,"href":"https:\/\/centralmedia.rs\/index.php\/wp-json\/wp\/v2\/categories?post=4815"},{"taxonomy":"post_tag","embeddable":true,"href":"https:\/\/centralmedia.rs\/index.php\/wp-json\/wp\/v2\/tags?post=4815"}],"curies":[{"name":"wp","href":"https:\/\/api.w.org\/{rel}","templated":true}]}}