{"id":4822,"date":"2016-09-27T07:42:40","date_gmt":"2016-09-27T07:42:40","guid":{"rendered":"http:\/\/centralmedia.rs\/?p=4822"},"modified":"2016-09-27T07:42:40","modified_gmt":"2016-09-27T07:42:40","slug":"nove-skole-fiskulturne-sale-u-paracinskim-selima","status":"publish","type":"post","link":"https:\/\/centralmedia.rs\/index.php\/2016\/09\/27\/nove-skole-fiskulturne-sale-u-paracinskim-selima\/","title":{"rendered":"NOVE \u0160KOLE I FISKULTURNE SALE U PARA\u0106INSKIM SELIMA"},"content":{"rendered":"<p>PARA\u0106IN- U Tra\u0161nejvici kod Para\u0107ina otvorena je novoizgra\u0111ena fiskulturna sala, tre\u0107a za osmorazredne osnovne \u0161kole ove godine i sedma u nizu u selima te op\u0161tine, izjavio je predsednik te op\u0161tine Sa\u0161a Paunovi\u0107 i dodao da sada svi osnovci u op\u0161tini imaju iste uslove za \u0161kolovanje, odnosno savremene uslove za nastavu. Izgradnja sale zapo\u010dela u novembru pro\u0161le godine. <div id='gallery-1' class='gallery galleryid-4822 gallery-columns-2 gallery-size-full'><figure class='gallery-item'>\n\t\t\t<div class='gallery-icon landscape'>\n\t\t\t\t<a href='https:\/\/centralmedia.rs\/index.php\/2016\/09\/27\/nove-skole-fiskulturne-sale-u-paracinskim-selima\/sala-u-tresnjevici-paracin-g-j\/'><img loading=\"lazy\" decoding=\"async\" width=\"960\" height=\"540\" src=\"https:\/\/centralmedia.rs\/wp-content\/uploads\/2016\/09\/sala-u-tresnjevici-paracin-g.j..jpg\" class=\"attachment-full size-full\" alt=\"\" aria-describedby=\"gallery-1-4824\" srcset=\"https:\/\/centralmedia.rs\/wp-content\/uploads\/2016\/09\/sala-u-tresnjevici-paracin-g.j..jpg 960w, https:\/\/centralmedia.rs\/wp-content\/uploads\/2016\/09\/sala-u-tresnjevici-paracin-g.j.-300x169.jpg 300w, https:\/\/centralmedia.rs\/wp-content\/uploads\/2016\/09\/sala-u-tresnjevici-paracin-g.j.-768x432.jpg 768w\" sizes=\"(max-width: 960px) 100vw, 960px\" \/><\/a>\n\t\t\t<\/div>\n\t\t\t\t<figcaption class='wp-caption-text gallery-caption' id='gallery-1-4824'>\n\t\t\t\tTre\u0161njevica\n\t\t\t\t<\/figcaption><\/figure><figure class='gallery-item'>\n\t\t\t<div class='gallery-icon landscape'>\n\t\t\t\t<a href='https:\/\/centralmedia.rs\/index.php\/2016\/09\/27\/nove-skole-fiskulturne-sale-u-paracinskim-selima\/saludovac-paracin-s-p\/'><img loading=\"lazy\" decoding=\"async\" width=\"497\" height=\"280\" src=\"https:\/\/centralmedia.rs\/wp-content\/uploads\/2016\/09\/saludovac-paracin-s.p..jpg\" class=\"attachment-full size-full\" alt=\"\" aria-describedby=\"gallery-1-4825\" srcset=\"https:\/\/centralmedia.rs\/wp-content\/uploads\/2016\/09\/saludovac-paracin-s.p..jpg 497w, https:\/\/centralmedia.rs\/wp-content\/uploads\/2016\/09\/saludovac-paracin-s.p.-300x169.jpg 300w\" sizes=\"(max-width: 497px) 100vw, 497px\" \/><\/a>\n\t\t\t<\/div>\n\t\t\t\t<figcaption class='wp-caption-text gallery-caption' id='gallery-1-4825'>\n\t\t\t\t\u0160aludovac\n\t\t\t\t<\/figcaption><\/figure>\n\t\t<\/div>\nIna\u010de, pre nekoliko dana u \u0160aludovcu otvorena nova \u0161kola koju su izgradili me\u0161tani i lokalna samouprava. <\/p>\n","protected":false},"excerpt":{"rendered":"<p>PARA\u0106IN- U Tra\u0161nejvici kod Para\u0107ina otvorena je novoizgra\u0111ena fiskulturna sala, tre\u0107a za osmorazredne osnovne \u0161kole ove godine i sedma u nizu u selima te op\u0161tine, &hellip; <\/p>\n","protected":false},"author":4,"featured_media":0,"comment_status":"open","ping_status":"open","sticky":false,"template":"","format":"standard","meta":{"footnotes":""},"categories":[2,16,12],"tags":[1264,156,662],"_links":{"self":[{"href":"https:\/\/centralmedia.rs\/index.php\/wp-json\/wp\/v2\/posts\/4822"}],"collection":[{"href":"https:\/\/centralmedia.rs\/index.php\/wp-json\/wp\/v2\/posts"}],"about":[{"href":"https:\/\/centralmedia.rs\/index.php\/wp-json\/wp\/v2\/types\/post"}],"author":[{"embeddable":true,"href":"https:\/\/centralmedia.rs\/index.php\/wp-json\/wp\/v2\/users\/4"}],"replies":[{"embeddable":true,"href":"https:\/\/centralmedia.rs\/index.php\/wp-json\/wp\/v2\/comments?post=4822"}],"version-history":[{"count":0,"href":"https:\/\/centralmedia.rs\/index.php\/wp-json\/wp\/v2\/posts\/4822\/revisions"}],"wp:attachment":[{"href":"https:\/\/centralmedia.rs\/index.php\/wp-json\/wp\/v2\/media?parent=4822"}],"wp:term":[{"taxonomy":"category","embeddable":true,"href":"https:\/\/centralmedia.rs\/index.php\/wp-json\/wp\/v2\/categories?post=4822"},{"taxonomy":"post_tag","embeddable":true,"href":"https:\/\/centralmedia.rs\/index.php\/wp-json\/wp\/v2\/tags?post=4822"}],"curies":[{"name":"wp","href":"https:\/\/api.w.org\/{rel}","templated":true}]}}