{"id":4840,"date":"2016-09-27T14:27:19","date_gmt":"2016-09-27T14:27:19","guid":{"rendered":"http:\/\/centralmedia.rs\/?p=4840"},"modified":"2016-09-28T12:22:48","modified_gmt":"2016-09-28T12:22:48","slug":"krstovdan-dan-paracina","status":"publish","type":"post","link":"https:\/\/centralmedia.rs\/index.php\/2016\/09\/27\/krstovdan-dan-paracina\/","title":{"rendered":"KRSTOVDAN-DAN PARA\u0106INA"},"content":{"rendered":"<p>PARA\u0106IN-Nisam dobio puno zahvalnica u protekle dve godine, ali sam ih dobio do najva\u017enijih Para\u0107ina, Svilajnaca i Obrenovca, rekao je danas u Para\u0107inu na sve\u010danosti dana te op\u0161tine direktor kancelarije za obnovu Srbije Marko Blagojevi\u0107 prilikom uru\u010denja plakete za doprinos u otklanjanju posledice poplava 2014. godine. <div id='gallery-1' class='gallery galleryid-4840 gallery-columns-3 gallery-size-full'><figure class='gallery-item'>\n\t\t\t<div class='gallery-icon landscape'>\n\t\t\t\t<a href='https:\/\/centralmedia.rs\/index.php\/2016\/09\/27\/krstovdan-dan-paracina\/dan-opstine-2-paracin-g-j\/'><img loading=\"lazy\" decoding=\"async\" width=\"960\" height=\"720\" src=\"https:\/\/centralmedia.rs\/wp-content\/uploads\/2016\/09\/dan-opstine-2-paracin-g.j..jpg\" class=\"attachment-full size-full\" alt=\"\" srcset=\"https:\/\/centralmedia.rs\/wp-content\/uploads\/2016\/09\/dan-opstine-2-paracin-g.j..jpg 960w, https:\/\/centralmedia.rs\/wp-content\/uploads\/2016\/09\/dan-opstine-2-paracin-g.j.-300x225.jpg 300w, https:\/\/centralmedia.rs\/wp-content\/uploads\/2016\/09\/dan-opstine-2-paracin-g.j.-768x576.jpg 768w, https:\/\/centralmedia.rs\/wp-content\/uploads\/2016\/09\/dan-opstine-2-paracin-g.j.-80x60.jpg 80w, https:\/\/centralmedia.rs\/wp-content\/uploads\/2016\/09\/dan-opstine-2-paracin-g.j.-265x198.jpg 265w\" sizes=\"(max-width: 960px) 100vw, 960px\" \/><\/a>\n\t\t\t<\/div><\/figure><figure class='gallery-item'>\n\t\t\t<div class='gallery-icon landscape'>\n\t\t\t\t<a href='https:\/\/centralmedia.rs\/index.php\/2016\/09\/27\/krstovdan-dan-paracina\/dan-opstine-1-paracin-g-j\/'><img loading=\"lazy\" decoding=\"async\" width=\"960\" height=\"720\" src=\"https:\/\/centralmedia.rs\/wp-content\/uploads\/2016\/09\/dan-opstine-1-paracin-g.j..jpg\" class=\"attachment-full size-full\" alt=\"\" srcset=\"https:\/\/centralmedia.rs\/wp-content\/uploads\/2016\/09\/dan-opstine-1-paracin-g.j..jpg 960w, https:\/\/centralmedia.rs\/wp-content\/uploads\/2016\/09\/dan-opstine-1-paracin-g.j.-300x225.jpg 300w, https:\/\/centralmedia.rs\/wp-content\/uploads\/2016\/09\/dan-opstine-1-paracin-g.j.-768x576.jpg 768w, https:\/\/centralmedia.rs\/wp-content\/uploads\/2016\/09\/dan-opstine-1-paracin-g.j.-80x60.jpg 80w, https:\/\/centralmedia.rs\/wp-content\/uploads\/2016\/09\/dan-opstine-1-paracin-g.j.-265x198.jpg 265w\" sizes=\"(max-width: 960px) 100vw, 960px\" \/><\/a>\n\t\t\t<\/div><\/figure><figure class='gallery-item'>\n\t\t\t<div class='gallery-icon landscape'>\n\t\t\t\t<a href='https:\/\/centralmedia.rs\/index.php\/2016\/09\/27\/krstovdan-dan-paracina\/sasa-paunovic-paracin-g-j-3\/'><img loading=\"lazy\" decoding=\"async\" width=\"960\" height=\"720\" src=\"https:\/\/centralmedia.rs\/wp-content\/uploads\/2016\/09\/sasa-paunovic-paracin-g.j.-2.jpg\" class=\"attachment-full size-full\" alt=\"\" srcset=\"https:\/\/centralmedia.rs\/wp-content\/uploads\/2016\/09\/sasa-paunovic-paracin-g.j.-2.jpg 960w, https:\/\/centralmedia.rs\/wp-content\/uploads\/2016\/09\/sasa-paunovic-paracin-g.j.-2-300x225.jpg 300w, https:\/\/centralmedia.rs\/wp-content\/uploads\/2016\/09\/sasa-paunovic-paracin-g.j.-2-768x576.jpg 768w, https:\/\/centralmedia.rs\/wp-content\/uploads\/2016\/09\/sasa-paunovic-paracin-g.j.-2-80x60.jpg 80w, https:\/\/centralmedia.rs\/wp-content\/uploads\/2016\/09\/sasa-paunovic-paracin-g.j.-2-265x198.jpg 265w\" sizes=\"(max-width: 960px) 100vw, 960px\" \/><\/a>\n\t\t\t<\/div><\/figure>\n\t\t<\/div>\n<br \/>\n       -Tri lokalne samouprave koje su pretrpele najve\u0107u \u0161tetu u poplava 2014. godine i to govori o tome da smo uradili dobar posao. Nadam se da je to tako, radili smo posle poplava da bi obnovili zemlju, nastavili posao i pre\u0161li u razvojnu fazu. Uradili smo i vi\u0161e nego \u0161to je bio plan, zahvaljuu\u0107i , pre svega, velikoj pomo\u0107i Evropske unije i me\u0111unarodne zajednice, istako je Blagojevi\u0107 u svom govoru.<a href=\"https:\/\/centralmedia.rs\/wp-content\/uploads\/2016\/09\/marko-blagodijevic-paracin-g.j..jpg\"><img loading=\"lazy\" decoding=\"async\" src=\"https:\/\/centralmedia.rs\/wp-content\/uploads\/2016\/09\/marko-blagodijevic-paracin-g.j..jpg\" alt=\"marko-blagodijevic-paracin-g-j\" width=\"960\" height=\"720\" class=\"alignnone size-full wp-image-4847\" srcset=\"https:\/\/centralmedia.rs\/wp-content\/uploads\/2016\/09\/marko-blagodijevic-paracin-g.j..jpg 960w, https:\/\/centralmedia.rs\/wp-content\/uploads\/2016\/09\/marko-blagodijevic-paracin-g.j.-300x225.jpg 300w, https:\/\/centralmedia.rs\/wp-content\/uploads\/2016\/09\/marko-blagodijevic-paracin-g.j.-768x576.jpg 768w, https:\/\/centralmedia.rs\/wp-content\/uploads\/2016\/09\/marko-blagodijevic-paracin-g.j.-80x60.jpg 80w, https:\/\/centralmedia.rs\/wp-content\/uploads\/2016\/09\/marko-blagodijevic-paracin-g.j.-265x198.jpg 265w\" sizes=\"(max-width: 960px) 100vw, 960px\" \/><\/a><br \/>\n       On je precizirao da su na 214 lokacija izvedeni radovi na obnovi i unapre\u0111enju lokalne infrastrukture. U selu Gornja Mutnica kod Para\u0107ina on je sve\u010dano obele\u017eio kraj radova na koritu reke Suvara i za\u0161titi od poplava, a ulo\u017eeno je 40 miliona dinara.<br \/>\n\t-Napravili smo u Para\u0107inu lep i dobar posao, bez obzira na veliku pretrpljenu nesre\u0107u gra\u0111ani makar delova ove op\u0161tine danas \u017eive kvalitetnijim  i bezbednijim \u017eivotom. U Gornjoj Mutnici, gde su obavljeni radovi na za\u0161titi od poplava,  imamo garancije da se ne\u0107e dogoditi onakva nesre\u0107a. Lokalna infrastruktura je beskrajno va\u017ena i nadam se da \u0107e na\u0161a saradnja biti nastavljena na razvojnim projektima  lokalne infrastrukrure. To mora da bude va\u017eno i dr\u017eavi, jer do toga zavisi lokalni ekonomski razvoj, rekao je Blagojevi\u0107.<br \/>\n       Predsednik SO Dragan Miti\u0107 je izve\u0161taju o radu skup\u0161tine rekao da je u proteklih godinu dana odr\u017eano 20 sednica do toga 8 u novom sazivu, da je doneseno nekoliko stotina odluka od va\u017enosti i u korist gra\u0111ana. On je konstatovao da je zahvaljuju\u0107i takvom radu Para\u0107in postao uzor drugim gradovima i op\u0161tinama, a pohvale su izra\u017eavali dr\u017eavni organi, resorni ministri i mediji.<br \/>\n\t-Para\u0107in je pominjan kao op\u0161tina sa suficitom u bud\u017eetu, bez vi\u0161ka zaposlenih, DRI je svrstao Para\u0107in na prvo mesto, Transparentnost Srbija nas je rangirala na prvo mesto po transparentnosti u radu. Me\u0111utim, u narednom periodu u vrhu na\u0161ih prioriteta mora bude omogu\u0107avanje uslova za otvaranje novih radnih mesta. Ulaganja u prosvetu moraju da se pove\u0107aju kroz stru\u010dna usavr\u0161avanja, kao i nagrade za nastavnike i u\u010denike. Unapredi\u0107emo saradnju sa penzionerima, najstarijim sugra\u0111anima, i najosetljivijim grupama, rekao je Miti\u0107.<div id='gallery-2' class='gallery galleryid-4840 gallery-columns-2 gallery-size-full'><figure class='gallery-item'>\n\t\t\t<div class='gallery-icon landscape'>\n\t\t\t\t<a href='https:\/\/centralmedia.rs\/index.php\/2016\/09\/27\/krstovdan-dan-paracina\/dan-opstine-paracin-g-j\/'><img loading=\"lazy\" decoding=\"async\" width=\"960\" height=\"720\" src=\"https:\/\/centralmedia.rs\/wp-content\/uploads\/2016\/09\/dan-opstine-paracin-g.j..jpg\" class=\"attachment-full size-full\" alt=\"\" srcset=\"https:\/\/centralmedia.rs\/wp-content\/uploads\/2016\/09\/dan-opstine-paracin-g.j..jpg 960w, https:\/\/centralmedia.rs\/wp-content\/uploads\/2016\/09\/dan-opstine-paracin-g.j.-300x225.jpg 300w, https:\/\/centralmedia.rs\/wp-content\/uploads\/2016\/09\/dan-opstine-paracin-g.j.-768x576.jpg 768w, https:\/\/centralmedia.rs\/wp-content\/uploads\/2016\/09\/dan-opstine-paracin-g.j.-80x60.jpg 80w, https:\/\/centralmedia.rs\/wp-content\/uploads\/2016\/09\/dan-opstine-paracin-g.j.-265x198.jpg 265w\" sizes=\"(max-width: 960px) 100vw, 960px\" \/><\/a>\n\t\t\t<\/div><\/figure><figure class='gallery-item'>\n\t\t\t<div class='gallery-icon landscape'>\n\t\t\t\t<a href='https:\/\/centralmedia.rs\/index.php\/2016\/09\/27\/krstovdan-dan-paracina\/sasa-paunovic-1-paracin-g-j-2\/'><img loading=\"lazy\" decoding=\"async\" width=\"960\" height=\"720\" src=\"https:\/\/centralmedia.rs\/wp-content\/uploads\/2016\/09\/sasa-paunovic-1-paracin-g.j..jpg\" class=\"attachment-full size-full\" alt=\"\" srcset=\"https:\/\/centralmedia.rs\/wp-content\/uploads\/2016\/09\/sasa-paunovic-1-paracin-g.j..jpg 960w, https:\/\/centralmedia.rs\/wp-content\/uploads\/2016\/09\/sasa-paunovic-1-paracin-g.j.-300x225.jpg 300w, https:\/\/centralmedia.rs\/wp-content\/uploads\/2016\/09\/sasa-paunovic-1-paracin-g.j.-768x576.jpg 768w, https:\/\/centralmedia.rs\/wp-content\/uploads\/2016\/09\/sasa-paunovic-1-paracin-g.j.-80x60.jpg 80w, https:\/\/centralmedia.rs\/wp-content\/uploads\/2016\/09\/sasa-paunovic-1-paracin-g.j.-265x198.jpg 265w\" sizes=\"(max-width: 960px) 100vw, 960px\" \/><\/a>\n\t\t\t<\/div><\/figure>\n\t\t<\/div>\n<br \/>\n        Predsednik op\u0161tine Para\u0107in Sa\u0161a Paunovi\u0107 zaklju\u010dio je da je ta lokalna samouprava po svim parametrima najbolja u Srbiji.<br \/>\n\t-Op\u0161tina \u0107e se u narednom periodu suo\u010diti sa dva izazova smanjenim bud\u017eetom zbog novog paketa poreskih zakona i eventualno pozitivnom odlukom stranog investitora kompanije Delfi o otvaranju pogona u kome \u0107e raditi 1.500 radnika. Bez obzira na  te izazove, izvesno je da \u0107emo nastaviti sa realizacijom drugih va\u017enih projekta. O\u010dekujemo po\u010detak radova na sistemu odbrane do poplava na reci Crnici, rekonstrukciju pet \u0161kolskih objekata, zavr\u0161etak izgradnje novog Kulturnog centra, infrastrukture u prigradskim naseljima,preseljenje komunalnih preduze\u0107a u biv\u0161u kasarnu, najavio je Paunovi\u0107.<br \/>\nKrstovdanske Plakete povodom dana op\u0161tine dobili su Delegacija EU u Srbiji, Kancelarija za obnovu, Ambasada Gr\u010dke u Beogradu, Fondacija Ana i Vlade Divac,Danski savet za izbeglice i Borivoje Jovanovi\u0107 iz Buljana.  Nov\u010dane nagrade u visini od 50.000 dinara uru\u010dene su dr Dragani Blagojevi\u0107, policijskom naredniku Bojani Mirkovi\u0107, novinarki Vesni Stojkovi\u0107, Vladimiru Jankovi\u0107u i Branki Brada\u0161evi\u0107. <\/p>\n","protected":false},"excerpt":{"rendered":"<p>PARA\u0106IN-Nisam dobio puno zahvalnica u protekle dve godine, ali sam ih dobio do najva\u017enijih Para\u0107ina, Svilajnaca i Obrenovca, rekao je danas u Para\u0107inu na sve\u010danosti &hellip; <\/p>\n","protected":false},"author":4,"featured_media":4841,"comment_status":"open","ping_status":"open","sticky":false,"template":"","format":"standard","meta":{"footnotes":""},"categories":[14,2,12],"tags":[1268,1269,156],"_links":{"self":[{"href":"https:\/\/centralmedia.rs\/index.php\/wp-json\/wp\/v2\/posts\/4840"}],"collection":[{"href":"https:\/\/centralmedia.rs\/index.php\/wp-json\/wp\/v2\/posts"}],"about":[{"href":"https:\/\/centralmedia.rs\/index.php\/wp-json\/wp\/v2\/types\/post"}],"author":[{"embeddable":true,"href":"https:\/\/centralmedia.rs\/index.php\/wp-json\/wp\/v2\/users\/4"}],"replies":[{"embeddable":true,"href":"https:\/\/centralmedia.rs\/index.php\/wp-json\/wp\/v2\/comments?post=4840"}],"version-history":[{"count":0,"href":"https:\/\/centralmedia.rs\/index.php\/wp-json\/wp\/v2\/posts\/4840\/revisions"}],"wp:featuredmedia":[{"embeddable":true,"href":"https:\/\/centralmedia.rs\/index.php\/wp-json\/wp\/v2\/media\/4841"}],"wp:attachment":[{"href":"https:\/\/centralmedia.rs\/index.php\/wp-json\/wp\/v2\/media?parent=4840"}],"wp:term":[{"taxonomy":"category","embeddable":true,"href":"https:\/\/centralmedia.rs\/index.php\/wp-json\/wp\/v2\/categories?post=4840"},{"taxonomy":"post_tag","embeddable":true,"href":"https:\/\/centralmedia.rs\/index.php\/wp-json\/wp\/v2\/tags?post=4840"}],"curies":[{"name":"wp","href":"https:\/\/api.w.org\/{rel}","templated":true}]}}