{"id":4871,"date":"2016-09-30T14:17:19","date_gmt":"2016-09-30T14:17:19","guid":{"rendered":"http:\/\/centralmedia.rs\/?p=4871"},"modified":"2017-01-20T00:07:17","modified_gmt":"2017-01-20T00:07:17","slug":"vucic-otvorio-tibet-modu-u-cupriji-turci-najavili-1-000-radnih-mesta","status":"publish","type":"post","link":"https:\/\/centralmedia.rs\/index.php\/2016\/09\/30\/vucic-otvorio-tibet-modu-u-cupriji-turci-najavili-1-000-radnih-mesta\/","title":{"rendered":"VU\u010cI\u0106 OTVORIO TIBET MODU U \u0106UPRIJI-TURCI NAJAVILI 1.000 RADNIH MESTA"},"content":{"rendered":"<p>\u0106UPRIJA-Predsednik Vlade Srbije Aleksandar Vu\u010di\u0107 i ambasador Turske Mehmed Kemal Bozaj danas su u \u0106upriji otvorili pogon za proizvodnju tekstila turske kompanije Tibet moda. Zaposleno je 100 radnika, a investicija je vredna 1,1 milion evra.<\/p>\n<p><div id='gallery-1' class='gallery galleryid-4871 gallery-columns-3 gallery-size-full'><figure class='gallery-item'>\n\t\t\t<div class='gallery-icon landscape'>\n\t\t\t\t<a href='https:\/\/centralmedia.rs\/index.php\/2016\/09\/30\/vucic-otvorio-tibet-modu-u-cupriji-turci-najavili-1-000-radnih-mesta\/vucic-8-cuprija-g-j\/'><img loading=\"lazy\" decoding=\"async\" width=\"900\" height=\"675\" src=\"https:\/\/centralmedia.rs\/wp-content\/uploads\/2016\/09\/vucic-8-cuprija-g.j..jpg\" class=\"attachment-full size-full\" alt=\"\" srcset=\"https:\/\/centralmedia.rs\/wp-content\/uploads\/2016\/09\/vucic-8-cuprija-g.j..jpg 900w, https:\/\/centralmedia.rs\/wp-content\/uploads\/2016\/09\/vucic-8-cuprija-g.j.-300x225.jpg 300w, https:\/\/centralmedia.rs\/wp-content\/uploads\/2016\/09\/vucic-8-cuprija-g.j.-768x576.jpg 768w, https:\/\/centralmedia.rs\/wp-content\/uploads\/2016\/09\/vucic-8-cuprija-g.j.-80x60.jpg 80w, https:\/\/centralmedia.rs\/wp-content\/uploads\/2016\/09\/vucic-8-cuprija-g.j.-265x198.jpg 265w\" sizes=\"(max-width: 900px) 100vw, 900px\" \/><\/a>\n\t\t\t<\/div><\/figure><figure class='gallery-item'>\n\t\t\t<div class='gallery-icon landscape'>\n\t\t\t\t<a href='https:\/\/centralmedia.rs\/index.php\/2016\/09\/30\/vucic-otvorio-tibet-modu-u-cupriji-turci-najavili-1-000-radnih-mesta\/vucic-1-cuprija-g-j\/'><img loading=\"lazy\" decoding=\"async\" width=\"900\" height=\"675\" src=\"https:\/\/centralmedia.rs\/wp-content\/uploads\/2016\/09\/vucic-1-cuprija-g.j..jpg\" class=\"attachment-full size-full\" alt=\"\" srcset=\"https:\/\/centralmedia.rs\/wp-content\/uploads\/2016\/09\/vucic-1-cuprija-g.j..jpg 900w, https:\/\/centralmedia.rs\/wp-content\/uploads\/2016\/09\/vucic-1-cuprija-g.j.-300x225.jpg 300w, https:\/\/centralmedia.rs\/wp-content\/uploads\/2016\/09\/vucic-1-cuprija-g.j.-768x576.jpg 768w, https:\/\/centralmedia.rs\/wp-content\/uploads\/2016\/09\/vucic-1-cuprija-g.j.-80x60.jpg 80w, https:\/\/centralmedia.rs\/wp-content\/uploads\/2016\/09\/vucic-1-cuprija-g.j.-265x198.jpg 265w\" sizes=\"(max-width: 900px) 100vw, 900px\" \/><\/a>\n\t\t\t<\/div><\/figure><figure class='gallery-item'>\n\t\t\t<div class='gallery-icon landscape'>\n\t\t\t\t<a href='https:\/\/centralmedia.rs\/index.php\/2016\/09\/30\/vucic-otvorio-tibet-modu-u-cupriji-turci-najavili-1-000-radnih-mesta\/vucic-2-cuprija-g-j\/'><img loading=\"lazy\" decoding=\"async\" width=\"900\" height=\"636\" src=\"https:\/\/centralmedia.rs\/wp-content\/uploads\/2016\/09\/vucic-2-cuprija-g.j..jpg\" class=\"attachment-full size-full\" alt=\"\" srcset=\"https:\/\/centralmedia.rs\/wp-content\/uploads\/2016\/09\/vucic-2-cuprija-g.j..jpg 900w, https:\/\/centralmedia.rs\/wp-content\/uploads\/2016\/09\/vucic-2-cuprija-g.j.-300x212.jpg 300w, https:\/\/centralmedia.rs\/wp-content\/uploads\/2016\/09\/vucic-2-cuprija-g.j.-768x543.jpg 768w, https:\/\/centralmedia.rs\/wp-content\/uploads\/2016\/09\/vucic-2-cuprija-g.j.-100x70.jpg 100w\" sizes=\"(max-width: 900px) 100vw, 900px\" \/><\/a>\n\t\t\t<\/div><\/figure>\n\t\t<\/div>\n<br \/>\n-Kada zavr\u0161imo izgradnju Koridora 10, isto\u010dnog kraka prema Sofiji i ju\u017enog prema Gr\u010dkoj ima\u0107emo dvostruko, trostruko vi\u0161e putni\u010dkih vozila nego danas, a posebno iz Turske. Ho\u0107emo da imamo dobre odnose sa Turskom. Mnogi su mi smejali i osu\u0111ivali me zbog dobrih odnosa i mira sa muslimanima, e ovo su rezultati. Ne\u0107e Turci da do\u0111u tamo gde nemaju dobre odnose, mi ih do\u010dekujemo kao prijatelje. Jedan od vlasnika Tibet mode Sengul Melih je sin Hajriza Demirovi\u0107a koji je 1957. godine oti\u0161ao iz Novog Pazara, rekao je Vu\u010di\u0107 na otvaranju fabrike i podsetio na turske investicije u Krupnju, Lekovcu, Vladi\u010dinom Hanu, Aleksincu&#8230;ali i najavio nove investije iz te dr\u017eave u \u017ditora\u0111i.<br \/>\nOn je istakao da Vlada Srbije nije dala subvencije za ovu tursku investiciju, ali \u0107e pomo\u0107i \u0106upriji da kupi jo\u0161 jednu halu, \u0161to \u0107e stvoriti uslove da turski investitori ispune obe\u0107anje i zaposle 1.000 radnika, te najavio da \u0107e tada do\u0107i ponovo da obi\u0111e Tibet modu.<br \/>\n-Sve \u0161to smo uni\u0161tili od 1990. godine i 2000. godine naovamo, polako te industrijske centre o\u017eivljavamo. Ho\u0107emo u \u0106upriji da imamo jo\u0161 stranih investicija. Ukoliko se austrijski Cumtobel odlu\u010di za \u0106upriju ima\u0107e svu podr\u0161ku Vlade Srbije, a to bi onda re\u0161ilo sve probleme oko zapo\u0161ljavanja \u0106upri\u010dana, ali \u010ditavom Pomoravlju, odnosno Jagodini, Para\u0107inu, Despotovcu i Svilajncu, rekao je Vu\u010di\u0107.<\/p>\n<p><div id='gallery-2' class='gallery galleryid-4871 gallery-columns-3 gallery-size-full'><figure class='gallery-item'>\n\t\t\t<div class='gallery-icon landscape'>\n\t\t\t\t<a href='https:\/\/centralmedia.rs\/index.php\/2016\/09\/30\/vucic-otvorio-tibet-modu-u-cupriji-turci-najavili-1-000-radnih-mesta\/vucic-3-cuprija-g-j\/'><img loading=\"lazy\" decoding=\"async\" width=\"900\" height=\"641\" src=\"https:\/\/centralmedia.rs\/wp-content\/uploads\/2016\/09\/vucic-3-cuprija-g.j..jpg\" class=\"attachment-full size-full\" alt=\"\" srcset=\"https:\/\/centralmedia.rs\/wp-content\/uploads\/2016\/09\/vucic-3-cuprija-g.j..jpg 900w, https:\/\/centralmedia.rs\/wp-content\/uploads\/2016\/09\/vucic-3-cuprija-g.j.-300x214.jpg 300w, https:\/\/centralmedia.rs\/wp-content\/uploads\/2016\/09\/vucic-3-cuprija-g.j.-768x547.jpg 768w, https:\/\/centralmedia.rs\/wp-content\/uploads\/2016\/09\/vucic-3-cuprija-g.j.-100x70.jpg 100w\" sizes=\"(max-width: 900px) 100vw, 900px\" \/><\/a>\n\t\t\t<\/div><\/figure><figure class='gallery-item'>\n\t\t\t<div class='gallery-icon landscape'>\n\t\t\t\t<a href='https:\/\/centralmedia.rs\/index.php\/2016\/09\/30\/vucic-otvorio-tibet-modu-u-cupriji-turci-najavili-1-000-radnih-mesta\/vucic-4-cuprija-g-j\/'><img loading=\"lazy\" decoding=\"async\" width=\"900\" height=\"636\" src=\"https:\/\/centralmedia.rs\/wp-content\/uploads\/2016\/09\/vucic-4-cuprija-g.j..jpg\" class=\"attachment-full size-full\" alt=\"\" srcset=\"https:\/\/centralmedia.rs\/wp-content\/uploads\/2016\/09\/vucic-4-cuprija-g.j..jpg 900w, https:\/\/centralmedia.rs\/wp-content\/uploads\/2016\/09\/vucic-4-cuprija-g.j.-300x212.jpg 300w, https:\/\/centralmedia.rs\/wp-content\/uploads\/2016\/09\/vucic-4-cuprija-g.j.-768x543.jpg 768w, https:\/\/centralmedia.rs\/wp-content\/uploads\/2016\/09\/vucic-4-cuprija-g.j.-100x70.jpg 100w\" sizes=\"(max-width: 900px) 100vw, 900px\" \/><\/a>\n\t\t\t<\/div><\/figure><figure class='gallery-item'>\n\t\t\t<div class='gallery-icon landscape'>\n\t\t\t\t<a href='https:\/\/centralmedia.rs\/index.php\/2016\/09\/30\/vucic-otvorio-tibet-modu-u-cupriji-turci-najavili-1-000-radnih-mesta\/vucic-5-cuprija-g-j\/'><img loading=\"lazy\" decoding=\"async\" width=\"900\" height=\"651\" src=\"https:\/\/centralmedia.rs\/wp-content\/uploads\/2016\/09\/vucic-5-cuprija-g.j..jpg\" class=\"attachment-full size-full\" alt=\"\" srcset=\"https:\/\/centralmedia.rs\/wp-content\/uploads\/2016\/09\/vucic-5-cuprija-g.j..jpg 900w, https:\/\/centralmedia.rs\/wp-content\/uploads\/2016\/09\/vucic-5-cuprija-g.j.-300x217.jpg 300w, https:\/\/centralmedia.rs\/wp-content\/uploads\/2016\/09\/vucic-5-cuprija-g.j.-768x556.jpg 768w, https:\/\/centralmedia.rs\/wp-content\/uploads\/2016\/09\/vucic-5-cuprija-g.j.-324x235.jpg 324w\" sizes=\"(max-width: 900px) 100vw, 900px\" \/><\/a>\n\t\t\t<\/div><\/figure>\n\t\t<\/div>\n<br \/>\nAmbasador Bozaj kazao je da veruje da \u0107e \u0106uprija biti najve\u0107i most izme\u0111u Turske i Srbije.<br \/>\n-Na jednom od sastanaka premijer Vu\u010di\u0107 mi je rekao ,,vi ka\u017eete \u0107uprija, mi ka\u017eemo \u0106uprija, pa \u0161to ne bismo sastavili te \u0107uprije pa da bude jedna trgovina&#8221;. Prihvatio sam ponudu i uz podr\u0161ku predsednika op\u0161tine Ninoslava Eri\u0107a evo nas danas ovde. Od \u0106uprije, preko Jagodine i Para\u0107ina, znam da je taj narod radan i vredan, istakao je Bozaj.<br \/>\nU \u0106upriji su danas zapo\u010deli radovi na drugoj fazi izgradnje Industrijske zone povr\u0161ine 16 hektara. Dr\u017eava je odobrila za tu namenu 21 milion dinara, a rok za zavr\u0161etak je \u0161est meseci.<\/p>\n<p>TRAKLAJT ILI CUMTOBEL<br \/>\n-Traklajt je promenio vlasnika. Produ\u017eili smo trajanje subvencije \u0106upriji od 3,5 miliona evra i o\u010dekujemo da se to realizuje do 2018. godine, to bi bilo vemo va\u017eno. Bilo da do\u0111e Traklajt ili Cumtobel, \u0106uprija je spasena, daj onda jednu od te dve da prebacimo negde drugo. Moramo da brinemo o svakom mestu u Srbiji. Ako \u0106uprija dobije 1.000 radnih mesta u Tibet modi, dobije Kineze, dobije Cumtobel ili Traklajt, daj da jednog prebacimo gde imamo probleme. Problemi su po \u010ditavoj Srbiji, najte\u017ee je na jugu,zato idemo u Ni\u0161, mnogo je muka&#8230;ka\u017ee Vu\u010di\u0107.<\/p>\n<p><strong><em>Pozitivni primeri Razglednica iz <\/em><\/strong><strong><em>\u0106uprije<\/em><\/strong><strong><em> \u2013 Projekat se realizuje uz pomo\u0107 sredstava iz bud\u017eeta Op\u0161tine \u0106uprija.<\/em><\/strong><\/p>\n<p>&nbsp;<\/p>\n","protected":false},"excerpt":{"rendered":"<p>\u0106UPRIJA-Predsednik Vlade Srbije Aleksandar Vu\u010di\u0107 i ambasador Turske Mehmed Kemal Bozaj danas su u \u0106upriji otvorili pogon za proizvodnju tekstila turske kompanije Tibet moda. Zaposleno &hellip; <\/p>\n","protected":false},"author":4,"featured_media":4872,"comment_status":"open","ping_status":"open","sticky":false,"template":"","format":"standard","meta":{"footnotes":""},"categories":[1515,1524,2,13,887,12],"tags":[1275,44,1077,670],"_links":{"self":[{"href":"https:\/\/centralmedia.rs\/index.php\/wp-json\/wp\/v2\/posts\/4871"}],"collection":[{"href":"https:\/\/centralmedia.rs\/index.php\/wp-json\/wp\/v2\/posts"}],"about":[{"href":"https:\/\/centralmedia.rs\/index.php\/wp-json\/wp\/v2\/types\/post"}],"author":[{"embeddable":true,"href":"https:\/\/centralmedia.rs\/index.php\/wp-json\/wp\/v2\/users\/4"}],"replies":[{"embeddable":true,"href":"https:\/\/centralmedia.rs\/index.php\/wp-json\/wp\/v2\/comments?post=4871"}],"version-history":[{"count":0,"href":"https:\/\/centralmedia.rs\/index.php\/wp-json\/wp\/v2\/posts\/4871\/revisions"}],"wp:featuredmedia":[{"embeddable":true,"href":"https:\/\/centralmedia.rs\/index.php\/wp-json\/wp\/v2\/media\/4872"}],"wp:attachment":[{"href":"https:\/\/centralmedia.rs\/index.php\/wp-json\/wp\/v2\/media?parent=4871"}],"wp:term":[{"taxonomy":"category","embeddable":true,"href":"https:\/\/centralmedia.rs\/index.php\/wp-json\/wp\/v2\/categories?post=4871"},{"taxonomy":"post_tag","embeddable":true,"href":"https:\/\/centralmedia.rs\/index.php\/wp-json\/wp\/v2\/tags?post=4871"}],"curies":[{"name":"wp","href":"https:\/\/api.w.org\/{rel}","templated":true}]}}