{"id":4880,"date":"2016-09-30T14:34:15","date_gmt":"2016-09-30T14:34:15","guid":{"rendered":"http:\/\/centralmedia.rs\/?p=4880"},"modified":"2016-09-30T14:47:24","modified_gmt":"2016-09-30T14:47:24","slug":"borba-hraniteljice-za-usvojenje-deta-sa-daunovim-sindromom","status":"publish","type":"post","link":"https:\/\/centralmedia.rs\/index.php\/2016\/09\/30\/borba-hraniteljice-za-usvojenje-deta-sa-daunovim-sindromom\/","title":{"rendered":"BORBA HRANITELJICE ZA USVOJENJE DETA SA DAUNOVIM SINDROMOM"},"content":{"rendered":"<p>JAGODINA-Hraniteljica Silvana Veselinovi\u0107 iz Jagodine posle \u010detvorogodi\u0161nje procedure usvojila je sedmogodi\u0161nju Unu, koja je ima Daunov sindrom.<br \/>\n       -Una je kod nas \u010detiri i po godine. Bila sam njena hraniteljica.Upoznala sam je u Zve\u010danskoj u Beogradu. Od tada se nikada nismo rastale. Uzela sam je 3. juna 2012 godine. Posle dve nedelje, kada sam postala njen staratelj, \u017eelela sam da je usvojim. Njeni roditelji su sudski li\u0161eni roditeljstva,me\u0111utim, morali smo da pro\u0111emo proceduru pripreme detata za usvajanje, pa pripremu hranitelja. To je trajalo dugo i re\u010d je o administrativnim pripremama, lekarskim  pregledima, edukacijama za usvojitelja. Procedura je zahtevana. Bila sam uporna, jer mnogo volim Unu. Kada nas vide na ulici ljudi uop\u0161te ne sumnjaju da je ona moja \u0107erka, pri\u010da Silvana.<div id='gallery-1' class='gallery galleryid-4880 gallery-columns-3 gallery-size-full'><figure class='gallery-item'>\n\t\t\t<div class='gallery-icon portrait'>\n\t\t\t\t<a href='https:\/\/centralmedia.rs\/index.php\/2016\/09\/30\/borba-hraniteljice-za-usvojenje-deta-sa-daunovim-sindromom\/13925212_900733360070051_653495811784349862_n\/'><img loading=\"lazy\" decoding=\"async\" width=\"528\" height=\"960\" src=\"https:\/\/centralmedia.rs\/wp-content\/uploads\/2016\/09\/13925212_900733360070051_653495811784349862_n.jpg\" class=\"attachment-full size-full\" alt=\"\" srcset=\"https:\/\/centralmedia.rs\/wp-content\/uploads\/2016\/09\/13925212_900733360070051_653495811784349862_n.jpg 528w, https:\/\/centralmedia.rs\/wp-content\/uploads\/2016\/09\/13925212_900733360070051_653495811784349862_n-165x300.jpg 165w\" sizes=\"(max-width: 528px) 100vw, 528px\" \/><\/a>\n\t\t\t<\/div><\/figure><figure class='gallery-item'>\n\t\t\t<div class='gallery-icon portrait'>\n\t\t\t\t<a href='https:\/\/centralmedia.rs\/index.php\/2016\/09\/30\/borba-hraniteljice-za-usvojenje-deta-sa-daunovim-sindromom\/14183955_911723348971052_6799860319564210048_n\/'><img loading=\"lazy\" decoding=\"async\" width=\"720\" height=\"960\" src=\"https:\/\/centralmedia.rs\/wp-content\/uploads\/2016\/09\/14183955_911723348971052_6799860319564210048_n.jpg\" class=\"attachment-full size-full\" alt=\"\" srcset=\"https:\/\/centralmedia.rs\/wp-content\/uploads\/2016\/09\/14183955_911723348971052_6799860319564210048_n.jpg 720w, https:\/\/centralmedia.rs\/wp-content\/uploads\/2016\/09\/14183955_911723348971052_6799860319564210048_n-225x300.jpg 225w\" sizes=\"(max-width: 720px) 100vw, 720px\" \/><\/a>\n\t\t\t<\/div><\/figure><figure class='gallery-item'>\n\t\t\t<div class='gallery-icon portrait'>\n\t\t\t\t<a href='https:\/\/centralmedia.rs\/index.php\/2016\/09\/30\/borba-hraniteljice-za-usvojenje-deta-sa-daunovim-sindromom\/14329894_1167837669945085_7199318233016798784_n\/'><img loading=\"lazy\" decoding=\"async\" width=\"720\" height=\"960\" src=\"https:\/\/centralmedia.rs\/wp-content\/uploads\/2016\/09\/14329894_1167837669945085_7199318233016798784_n.jpg\" class=\"attachment-full size-full\" alt=\"\" srcset=\"https:\/\/centralmedia.rs\/wp-content\/uploads\/2016\/09\/14329894_1167837669945085_7199318233016798784_n.jpg 720w, https:\/\/centralmedia.rs\/wp-content\/uploads\/2016\/09\/14329894_1167837669945085_7199318233016798784_n-225x300.jpg 225w\" sizes=\"(max-width: 720px) 100vw, 720px\" \/><\/a>\n\t\t\t<\/div><\/figure>\n\t\t<\/div>\n<br \/>\n      Njenu odluku su podr\u017eali njeno dvoje dece Danijela (20) i Danijel (24), kao i suprug.<br \/>\n      -Svi je volimo, volimo je kakva ona jeste, nikad je ne zami\u0161ljamo kakva bi mogla da bude, \u0161ta bi trebala da zna. Ljudi imaju predrasude prema Dunovom sindromu. Nama je ona takva kakva jeste, dobra, umiljata, lepa&#8230;, sa mnogo ljubavi obja\u0161njava Silvana.<br \/>\n     Veselinovi\u0107i, me\u0111utim, zbog Uninog \u0161kolovanja nameravaju da se presele u Francusku.<br \/>\n     -Una je po\u0161la u prvi razred specijalne \u0161kole 11. maj u Jagodini, ali po\u0161to u Francuskoj postoji specijalna \u0161kola za decu sa Daunovim sindromom odlu\u010dili smo da poku\u0161amo tamo. Nisam mogla da je upi\u0161em tamo dok zvani\u010dno nije postala moja \u0107erka. Ostalo je jo\u0161 da joj promenim prezime u paso\u0161u. Da\u0107u otkaz u Gerontolo\u0161kom centru i porodi\u010dno se selimo zbog Une u Francusku, ka\u017ee Silvana.<br \/>\n      Re\u010d je o \u0161koli  koja decu sa Daunovim sindromom edukuje i osposobljava za \u017eivot, te se deca zapo\u0161ljavaju.<br \/>\n     -Na taj na\u010din Una \u0107e posle moje smrti mo\u0107i sama da se izdr\u017eava,da radi i brine o sebi. Brinu\u0107e i moja biolo\u0161ka deca, ali ovo je najbolje za nju, sa osmehom obja\u0161njava Silvana.<\/p>\n","protected":false},"excerpt":{"rendered":"<p>JAGODINA-Hraniteljica Silvana Veselinovi\u0107 iz Jagodine posle \u010detvorogodi\u0161nje procedure usvojila je sedmogodi\u0161nju Unu, koja je ima Daunov sindrom. -Una je kod nas \u010detiri i po godine. &hellip; <\/p>\n","protected":false},"author":4,"featured_media":4881,"comment_status":"open","ping_status":"open","sticky":false,"template":"","format":"standard","meta":{"footnotes":""},"categories":[33,2,23],"tags":[1277,58,1276],"_links":{"self":[{"href":"https:\/\/centralmedia.rs\/index.php\/wp-json\/wp\/v2\/posts\/4880"}],"collection":[{"href":"https:\/\/centralmedia.rs\/index.php\/wp-json\/wp\/v2\/posts"}],"about":[{"href":"https:\/\/centralmedia.rs\/index.php\/wp-json\/wp\/v2\/types\/post"}],"author":[{"embeddable":true,"href":"https:\/\/centralmedia.rs\/index.php\/wp-json\/wp\/v2\/users\/4"}],"replies":[{"embeddable":true,"href":"https:\/\/centralmedia.rs\/index.php\/wp-json\/wp\/v2\/comments?post=4880"}],"version-history":[{"count":0,"href":"https:\/\/centralmedia.rs\/index.php\/wp-json\/wp\/v2\/posts\/4880\/revisions"}],"wp:featuredmedia":[{"embeddable":true,"href":"https:\/\/centralmedia.rs\/index.php\/wp-json\/wp\/v2\/media\/4881"}],"wp:attachment":[{"href":"https:\/\/centralmedia.rs\/index.php\/wp-json\/wp\/v2\/media?parent=4880"}],"wp:term":[{"taxonomy":"category","embeddable":true,"href":"https:\/\/centralmedia.rs\/index.php\/wp-json\/wp\/v2\/categories?post=4880"},{"taxonomy":"post_tag","embeddable":true,"href":"https:\/\/centralmedia.rs\/index.php\/wp-json\/wp\/v2\/tags?post=4880"}],"curies":[{"name":"wp","href":"https:\/\/api.w.org\/{rel}","templated":true}]}}