{"id":4888,"date":"2016-09-30T16:13:28","date_gmt":"2016-09-30T16:13:28","guid":{"rendered":"http:\/\/centralmedia.rs\/?p=4888"},"modified":"2017-01-20T00:06:26","modified_gmt":"2017-01-20T00:06:26","slug":"zavrsna-faza-izgradnje-industrijske-zone","status":"publish","type":"post","link":"https:\/\/centralmedia.rs\/index.php\/2016\/09\/30\/zavrsna-faza-izgradnje-industrijske-zone\/","title":{"rendered":"ZAVR\u0160NA FAZA IZGRADNJE INDUSTRIJSKE ZONE"},"content":{"rendered":"<p>\u0106UPRIJA-Danas su po\u010deli radovi na zavr\u0161noj fazi izgradnje Industrijske zone u \u0106upriji. Re\u010d je o povr\u0161ini od 16 hektara.Rok za izgradnju je \u0161est meseci.<br \/>\n-Za mesec dana Kineska kompanija Eurofiber zapo\u010de\u0107e proizvodnju, oni planiraju izgradnju hale od 20.000 kvadrata i da zaposle 250 radnika, SDPR Jugoimport izgradi\u0107e pogon u \u0106upriji do kraja godine, u toku su razgovori sa austrijskom kompanijom Cumtobel, rekao je predsednik op\u0161tine \u0106uprija Ninoslav Eri\u0107.<br \/>\nTraklajt je ve\u0107 zauzeo 4 hektara u toj zoni, Kinezi planiraju izgradnju hale od 20.000 kvadarata i najavljen je dolazak austrijskog Cumtobela.<br \/>\n-Na taj na\u010din zavr\u0161i\u0107emo pri\u010du o nezaposlenosti ne samo u \u0106upriji, ve\u0107 u celom Pomoravlju. Na\u0161 cilj je vizija Op\u0161tine \u0106uprija. \u017delimo da pove\u0107amo broj stanovnika, kroz ekonomski i dru\u0161tveni razvoj. \u017delimo da nam se deca ra\u0111aju, da zavr\u0161e \u0161kole i da se vrate da rade i \u017eive ovde. \u017delimo nove stanovnike u \u0106upriji, to je na\u0161 zadatak, istakao je Eri\u0107.<\/p>\n<p><strong><em>Pozitivni primeri Razglednica iz <\/em><\/strong><strong><em>\u0106uprije<\/em><\/strong><strong><em> \u2013 Projekat se realizuje uz pomo\u0107 sredstava iz bud\u017eeta Op\u0161tine \u0106uprija.<\/em><\/strong><\/p>\n","protected":false},"excerpt":{"rendered":"<p>\u0106UPRIJA-Danas su po\u010deli radovi na zavr\u0161noj fazi izgradnje Industrijske zone u \u0106upriji. Re\u010d je o povr\u0161ini od 16 hektara.Rok za izgradnju je \u0161est meseci. -Za &hellip; <\/p>\n","protected":false},"author":4,"featured_media":4889,"comment_status":"open","ping_status":"open","sticky":false,"template":"","format":"standard","meta":{"footnotes":""},"categories":[22,1515,1524,2,887],"tags":[44,1278,1256,376],"_links":{"self":[{"href":"https:\/\/centralmedia.rs\/index.php\/wp-json\/wp\/v2\/posts\/4888"}],"collection":[{"href":"https:\/\/centralmedia.rs\/index.php\/wp-json\/wp\/v2\/posts"}],"about":[{"href":"https:\/\/centralmedia.rs\/index.php\/wp-json\/wp\/v2\/types\/post"}],"author":[{"embeddable":true,"href":"https:\/\/centralmedia.rs\/index.php\/wp-json\/wp\/v2\/users\/4"}],"replies":[{"embeddable":true,"href":"https:\/\/centralmedia.rs\/index.php\/wp-json\/wp\/v2\/comments?post=4888"}],"version-history":[{"count":0,"href":"https:\/\/centralmedia.rs\/index.php\/wp-json\/wp\/v2\/posts\/4888\/revisions"}],"wp:featuredmedia":[{"embeddable":true,"href":"https:\/\/centralmedia.rs\/index.php\/wp-json\/wp\/v2\/media\/4889"}],"wp:attachment":[{"href":"https:\/\/centralmedia.rs\/index.php\/wp-json\/wp\/v2\/media?parent=4888"}],"wp:term":[{"taxonomy":"category","embeddable":true,"href":"https:\/\/centralmedia.rs\/index.php\/wp-json\/wp\/v2\/categories?post=4888"},{"taxonomy":"post_tag","embeddable":true,"href":"https:\/\/centralmedia.rs\/index.php\/wp-json\/wp\/v2\/tags?post=4888"}],"curies":[{"name":"wp","href":"https:\/\/api.w.org\/{rel}","templated":true}]}}