{"id":4916,"date":"2016-10-05T09:06:48","date_gmt":"2016-10-05T09:06:48","guid":{"rendered":"http:\/\/centralmedia.rs\/?p=4916"},"modified":"2017-01-20T00:04:37","modified_gmt":"2017-01-20T00:04:37","slug":"decija-nedelja-u-svilajncu","status":"publish","type":"post","link":"https:\/\/centralmedia.rs\/index.php\/2016\/10\/05\/decija-nedelja-u-svilajncu\/","title":{"rendered":"DE\u010cIJA NEDELJA U SVILAJNCU"},"content":{"rendered":"<p>SVILAJNAC-U okviru De\u010dje nedelje, u\u010denici osnovne \u0161kole, od prvog do \u010detvrtog razreda imali su priliku da provedu vreme sa zamenicom predsednika op\u0161tine Svilajnac Draganom Radevi\u0107 i sa na\u010delnicom Op\u0161tinske uprave Oliverom Stanojevi\u0107. Mali\u0161anima je predstavljen na\u010din rada lokalne samouprave i primljeni su u salu SO Svilajnac, a zatim su posetili kabinet predsednika op\u0161tine Svilajnac. Nakon obilaska usledilo je dru\u017eenje uz slatki\u0161e gde su \u0111aci mogli da izlo\u017ee svoje ideje zamenici predsednika, ali isto tako i da predstave recitacije koje su spremili za ovu priliku. Sastanak se zavr\u0161io uz obostrano obe\u0107anje da \u0107e svako sa svoje strane u\u010diniti \u0161to mo\u017ee da bi \u0111a\u010dki dani bili \u0161to lep\u0161i i bezbri\u017eniji.<\/p>\n<p><div id='gallery-1' class='gallery galleryid-4916 gallery-columns-2 gallery-size-full'><figure class='gallery-item'>\n\t\t\t<div class='gallery-icon landscape'>\n\t\t\t\t<a href='https:\/\/centralmedia.rs\/index.php\/2016\/10\/05\/decija-nedelja-u-svilajncu\/decija-nedelja-svilajnac-s-v\/'><img loading=\"lazy\" decoding=\"async\" width=\"960\" height=\"640\" src=\"https:\/\/centralmedia.rs\/wp-content\/uploads\/2016\/10\/decija-nedelja-svilajnac-s.v..jpg\" class=\"attachment-full size-full\" alt=\"\" srcset=\"https:\/\/centralmedia.rs\/wp-content\/uploads\/2016\/10\/decija-nedelja-svilajnac-s.v..jpg 960w, https:\/\/centralmedia.rs\/wp-content\/uploads\/2016\/10\/decija-nedelja-svilajnac-s.v.-300x200.jpg 300w, https:\/\/centralmedia.rs\/wp-content\/uploads\/2016\/10\/decija-nedelja-svilajnac-s.v.-768x512.jpg 768w\" sizes=\"(max-width: 960px) 100vw, 960px\" \/><\/a>\n\t\t\t<\/div><\/figure><figure class='gallery-item'>\n\t\t\t<div class='gallery-icon landscape'>\n\t\t\t\t<a href='https:\/\/centralmedia.rs\/index.php\/2016\/10\/05\/decija-nedelja-u-svilajncu\/decija-nedelja-1-svilajnac-s-v\/'><img loading=\"lazy\" decoding=\"async\" width=\"960\" height=\"640\" src=\"https:\/\/centralmedia.rs\/wp-content\/uploads\/2016\/10\/decija-nedelja-1-svilajnac-s.v..jpg\" class=\"attachment-full size-full\" alt=\"\" srcset=\"https:\/\/centralmedia.rs\/wp-content\/uploads\/2016\/10\/decija-nedelja-1-svilajnac-s.v..jpg 960w, https:\/\/centralmedia.rs\/wp-content\/uploads\/2016\/10\/decija-nedelja-1-svilajnac-s.v.-300x200.jpg 300w, https:\/\/centralmedia.rs\/wp-content\/uploads\/2016\/10\/decija-nedelja-1-svilajnac-s.v.-768x512.jpg 768w\" sizes=\"(max-width: 960px) 100vw, 960px\" \/><\/a>\n\t\t\t<\/div><\/figure>\n\t\t<\/div>\n<br \/>\nOBELE\u017dENA GODI\u0160NJICA RADA PU \u201eDE\u010cIJA RADOST\u201c<br \/>\nU PU \u201eDe\u010dija radost\u201c u Svilajncu obele\u017eena je trideset i sedma godi\u0161njica rada ove ustanove. Ovom prilikom odr\u017eana je priredba gde su mali\u0161ani pokazali na \u010demu su vredno radili zajedno sa svojim vaspita\u010dicama. Ova priredba je tako\u0111e jedna od aktivnosti koju je pred\u0161kolska ustanova organizovala u okviru De\u010dije nedelje. Pored roditelja i ostalih uva\u017eenih zvanica priredbi su prisustvovali i op\u0161tinski funkcioneri.<\/p>\n<p>&nbsp;<\/p>\n<p><strong><em>Svilajna\u010dka razglednica \u2013 Projekat se realizuje uz pomo\u0107 sredstava iz bud\u017eeta Op\u0161tine Svilajnac.<\/em><\/strong><\/p>\n","protected":false},"excerpt":{"rendered":"<p>SVILAJNAC-U okviru De\u010dje nedelje, u\u010denici osnovne \u0161kole, od prvog do \u010detvrtog razreda imali su priliku da provedu vreme sa zamenicom predsednika op\u0161tine Svilajnac Draganom Radevi\u0107 &hellip; <\/p>\n","protected":false},"author":4,"featured_media":4917,"comment_status":"open","ping_status":"open","sticky":false,"template":"","format":"standard","meta":{"footnotes":""},"categories":[1515,1524,2,887],"tags":[1287,46,38,1013],"_links":{"self":[{"href":"https:\/\/centralmedia.rs\/index.php\/wp-json\/wp\/v2\/posts\/4916"}],"collection":[{"href":"https:\/\/centralmedia.rs\/index.php\/wp-json\/wp\/v2\/posts"}],"about":[{"href":"https:\/\/centralmedia.rs\/index.php\/wp-json\/wp\/v2\/types\/post"}],"author":[{"embeddable":true,"href":"https:\/\/centralmedia.rs\/index.php\/wp-json\/wp\/v2\/users\/4"}],"replies":[{"embeddable":true,"href":"https:\/\/centralmedia.rs\/index.php\/wp-json\/wp\/v2\/comments?post=4916"}],"version-history":[{"count":0,"href":"https:\/\/centralmedia.rs\/index.php\/wp-json\/wp\/v2\/posts\/4916\/revisions"}],"wp:featuredmedia":[{"embeddable":true,"href":"https:\/\/centralmedia.rs\/index.php\/wp-json\/wp\/v2\/media\/4917"}],"wp:attachment":[{"href":"https:\/\/centralmedia.rs\/index.php\/wp-json\/wp\/v2\/media?parent=4916"}],"wp:term":[{"taxonomy":"category","embeddable":true,"href":"https:\/\/centralmedia.rs\/index.php\/wp-json\/wp\/v2\/categories?post=4916"},{"taxonomy":"post_tag","embeddable":true,"href":"https:\/\/centralmedia.rs\/index.php\/wp-json\/wp\/v2\/tags?post=4916"}],"curies":[{"name":"wp","href":"https:\/\/api.w.org\/{rel}","templated":true}]}}