{"id":4923,"date":"2016-10-06T11:43:03","date_gmt":"2016-10-06T11:43:03","guid":{"rendered":"http:\/\/centralmedia.rs\/?p=4923"},"modified":"2016-10-06T11:43:03","modified_gmt":"2016-10-06T11:43:03","slug":"palma-sa-ambasadorima-arapskih-africkih-drzava-nato-doveo-teroriste-na-vlast-oteo-kim","status":"publish","type":"post","link":"https:\/\/centralmedia.rs\/index.php\/2016\/10\/06\/palma-sa-ambasadorima-arapskih-africkih-drzava-nato-doveo-teroriste-na-vlast-oteo-kim\/","title":{"rendered":"PALMA SA AMBASADORIMA ARAPSKIH I AFRI\u010cKIH DR\u017dAVA-NATO DOVEO TERORISTE NA VLAST I OTEO KIM"},"content":{"rendered":"<p>JAGODINA-Predsednik JS Dragan Markovi\u0107 Palma rekao danas u Jagodini  na sastanku sa ambasadorima \u0161est arapskih i afri\u010dkih dr\u017eava da je NATO doveo na vlast na Kosovu teroriste i oteo deo teritorije Srbije.   On se ogradio i rekao da je to izjavio u ime gra\u0111ana Srbije i da to nije zvani\u010dan stav Vlade Sribije.<div id='gallery-1' class='gallery galleryid-4923 gallery-columns-3 gallery-size-full'><figure class='gallery-item'>\n\t\t\t<div class='gallery-icon landscape'>\n\t\t\t\t<a href='https:\/\/centralmedia.rs\/index.php\/2016\/10\/06\/palma-sa-ambasadorima-arapskih-africkih-drzava-nato-doveo-teroriste-na-vlast-oteo-kim\/palma-ambasadori-i-privrednici-jagodina-g-j\/'><img loading=\"lazy\" decoding=\"async\" width=\"900\" height=\"675\" src=\"https:\/\/centralmedia.rs\/wp-content\/uploads\/2016\/10\/palma-ambasadori-i-privrednici-jagodina-g.j..jpg\" class=\"attachment-full size-full\" alt=\"\" srcset=\"https:\/\/centralmedia.rs\/wp-content\/uploads\/2016\/10\/palma-ambasadori-i-privrednici-jagodina-g.j..jpg 900w, https:\/\/centralmedia.rs\/wp-content\/uploads\/2016\/10\/palma-ambasadori-i-privrednici-jagodina-g.j.-300x225.jpg 300w, https:\/\/centralmedia.rs\/wp-content\/uploads\/2016\/10\/palma-ambasadori-i-privrednici-jagodina-g.j.-768x576.jpg 768w, https:\/\/centralmedia.rs\/wp-content\/uploads\/2016\/10\/palma-ambasadori-i-privrednici-jagodina-g.j.-80x60.jpg 80w, https:\/\/centralmedia.rs\/wp-content\/uploads\/2016\/10\/palma-ambasadori-i-privrednici-jagodina-g.j.-265x198.jpg 265w\" sizes=\"(max-width: 900px) 100vw, 900px\" \/><\/a>\n\t\t\t<\/div><\/figure><figure class='gallery-item'>\n\t\t\t<div class='gallery-icon landscape'>\n\t\t\t\t<a href='https:\/\/centralmedia.rs\/index.php\/2016\/10\/06\/palma-sa-ambasadorima-arapskih-africkih-drzava-nato-doveo-teroriste-na-vlast-oteo-kim\/palma-ambasadori-i-privrednici-1-jagodina-g-j\/'><img loading=\"lazy\" decoding=\"async\" width=\"900\" height=\"675\" src=\"https:\/\/centralmedia.rs\/wp-content\/uploads\/2016\/10\/palma-ambasadori-i-privrednici-1-jagodina-g.j..jpg\" class=\"attachment-full size-full\" alt=\"\" srcset=\"https:\/\/centralmedia.rs\/wp-content\/uploads\/2016\/10\/palma-ambasadori-i-privrednici-1-jagodina-g.j..jpg 900w, https:\/\/centralmedia.rs\/wp-content\/uploads\/2016\/10\/palma-ambasadori-i-privrednici-1-jagodina-g.j.-300x225.jpg 300w, https:\/\/centralmedia.rs\/wp-content\/uploads\/2016\/10\/palma-ambasadori-i-privrednici-1-jagodina-g.j.-768x576.jpg 768w, https:\/\/centralmedia.rs\/wp-content\/uploads\/2016\/10\/palma-ambasadori-i-privrednici-1-jagodina-g.j.-80x60.jpg 80w, https:\/\/centralmedia.rs\/wp-content\/uploads\/2016\/10\/palma-ambasadori-i-privrednici-1-jagodina-g.j.-265x198.jpg 265w\" sizes=\"(max-width: 900px) 100vw, 900px\" \/><\/a>\n\t\t\t<\/div><\/figure><figure class='gallery-item'>\n\t\t\t<div class='gallery-icon landscape'>\n\t\t\t\t<a href='https:\/\/centralmedia.rs\/index.php\/2016\/10\/06\/palma-sa-ambasadorima-arapskih-africkih-drzava-nato-doveo-teroriste-na-vlast-oteo-kim\/palma-ambasadori-i-privrednici-2-jagodina-g-j\/'><img loading=\"lazy\" decoding=\"async\" width=\"900\" height=\"675\" src=\"https:\/\/centralmedia.rs\/wp-content\/uploads\/2016\/10\/palma-ambasadori-i-privrednici-2-jagodina-g.j..jpg\" class=\"attachment-full size-full\" alt=\"\" srcset=\"https:\/\/centralmedia.rs\/wp-content\/uploads\/2016\/10\/palma-ambasadori-i-privrednici-2-jagodina-g.j..jpg 900w, https:\/\/centralmedia.rs\/wp-content\/uploads\/2016\/10\/palma-ambasadori-i-privrednici-2-jagodina-g.j.-300x225.jpg 300w, https:\/\/centralmedia.rs\/wp-content\/uploads\/2016\/10\/palma-ambasadori-i-privrednici-2-jagodina-g.j.-768x576.jpg 768w, https:\/\/centralmedia.rs\/wp-content\/uploads\/2016\/10\/palma-ambasadori-i-privrednici-2-jagodina-g.j.-80x60.jpg 80w, https:\/\/centralmedia.rs\/wp-content\/uploads\/2016\/10\/palma-ambasadori-i-privrednici-2-jagodina-g.j.-265x198.jpg 265w\" sizes=\"(max-width: 900px) 100vw, 900px\" \/><\/a>\n\t\t\t<\/div><\/figure>\n\t\t<\/div>\n<br \/>\n-NATO je bombardovao Srbiju da bi doveo na vlast teroriste Ha\u0161ima Ta\u010dija, kao i Haradinaja, Limaja i ostale, koji su ubijali i proterali Srbe sa Kosova i Metohije. Istovremeno otet je deo teritorije Srbije, odnosno Kosovo i Metohiju. To Srbija nikada ne\u0107e zaboraviti.  Srbija jedina od svih evropskih dr\u017eava zna \u0161ta je rat, zna \u0161ta je stradanje civila. Posebno sam bio potresen, kao i svi gra\u0111ani Srbije, prizorima iz trenutno najve\u0107eg ratnog sukoba na bliskom istoku, kada je iz ru\u0161evina jedne zgrade, posle \u010detiri dana, izvu\u010dena dvogodi\u0161nja beba, izjavio je Markovi\u0107.<br \/>\nOn je u svoje ime i JS uputio molbu najodgovorinijima za ratne sukobe u svetu.<br \/>\n-Molim glavne organizatore svih ratova na svetu da prestane rat na svim kontinetima, da zavlada mir i da se vrate svi proterani na svoja ognji\u0161ta, poru\u010dio je Markovi\u0107.<br \/>\nOn je istakao da istina o Srbiji nije kako su to prikazivali svetski mediji, te da Srbiji treba podr\u0161ka ambasadora da je prika\u017eu onakvom kakva jeste.<br \/>\n-Srbija je sada najsigurnija zemlja za investiture. Ni jedan evropska dr\u017eava nema takvu politi\u010dku stabilnost kao Srbija. Nema ekonomski rast kao Srbija, bezbednost, a to je zahvaljuju\u0107i Vladi Srbije, zaklju\u010dio je Markovi\u0107 i pozvao investiture iz tig dr\u017eava da realizuju projekte.<br \/>\n-Srbi i Palestinci su sli\u010dni jer su svetu lo\u0161e shva\u0107eni i lo\u0161e tretirani. Deo gra\u0111ana je pretvoren u izbeglice i deo teritorija je okupiran. Zato sli\u010dno gledamo na stvari koje se doga\u0111aju u svetu. Zbog tih drugih stvari mi smo prijatelji. Palestina je radila zajedno sa Srbijom da o\u010duva svoj teritoritorijali integritet i suverenitet, te smo glasali i spre\u010dili da Kosovo ne bude primljeno u UNESKO, rekao je ambasador Palestine Mohamed Nabhan.<br \/>\nSastanku u Jagodini prisustvovali su ambasadori iz Palestine, Ujedinjenih Arapskih Emirata, Iraka, Libije, Maroka i Katara. Pored njih, tu su bili strani investitori i doma\u0107i privrednici.<br \/>\nMarkovi\u0107 je najavio da \u0107e u oktobru premijer Aleksandar Vu\u010di\u0107 polo\u017eiti kamen temeljac za novi pogon italijanske kompanije Aunde u kome \u0107e biti zaposleno 400 radnika. Ta kompanija trenutno zapo\u0161ljava 250 radnika i proizvodi sedi\u0161ta za automobile.<br \/>\nPredsednik Privredne komore Kragujevac Predrag Lu\u010di\u0107 istakao je da su ovakvi sastanci prilika da potencijalni investitori sagledaju mogu\u0107nosti Jagodine, te se zalo\u017eio za izradu publikacije ,,Investirajte u Jagodini&#8221;.<br \/>\n-Jagodinska privreda \u010dini polovinu ukupne spoljnotrgovinske razmene Pomoravskog okruga. Re\u010d o stranim investicijama, a o tome govori \u010dinjenica da je od 45,3 miliona dolara izvoza, 52 odsto \u010dini izvoz  tri strana investitora. To zna\u010di da investitori ostvaruju profit i da se dobro ose\u0107aju u Jagodini, rekao je Lu\u010di\u0107.<br \/>\nJagodinska privreda ostvarila je suficit u visini od 11,5 miliona dolara.<\/p>\n","protected":false},"excerpt":{"rendered":"<p>JAGODINA-Predsednik JS Dragan Markovi\u0107 Palma rekao danas u Jagodini na sastanku sa ambasadorima \u0161est arapskih i afri\u010dkih dr\u017eava da je NATO doveo na vlast na &hellip; <\/p>\n","protected":false},"author":4,"featured_media":4924,"comment_status":"open","ping_status":"open","sticky":false,"template":"","format":"standard","meta":{"footnotes":""},"categories":[22,2],"tags":[1288,376,58,120],"_links":{"self":[{"href":"https:\/\/centralmedia.rs\/index.php\/wp-json\/wp\/v2\/posts\/4923"}],"collection":[{"href":"https:\/\/centralmedia.rs\/index.php\/wp-json\/wp\/v2\/posts"}],"about":[{"href":"https:\/\/centralmedia.rs\/index.php\/wp-json\/wp\/v2\/types\/post"}],"author":[{"embeddable":true,"href":"https:\/\/centralmedia.rs\/index.php\/wp-json\/wp\/v2\/users\/4"}],"replies":[{"embeddable":true,"href":"https:\/\/centralmedia.rs\/index.php\/wp-json\/wp\/v2\/comments?post=4923"}],"version-history":[{"count":0,"href":"https:\/\/centralmedia.rs\/index.php\/wp-json\/wp\/v2\/posts\/4923\/revisions"}],"wp:featuredmedia":[{"embeddable":true,"href":"https:\/\/centralmedia.rs\/index.php\/wp-json\/wp\/v2\/media\/4924"}],"wp:attachment":[{"href":"https:\/\/centralmedia.rs\/index.php\/wp-json\/wp\/v2\/media?parent=4923"}],"wp:term":[{"taxonomy":"category","embeddable":true,"href":"https:\/\/centralmedia.rs\/index.php\/wp-json\/wp\/v2\/categories?post=4923"},{"taxonomy":"post_tag","embeddable":true,"href":"https:\/\/centralmedia.rs\/index.php\/wp-json\/wp\/v2\/tags?post=4923"}],"curies":[{"name":"wp","href":"https:\/\/api.w.org\/{rel}","templated":true}]}}