{"id":5023,"date":"2016-10-13T13:33:54","date_gmt":"2016-10-13T13:33:54","guid":{"rendered":"http:\/\/centralmedia.rs\/?p=5023"},"modified":"2017-01-19T23:55:34","modified_gmt":"2017-01-19T23:55:34","slug":"cuprija-investitorima-urucila-kljuceve-grada","status":"publish","type":"post","link":"https:\/\/centralmedia.rs\/index.php\/2016\/10\/13\/cuprija-investitorima-urucila-kljuceve-grada\/","title":{"rendered":"\u0106UPRIJA INVESTITORIMA URU\u010cILA KLJU\u010cEVE GRADA"},"content":{"rendered":"<p>\u0106UPRIJA-Povodom 13. oktobra dana Op\u0161tine \u0106uprija na Sve\u010danoj akademiji \u00a0Plakete po\u010dasni gra\u0111anin i klju\u010devi te op\u0161tine dodeljeni su savetniku u Kabinetu primijera \u0110or\u0111u Man\u010di\u0107u, kineskom investitoru Zhang Zhiguo i turskim investitorima Burak Galip Akuru i Melih Sengulu. Spomen plaketa uru\u010dena je \u0110or\u0111u Stevanovi\u0107u direktoru kafilerije Napredak. Predsednik te op\u0161tine Ninoslav Eri\u0107 najavio je realizaciju stranih investicija iz Kine, \u0160vajcarske, Austrije i Nema\u010dke, kao i doma\u0107e investitore, \u0161to \u0107e doprineti otvaranju nekoliko hiljada radnih mesta i zapo\u0161ljavanju Pomoravlja. Predhodno su polo\u017eeni su venci na spomenik poginulima u oslobo\u0111enju tog grada u drugom svetskom ratu.<\/p>\n<div id='gallery-1' class='gallery galleryid-5023 gallery-columns-3 gallery-size-full'><figure class='gallery-item'>\n\t\t\t<div class='gallery-icon landscape'>\n\t\t\t\t<a href='https:\/\/centralmedia.rs\/index.php\/2016\/10\/13\/cuprija-investitorima-urucila-kljuceve-grada\/svecana-akademija-cuprija-g-j\/'><img loading=\"lazy\" decoding=\"async\" width=\"900\" height=\"675\" src=\"https:\/\/centralmedia.rs\/wp-content\/uploads\/2016\/10\/svecana-akademija-cuprija-g.j..jpg\" class=\"attachment-full size-full\" alt=\"\" srcset=\"https:\/\/centralmedia.rs\/wp-content\/uploads\/2016\/10\/svecana-akademija-cuprija-g.j..jpg 900w, https:\/\/centralmedia.rs\/wp-content\/uploads\/2016\/10\/svecana-akademija-cuprija-g.j.-300x225.jpg 300w, https:\/\/centralmedia.rs\/wp-content\/uploads\/2016\/10\/svecana-akademija-cuprija-g.j.-768x576.jpg 768w, https:\/\/centralmedia.rs\/wp-content\/uploads\/2016\/10\/svecana-akademija-cuprija-g.j.-80x60.jpg 80w, https:\/\/centralmedia.rs\/wp-content\/uploads\/2016\/10\/svecana-akademija-cuprija-g.j.-265x198.jpg 265w\" sizes=\"(max-width: 900px) 100vw, 900px\" \/><\/a>\n\t\t\t<\/div><\/figure><figure class='gallery-item'>\n\t\t\t<div class='gallery-icon landscape'>\n\t\t\t\t<a href='https:\/\/centralmedia.rs\/index.php\/2016\/10\/13\/cuprija-investitorima-urucila-kljuceve-grada\/polaganje-venaca-cuprija-g-j\/'><img loading=\"lazy\" decoding=\"async\" width=\"900\" height=\"675\" src=\"https:\/\/centralmedia.rs\/wp-content\/uploads\/2016\/10\/polaganje-venaca-cuprija-g.j..jpg\" class=\"attachment-full size-full\" alt=\"\" srcset=\"https:\/\/centralmedia.rs\/wp-content\/uploads\/2016\/10\/polaganje-venaca-cuprija-g.j..jpg 900w, https:\/\/centralmedia.rs\/wp-content\/uploads\/2016\/10\/polaganje-venaca-cuprija-g.j.-300x225.jpg 300w, https:\/\/centralmedia.rs\/wp-content\/uploads\/2016\/10\/polaganje-venaca-cuprija-g.j.-768x576.jpg 768w, https:\/\/centralmedia.rs\/wp-content\/uploads\/2016\/10\/polaganje-venaca-cuprija-g.j.-80x60.jpg 80w, https:\/\/centralmedia.rs\/wp-content\/uploads\/2016\/10\/polaganje-venaca-cuprija-g.j.-265x198.jpg 265w\" sizes=\"(max-width: 900px) 100vw, 900px\" \/><\/a>\n\t\t\t<\/div><\/figure><figure class='gallery-item'>\n\t\t\t<div class='gallery-icon landscape'>\n\t\t\t\t<a href='https:\/\/centralmedia.rs\/index.php\/2016\/10\/13\/cuprija-investitorima-urucila-kljuceve-grada\/investitori-pocasni-gradjani-cuprija-g-j\/'><img loading=\"lazy\" decoding=\"async\" width=\"900\" height=\"675\" src=\"https:\/\/centralmedia.rs\/wp-content\/uploads\/2016\/10\/investitori-pocasni-gradjani-cuprija-g.j..jpg\" class=\"attachment-full size-full\" alt=\"\" srcset=\"https:\/\/centralmedia.rs\/wp-content\/uploads\/2016\/10\/investitori-pocasni-gradjani-cuprija-g.j..jpg 900w, https:\/\/centralmedia.rs\/wp-content\/uploads\/2016\/10\/investitori-pocasni-gradjani-cuprija-g.j.-300x225.jpg 300w, https:\/\/centralmedia.rs\/wp-content\/uploads\/2016\/10\/investitori-pocasni-gradjani-cuprija-g.j.-768x576.jpg 768w, https:\/\/centralmedia.rs\/wp-content\/uploads\/2016\/10\/investitori-pocasni-gradjani-cuprija-g.j.-80x60.jpg 80w, https:\/\/centralmedia.rs\/wp-content\/uploads\/2016\/10\/investitori-pocasni-gradjani-cuprija-g.j.-265x198.jpg 265w\" sizes=\"(max-width: 900px) 100vw, 900px\" \/><\/a>\n\t\t\t<\/div><\/figure>\n\t\t<\/div>\n\n<p>&#8211; Otvorena je fabrika Tibet moda turskog investitora. U novembru se otvara kineska fabrika Eurofiber, a \u0106uprija \u0107e se pobratimiti sa gradom \u0160u Jangom iz Kine gde \u0107e ta kompanija otvoriti novi pogon. Do kraja godine \u00a0o\u010dekuje nas otvaranje fabrike najve\u0107e srpske kompanije SDPR. Nameru da investira u \u0106upriji izrazila je \u0161vajcarska kompanija Dakoment koja posluje u sistemu Ikee, a to bi \u00a0zna\u010dilo novih 500 radnih mesta, kao i austrijska kompanija Cumtobel. Naredne godine o\u010dekuje nas po\u010detak realizacije fabrike nema\u010dkog \u00a0investitora Traklajt, zbog kojeg je pokrenut privredni zamajac u \u0106upriji, rekao je Eri\u0107.<\/p>\n<div id='gallery-2' class='gallery galleryid-5023 gallery-columns-3 gallery-size-full'><figure class='gallery-item'>\n\t\t\t<div class='gallery-icon landscape'>\n\t\t\t\t<a href='https:\/\/centralmedia.rs\/index.php\/2016\/10\/13\/cuprija-investitorima-urucila-kljuceve-grada\/djordje-mancic-zahvaljuje-se-ispred-pocasnih-gradjana-cuprija-g-j\/'><img loading=\"lazy\" decoding=\"async\" width=\"900\" height=\"675\" src=\"https:\/\/centralmedia.rs\/wp-content\/uploads\/2016\/10\/djordje-mancic-zahvaljuje-se-ispred-pocasnih-gradjana-cuprija-g.j..jpg\" class=\"attachment-full size-full\" alt=\"\" srcset=\"https:\/\/centralmedia.rs\/wp-content\/uploads\/2016\/10\/djordje-mancic-zahvaljuje-se-ispred-pocasnih-gradjana-cuprija-g.j..jpg 900w, https:\/\/centralmedia.rs\/wp-content\/uploads\/2016\/10\/djordje-mancic-zahvaljuje-se-ispred-pocasnih-gradjana-cuprija-g.j.-300x225.jpg 300w, https:\/\/centralmedia.rs\/wp-content\/uploads\/2016\/10\/djordje-mancic-zahvaljuje-se-ispred-pocasnih-gradjana-cuprija-g.j.-768x576.jpg 768w, https:\/\/centralmedia.rs\/wp-content\/uploads\/2016\/10\/djordje-mancic-zahvaljuje-se-ispred-pocasnih-gradjana-cuprija-g.j.-80x60.jpg 80w, https:\/\/centralmedia.rs\/wp-content\/uploads\/2016\/10\/djordje-mancic-zahvaljuje-se-ispred-pocasnih-gradjana-cuprija-g.j.-265x198.jpg 265w\" sizes=\"(max-width: 900px) 100vw, 900px\" \/><\/a>\n\t\t\t<\/div><\/figure><figure class='gallery-item'>\n\t\t\t<div class='gallery-icon landscape'>\n\t\t\t\t<a href='https:\/\/centralmedia.rs\/index.php\/2016\/10\/13\/cuprija-investitorima-urucila-kljuceve-grada\/ucenici-generacije-cuprija-g-j\/'><img loading=\"lazy\" decoding=\"async\" width=\"900\" height=\"675\" src=\"https:\/\/centralmedia.rs\/wp-content\/uploads\/2016\/10\/ucenici-generacije-cuprija-g.j.jpg\" class=\"attachment-full size-full\" alt=\"\" srcset=\"https:\/\/centralmedia.rs\/wp-content\/uploads\/2016\/10\/ucenici-generacije-cuprija-g.j.jpg 900w, https:\/\/centralmedia.rs\/wp-content\/uploads\/2016\/10\/ucenici-generacije-cuprija-g.j-300x225.jpg 300w, https:\/\/centralmedia.rs\/wp-content\/uploads\/2016\/10\/ucenici-generacije-cuprija-g.j-768x576.jpg 768w, https:\/\/centralmedia.rs\/wp-content\/uploads\/2016\/10\/ucenici-generacije-cuprija-g.j-80x60.jpg 80w, https:\/\/centralmedia.rs\/wp-content\/uploads\/2016\/10\/ucenici-generacije-cuprija-g.j-265x198.jpg 265w\" sizes=\"(max-width: 900px) 100vw, 900px\" \/><\/a>\n\t\t\t<\/div><\/figure><figure class='gallery-item'>\n\t\t\t<div class='gallery-icon landscape'>\n\t\t\t\t<a href='https:\/\/centralmedia.rs\/index.php\/2016\/10\/13\/cuprija-investitorima-urucila-kljuceve-grada\/dobitnici-zahvalnica\/'><img loading=\"lazy\" decoding=\"async\" width=\"900\" height=\"675\" src=\"https:\/\/centralmedia.rs\/wp-content\/uploads\/2016\/10\/dobitnici-zahvalnica.jpg\" class=\"attachment-full size-full\" alt=\"\" srcset=\"https:\/\/centralmedia.rs\/wp-content\/uploads\/2016\/10\/dobitnici-zahvalnica.jpg 900w, https:\/\/centralmedia.rs\/wp-content\/uploads\/2016\/10\/dobitnici-zahvalnica-300x225.jpg 300w, https:\/\/centralmedia.rs\/wp-content\/uploads\/2016\/10\/dobitnici-zahvalnica-768x576.jpg 768w, https:\/\/centralmedia.rs\/wp-content\/uploads\/2016\/10\/dobitnici-zahvalnica-80x60.jpg 80w, https:\/\/centralmedia.rs\/wp-content\/uploads\/2016\/10\/dobitnici-zahvalnica-265x198.jpg 265w\" sizes=\"(max-width: 900px) 100vw, 900px\" \/><\/a>\n\t\t\t<\/div><\/figure>\n\t\t<\/div>\n\n<p>Cilj i vizija \u0106uprije su pove\u0107anje broja stanovnika uz privredni, ekonomski i dru\u0161tveni razvoj.<\/p>\n<p>-Razvija\u0107emo na\u0161e tradicionalne prednosti. \u0106uprija je grad \u0160kole za muzi\u010dke talenate zato se radi na projektima nove muzi\u010dke i sportske sale, koje su neophodne za dalji rad te ustanove. \u0106uprija \u0107e ponovo do\u010dekivati atletske \u0161ampione, jer \u0107emo od slede\u0107e godine po\u010deti sa realizacijom projekta izgradnje atletskog stadiona\u00a0 koji \u0107e nositi nazivi ,,Aleksandar Aca Petrovi\u0107\u201c. Stvoreni uslovi da Op\u0161ta bolnica preraste u Urgentni centar, radi se na projektu Internisti\u010dkog bloka \u0161to \u0107e dodatno poja\u010dati pru\u017eanje zdravstvenih usluga, istikao je Eri\u0107.<\/p>\n<p>Ta op\u0161tina potpisala je memorandum sa Tehni\u010dkim fakultetom iz \u010ca\u010dka, koji je deo univerziteta u Kragujevcu.<\/p>\n<p>-Otvaranjem tog fakulteta u \u0106upriji pove\u0107ao bi se broj obrazovanih kadrova. Pod pokroviteljstvom predsednika Srbije Tomislava Nikoli\u0107a \u00a0i ministarstava prosvete i odbrane radi se na formiranju Centra za mlade talente. Cilj je pozicioniranje \u0106uprije kao grada talenata i obrazovanja, navodi Eri\u0107.<\/p>\n<p>Privredni razvoj oslanja\u0107e se i na turizam, koji \u0107e se razvijati kroz verski, istorijski i sportski. Istorijski turizam bi\u0107e razvijan kroz arheolo\u0161ka iskopavanja rimskog grada Horeum Margi, sportski kroz atletiku, verski \u0107e biti baziran na manastiru Ravanica.<\/p>\n<p>-Op\u0161tina \u0106uprija postavi\u0107e spomenik Knezu Lazaru na ulazu u grad. Na taj na\u010din pokaza\u0107emo potencijale za istorijski turizam, rekao je on i dodao da su gra\u0111ani su na proteklim izborima ocenili rada lokalnih vlasti sa visokom ocenom, jer je koalicija Aleksandar Vu\u010di\u0107-Srbija pobe\u0111uje ostvarila jedan od najboljih rezultata u Srbiji. U lokalnom parlamentu od 37 odnornika ta kolicija ima 30 mandata, \u0161to predstavlja najbolji rezultat u istoriji \u0106uprije.<\/p>\n<p>U ime dobitnika priznanja zahvalio se savetnik za investicije u Kabinetu predsednika Vlade Srbije \u0110or\u0111e Man\u010di\u0107 koji je rekao da kruna napora ,,dodeljivanje klu\u010deva grada investitorima koji \u0107e obezbediti posao za stotine porodica\u201c.<\/p>\n<p>-\u017delim da se zahvalim na onome \u0161to sam nau\u010dio rade\u0107i sa prijateljima iz \u0106uprije, a to je da nisu bitni kriti\u010dari, ve\u0107 da je bitan kona\u010dni rezultat. Sve zasluge pripadaju ljudima koji su hrabro u\u0161li u arenu i trude se uprkos svim te\u0161ko\u0107ama, jer znaju da nema postignu\u0107a bez poku\u0161aja i gre\u0161aka, rekao je on.<\/p>\n<p>&nbsp;<\/p>\n<p>Zahvalnice su dodeljene Miletu Lazarevi\u0107u, Ireni Popovi\u0107 Dragovi\u0107,\u00a0 Ivani Krulj i manifestaciji Srbija u ritmu Evrope. Tako\u0111e, u\u010denicima generacije svih \u0161kola dodeljena su priznanja.<\/p>\n<p><strong><em>Pozitivni primeri Razglednica iz <\/em><\/strong><strong><em>\u0106uprije<\/em><\/strong><strong><em> \u2013 Projekat se realizuje uz pomo\u0107 sredstava iz bud\u017eeta Op\u0161tine \u0106uprija.<\/em><\/strong><\/p>\n<p>&nbsp;<\/p>\n","protected":false},"excerpt":{"rendered":"<p>\u0106UPRIJA-Povodom 13. oktobra dana Op\u0161tine \u0106uprija na Sve\u010danoj akademiji \u00a0Plakete po\u010dasni gra\u0111anin i klju\u010devi te op\u0161tine dodeljeni su savetniku u Kabinetu primijera \u0110or\u0111u Man\u010di\u0107u, kineskom &hellip; <\/p>\n","protected":false},"author":4,"featured_media":5024,"comment_status":"open","ping_status":"open","sticky":false,"template":"","format":"standard","meta":{"footnotes":""},"categories":[1515,14,1524,2,887,12],"tags":[44,1314,1315],"_links":{"self":[{"href":"https:\/\/centralmedia.rs\/index.php\/wp-json\/wp\/v2\/posts\/5023"}],"collection":[{"href":"https:\/\/centralmedia.rs\/index.php\/wp-json\/wp\/v2\/posts"}],"about":[{"href":"https:\/\/centralmedia.rs\/index.php\/wp-json\/wp\/v2\/types\/post"}],"author":[{"embeddable":true,"href":"https:\/\/centralmedia.rs\/index.php\/wp-json\/wp\/v2\/users\/4"}],"replies":[{"embeddable":true,"href":"https:\/\/centralmedia.rs\/index.php\/wp-json\/wp\/v2\/comments?post=5023"}],"version-history":[{"count":0,"href":"https:\/\/centralmedia.rs\/index.php\/wp-json\/wp\/v2\/posts\/5023\/revisions"}],"wp:featuredmedia":[{"embeddable":true,"href":"https:\/\/centralmedia.rs\/index.php\/wp-json\/wp\/v2\/media\/5024"}],"wp:attachment":[{"href":"https:\/\/centralmedia.rs\/index.php\/wp-json\/wp\/v2\/media?parent=5023"}],"wp:term":[{"taxonomy":"category","embeddable":true,"href":"https:\/\/centralmedia.rs\/index.php\/wp-json\/wp\/v2\/categories?post=5023"},{"taxonomy":"post_tag","embeddable":true,"href":"https:\/\/centralmedia.rs\/index.php\/wp-json\/wp\/v2\/tags?post=5023"}],"curies":[{"name":"wp","href":"https:\/\/api.w.org\/{rel}","templated":true}]}}