{"id":5046,"date":"2016-10-14T12:08:10","date_gmt":"2016-10-14T12:08:10","guid":{"rendered":"http:\/\/centralmedia.rs\/?p=5046"},"modified":"2016-10-14T12:08:10","modified_gmt":"2016-10-14T12:08:10","slug":"stojkovic-darovao-ciprasi-cuturicu","status":"publish","type":"post","link":"https:\/\/centralmedia.rs\/index.php\/2016\/10\/14\/stojkovic-darovao-ciprasi-cuturicu\/","title":{"rendered":"STOJKOVI\u0106 DAROVAO CIPRASI \u010cUTURICU"},"content":{"rendered":"<p>ATINA-Predsednik koalicije raseljenih lica sa KIM i savetnik ministra Vulina Milo\u0161 Stojkovi\u0107 darovao je premijeru Gr\u010dke i predsedniku vladaju\u0107e Sirize Aleksisu Ciprasu zlatiborsku \u010duturu sa srpskom \u0161ljivovicom, saop\u0161teno je iz te koalicije. Stojkovi\u0107 je prisustvovao kao gost na kongresu Sirize u Atini. \u00a0 \u00a0 \u00a0 \u00a0 \u00a0 \u00a0 \u00a0 \u00a0 \u00a0 \u00a0 \u00a0 \u00a0 \u00a0 \u00a0 \u00a0 \u00a0 \u00a0 \u00a0 \u00a0 \u00a0 \u00a0 \u00a0 \u00a0 \u00a0 \u00a0 \u00a0 \u00a0 \u00a0 \u00a0 \u00a0 \u00a0 \u00a0 \u00a0 \u00a0 \u00a0 \u00a0 \u00a0 \u00a0 \u00a0 \u00a0 \u00a0 \u00a0 \u00a0 \u00a0 \u00a0 \u00a0 \u00a0 \u00a0 \u00a0 \u00a0 \u00a0 \u00a0 \u00a0 \u00a0 \u00a0 \u00a0\u00a0-Gr\u010dka nikad ne\u0107e priznati Kosovo i gr\u010dki narod je najve\u0107i prijatelj srpskog naroda na Balkanu, \u00a0rekao je Stojkovi\u0107 posle susreta sa Ciprasom.<br \/>\nOn se zahvalio u ime raseljenih lica sa KiM premijeru Ciprasu i izrazio uverenje da su tradicionalno dobri odnosi srpskog i gr\u010dkog naroda neraskidivi i dragoceni. Cipras je boravio u Beogradu pre tri godine kao opozicioni lider. Tom prilikom Stojkovi\u0107 je bio u delegaciji koja je do\u010dekala delegaciju Sirize. Cipras se prilikom te posete sastao sa srpskim patrijarhom Irinejom, predsednikom Tomislavom Nikoli\u0107em i ministrom Aleksandrom Vulinom.<\/p>\n","protected":false},"excerpt":{"rendered":"<p>ATINA-Predsednik koalicije raseljenih lica sa KIM i savetnik ministra Vulina Milo\u0161 Stojkovi\u0107 darovao je premijeru Gr\u010dke i predsedniku vladaju\u0107e Sirize Aleksisu Ciprasu zlatiborsku \u010duturu sa &hellip; <\/p>\n","protected":false},"author":4,"featured_media":5047,"comment_status":"open","ping_status":"open","sticky":false,"template":"","format":"standard","meta":{"footnotes":""},"categories":[2,13,12],"tags":[1320,1322,1321],"_links":{"self":[{"href":"https:\/\/centralmedia.rs\/index.php\/wp-json\/wp\/v2\/posts\/5046"}],"collection":[{"href":"https:\/\/centralmedia.rs\/index.php\/wp-json\/wp\/v2\/posts"}],"about":[{"href":"https:\/\/centralmedia.rs\/index.php\/wp-json\/wp\/v2\/types\/post"}],"author":[{"embeddable":true,"href":"https:\/\/centralmedia.rs\/index.php\/wp-json\/wp\/v2\/users\/4"}],"replies":[{"embeddable":true,"href":"https:\/\/centralmedia.rs\/index.php\/wp-json\/wp\/v2\/comments?post=5046"}],"version-history":[{"count":0,"href":"https:\/\/centralmedia.rs\/index.php\/wp-json\/wp\/v2\/posts\/5046\/revisions"}],"wp:featuredmedia":[{"embeddable":true,"href":"https:\/\/centralmedia.rs\/index.php\/wp-json\/wp\/v2\/media\/5047"}],"wp:attachment":[{"href":"https:\/\/centralmedia.rs\/index.php\/wp-json\/wp\/v2\/media?parent=5046"}],"wp:term":[{"taxonomy":"category","embeddable":true,"href":"https:\/\/centralmedia.rs\/index.php\/wp-json\/wp\/v2\/categories?post=5046"},{"taxonomy":"post_tag","embeddable":true,"href":"https:\/\/centralmedia.rs\/index.php\/wp-json\/wp\/v2\/tags?post=5046"}],"curies":[{"name":"wp","href":"https:\/\/api.w.org\/{rel}","templated":true}]}}