{"id":5049,"date":"2016-10-17T08:53:21","date_gmt":"2016-10-17T08:53:21","guid":{"rendered":"http:\/\/centralmedia.rs\/?p=5049"},"modified":"2016-10-17T08:53:21","modified_gmt":"2016-10-17T08:53:21","slug":"dan-oslobodenja-jagodine-cepurin-crkva-na-grobu-1-200-crvenoarmejaca","status":"publish","type":"post","link":"https:\/\/centralmedia.rs\/index.php\/2016\/10\/17\/dan-oslobodenja-jagodine-cepurin-crkva-na-grobu-1-200-crvenoarmejaca\/","title":{"rendered":"DAN OSLOBO\u0110ENJA JAGODINE &#8211; \u010cEPURIN: CRKVA NA GROBU 1.200 CRVENOARMEJACA"},"content":{"rendered":"<p>JAGODINA-Povodom 17.oktobra dana oslobo\u0111enja Jagodine u drugom svetskom ratu ambasador Rusije u Beogradu Aleksandar \u010cepurin najavio je po\u010detak izgradnju crkve na groblju 1.200 poginulih Crvenoarmejaca za oslobo\u0111enje ovog dela Srbije. \u00a0On je sa predstavnicima vlasti Jagodine polo\u017eio je vence na grobove 1.200 poginulih Crvenoramejaca, pripadnika NOR i palih u ratovima za oslobo\u0111enje Srbije 1912-1918. godine.<\/p>\n<div id='gallery-1' class='gallery galleryid-5049 gallery-columns-3 gallery-size-full'><figure class='gallery-item'>\n\t\t\t<div class='gallery-icon landscape'>\n\t\t\t\t<a href='https:\/\/centralmedia.rs\/index.php\/2016\/10\/17\/dan-oslobodenja-jagodine-cepurin-crkva-na-grobu-1-200-crvenoarmejaca\/venci-1-jagodina-g-j\/'><img loading=\"lazy\" decoding=\"async\" width=\"900\" height=\"675\" src=\"https:\/\/centralmedia.rs\/wp-content\/uploads\/2016\/10\/venci-1-jagodina-g.j..jpg\" class=\"attachment-full size-full\" alt=\"\" srcset=\"https:\/\/centralmedia.rs\/wp-content\/uploads\/2016\/10\/venci-1-jagodina-g.j..jpg 900w, https:\/\/centralmedia.rs\/wp-content\/uploads\/2016\/10\/venci-1-jagodina-g.j.-300x225.jpg 300w, https:\/\/centralmedia.rs\/wp-content\/uploads\/2016\/10\/venci-1-jagodina-g.j.-768x576.jpg 768w, https:\/\/centralmedia.rs\/wp-content\/uploads\/2016\/10\/venci-1-jagodina-g.j.-80x60.jpg 80w, https:\/\/centralmedia.rs\/wp-content\/uploads\/2016\/10\/venci-1-jagodina-g.j.-265x198.jpg 265w\" sizes=\"(max-width: 900px) 100vw, 900px\" \/><\/a>\n\t\t\t<\/div><\/figure><figure class='gallery-item'>\n\t\t\t<div class='gallery-icon landscape'>\n\t\t\t\t<a href='https:\/\/centralmedia.rs\/index.php\/2016\/10\/17\/dan-oslobodenja-jagodine-cepurin-crkva-na-grobu-1-200-crvenoarmejaca\/venci-2-jagodina-g-j\/'><img loading=\"lazy\" decoding=\"async\" width=\"900\" height=\"675\" src=\"https:\/\/centralmedia.rs\/wp-content\/uploads\/2016\/10\/venci-2-jagodina-g.j..jpg\" class=\"attachment-full size-full\" alt=\"\" srcset=\"https:\/\/centralmedia.rs\/wp-content\/uploads\/2016\/10\/venci-2-jagodina-g.j..jpg 900w, https:\/\/centralmedia.rs\/wp-content\/uploads\/2016\/10\/venci-2-jagodina-g.j.-300x225.jpg 300w, https:\/\/centralmedia.rs\/wp-content\/uploads\/2016\/10\/venci-2-jagodina-g.j.-768x576.jpg 768w, https:\/\/centralmedia.rs\/wp-content\/uploads\/2016\/10\/venci-2-jagodina-g.j.-80x60.jpg 80w, https:\/\/centralmedia.rs\/wp-content\/uploads\/2016\/10\/venci-2-jagodina-g.j.-265x198.jpg 265w\" sizes=\"(max-width: 900px) 100vw, 900px\" \/><\/a>\n\t\t\t<\/div><\/figure><figure class='gallery-item'>\n\t\t\t<div class='gallery-icon landscape'>\n\t\t\t\t<a href='https:\/\/centralmedia.rs\/index.php\/2016\/10\/17\/dan-oslobodenja-jagodine-cepurin-crkva-na-grobu-1-200-crvenoarmejaca\/venci-3-jagodina-g-j\/'><img loading=\"lazy\" decoding=\"async\" width=\"900\" height=\"675\" src=\"https:\/\/centralmedia.rs\/wp-content\/uploads\/2016\/10\/venci-3-jagodina-g.j..jpg\" class=\"attachment-full size-full\" alt=\"\" srcset=\"https:\/\/centralmedia.rs\/wp-content\/uploads\/2016\/10\/venci-3-jagodina-g.j..jpg 900w, https:\/\/centralmedia.rs\/wp-content\/uploads\/2016\/10\/venci-3-jagodina-g.j.-300x225.jpg 300w, https:\/\/centralmedia.rs\/wp-content\/uploads\/2016\/10\/venci-3-jagodina-g.j.-768x576.jpg 768w, https:\/\/centralmedia.rs\/wp-content\/uploads\/2016\/10\/venci-3-jagodina-g.j.-80x60.jpg 80w, https:\/\/centralmedia.rs\/wp-content\/uploads\/2016\/10\/venci-3-jagodina-g.j.-265x198.jpg 265w\" sizes=\"(max-width: 900px) 100vw, 900px\" \/><\/a>\n\t\t\t<\/div><\/figure>\n\t\t<\/div>\n\n<p>-Zajedno sa Jagodinom izgradi\u0107emo spomen crkvu. Ovo mesto bi\u0107e lep kutak za se\u0107anje na pale borce i za one koji dolaze kao turisti u Jagodinu. Hvala stanovnicima Jagodine na saradnji i mi to veoma cenimo, rekao je \u010cepurin.<\/p>\n<p>Ambasada Rusije i \u00a0Jagodina dogovorili u rekonstrukciju spomen podru\u010dja Rusko groblje. Prvi radovi izvedeni su 2003. godine.<\/p>\n<p>-Pre \u010detiri meseca smo se dogovorili da kompletno rekonstrui\u0161emo spomen podru\u010dje, pre dva meseca na\u0161ili smo i sredstava u visini od 25.000 dolara. Ostvareni su prvi radovi na groblju. Pre dva meseca ovo podru\u010dje bilo je uru\u0161eno, ali sada je u dobrom stanju, kazao je \u010cepurin..<\/p>\n<p>On je podsetio da je bitka za oslobo\u0111enje ovog dela Srbije trajala je \u0161est dana i no\u0107i, odnosno koliko je trajalo stvaranje sveta po Bibliji.<\/p>\n<p>-Te borbe otvorile su put za oslobo\u0111enje cele Jugoslavije. To su uradili Sovjetski vonici i jugoslovenski partizani. Velike bitne su vo\u0111ene, a o tome govori i veliki broj poginulih vojnika 1.200 Sovjeta i isto toliko partizana. Ovo mesto je znak se\u0107anja na na\u0161e pale heroje i spomenik zajedni\u010dke pro\u0161losti. Velike pobede su simbol da mo\u017eemo da idemo dalje, da razvijamo ekonomiju i stvaramo budu\u0107nost, istakao je \u010cepurin.<\/p>\n<p>Predsednik Skup\u0161tine grada Jagodine Dragan Markovi\u0107 Palma precizorao je da \u0107e iznad grobne plo\u010de 1.200 poginulih Crvenoarmejaca biti podignura crkva.<\/p>\n<p>-Donatori za izgradnju su Ambasada Rusije, ambasod \u010cepurin, Ministartsvo za rada i socijalna pitanja i grad Jagodina. Izgradnja po\u010dinje posle dobijanja dozvole dr\u017eavnih organa. Sredstva su obezbe\u0111ena, rekao je Markovi\u0107 i dodao da \u0107e spomen podru\u010dje prerasti u memorijalno-sportski centar.<\/p>\n","protected":false},"excerpt":{"rendered":"<p>JAGODINA-Povodom 17.oktobra dana oslobo\u0111enja Jagodine u drugom svetskom ratu ambasador Rusije u Beogradu Aleksandar \u010cepurin najavio je po\u010detak izgradnju crkve na groblju 1.200 poginulih Crvenoarmejaca &hellip; <\/p>\n","protected":false},"author":4,"featured_media":5053,"comment_status":"open","ping_status":"open","sticky":false,"template":"","format":"standard","meta":{"footnotes":""},"categories":[14,2,12],"tags":[1323,58,120,141],"_links":{"self":[{"href":"https:\/\/centralmedia.rs\/index.php\/wp-json\/wp\/v2\/posts\/5049"}],"collection":[{"href":"https:\/\/centralmedia.rs\/index.php\/wp-json\/wp\/v2\/posts"}],"about":[{"href":"https:\/\/centralmedia.rs\/index.php\/wp-json\/wp\/v2\/types\/post"}],"author":[{"embeddable":true,"href":"https:\/\/centralmedia.rs\/index.php\/wp-json\/wp\/v2\/users\/4"}],"replies":[{"embeddable":true,"href":"https:\/\/centralmedia.rs\/index.php\/wp-json\/wp\/v2\/comments?post=5049"}],"version-history":[{"count":0,"href":"https:\/\/centralmedia.rs\/index.php\/wp-json\/wp\/v2\/posts\/5049\/revisions"}],"wp:featuredmedia":[{"embeddable":true,"href":"https:\/\/centralmedia.rs\/index.php\/wp-json\/wp\/v2\/media\/5053"}],"wp:attachment":[{"href":"https:\/\/centralmedia.rs\/index.php\/wp-json\/wp\/v2\/media?parent=5049"}],"wp:term":[{"taxonomy":"category","embeddable":true,"href":"https:\/\/centralmedia.rs\/index.php\/wp-json\/wp\/v2\/categories?post=5049"},{"taxonomy":"post_tag","embeddable":true,"href":"https:\/\/centralmedia.rs\/index.php\/wp-json\/wp\/v2\/tags?post=5049"}],"curies":[{"name":"wp","href":"https:\/\/api.w.org\/{rel}","templated":true}]}}