{"id":5055,"date":"2016-10-17T14:03:41","date_gmt":"2016-10-17T14:03:41","guid":{"rendered":"http:\/\/centralmedia.rs\/?p=5055"},"modified":"2017-01-19T23:57:19","modified_gmt":"2017-01-19T23:57:19","slug":"dan-oslobodenja-rekovca-plakete-zasluznim-levcanima","status":"publish","type":"post","link":"https:\/\/centralmedia.rs\/index.php\/2016\/10\/17\/dan-oslobodenja-rekovca-plakete-zasluznim-levcanima\/","title":{"rendered":"DAN OSLOBO\u0110ENJA REKOVCA &#8211; PLAKETE ZASLU\u017dNIM LEV\u010cANIMA"},"content":{"rendered":"<p>REKOVAC-Povodom 17. oktobra dana oslobo\u0111enja Rekovca u drugom svetskom ratu na sve\u010danoj sednici skup\u0161tine Plakete op\u0161tine uru\u010dene su dekanu Ekonomskog fakulteta u Kragujevcu Petru Veselinovi\u0107u, profesoru Pravnog fakulteta u Kragujevcu Bo\u017einu Vla\u0161kovi\u0107u, prosfesorima medicinskog fakulteta u Kragujevcu Radivoju Nikoli\u0107u i Mom\u010dilu Miloradovi\u0107u .<\/p>\n<div id='gallery-1' class='gallery galleryid-5055 gallery-columns-2 gallery-size-full'><figure class='gallery-item'>\n\t\t\t<div class='gallery-icon landscape'>\n\t\t\t\t<a href='https:\/\/centralmedia.rs\/index.php\/2016\/10\/17\/dan-oslobodenja-rekovca-plakete-zasluznim-levcanima\/dobitnici-plaketa-rekovac-g-j\/'><img loading=\"lazy\" decoding=\"async\" width=\"900\" height=\"675\" src=\"https:\/\/centralmedia.rs\/wp-content\/uploads\/2016\/10\/dobitnici-plaketa-rekovac-g.j..jpg\" class=\"attachment-full size-full\" alt=\"\" srcset=\"https:\/\/centralmedia.rs\/wp-content\/uploads\/2016\/10\/dobitnici-plaketa-rekovac-g.j..jpg 900w, https:\/\/centralmedia.rs\/wp-content\/uploads\/2016\/10\/dobitnici-plaketa-rekovac-g.j.-300x225.jpg 300w, https:\/\/centralmedia.rs\/wp-content\/uploads\/2016\/10\/dobitnici-plaketa-rekovac-g.j.-768x576.jpg 768w, https:\/\/centralmedia.rs\/wp-content\/uploads\/2016\/10\/dobitnici-plaketa-rekovac-g.j.-80x60.jpg 80w, https:\/\/centralmedia.rs\/wp-content\/uploads\/2016\/10\/dobitnici-plaketa-rekovac-g.j.-265x198.jpg 265w\" sizes=\"(max-width: 900px) 100vw, 900px\" \/><\/a>\n\t\t\t<\/div><\/figure><figure class='gallery-item'>\n\t\t\t<div class='gallery-icon landscape'>\n\t\t\t\t<a href='https:\/\/centralmedia.rs\/index.php\/2016\/10\/17\/dan-oslobodenja-rekovca-plakete-zasluznim-levcanima\/svecana-sednica-rekovac-g-j\/'><img loading=\"lazy\" decoding=\"async\" width=\"900\" height=\"675\" src=\"https:\/\/centralmedia.rs\/wp-content\/uploads\/2016\/10\/svecana-sednica-rekovac-g.j..jpg\" class=\"attachment-full size-full\" alt=\"\" srcset=\"https:\/\/centralmedia.rs\/wp-content\/uploads\/2016\/10\/svecana-sednica-rekovac-g.j..jpg 900w, https:\/\/centralmedia.rs\/wp-content\/uploads\/2016\/10\/svecana-sednica-rekovac-g.j.-300x225.jpg 300w, https:\/\/centralmedia.rs\/wp-content\/uploads\/2016\/10\/svecana-sednica-rekovac-g.j.-768x576.jpg 768w, https:\/\/centralmedia.rs\/wp-content\/uploads\/2016\/10\/svecana-sednica-rekovac-g.j.-80x60.jpg 80w, https:\/\/centralmedia.rs\/wp-content\/uploads\/2016\/10\/svecana-sednica-rekovac-g.j.-265x198.jpg 265w\" sizes=\"(max-width: 900px) 100vw, 900px\" \/><\/a>\n\t\t\t<\/div><\/figure>\n\t\t<\/div>\n\n<p>-U periodu pred nama pobolj\u0161a\u0107emo kvalitet \u017eivota gra\u0111ana Lev\u010da. O\u010dekujemo realizaciju brojnih projekata od velikog zna\u010daja za Rekovac. Siguran sam da \u0107emo smanjiti nezaposlenost kroz realizaciju op\u0161tinskih projekata ili zainteresovanih investitora. Predstoji nam izgradnja saobra\u0107ajnica i gradskog vodovoda, kao ostale infrastrukture. Ulaga\u0107emo u sport, infrastrukturu i podizanje standarda stanovni\u0161tva. Odlu\u010dni smo da krenemo u razvoj turizma, rekao je predsednik SO Rekovac Goran \u0110or\u0111evi\u0107.<\/p>\n<p>Sve\u010danoj sednici prisustvovali su ambasador Palestine Muhamed Nabhan i konzul Belorusije Zoran Vulovi\u0107,kao i predsednici susednih i prijateljskih op\u0161tina.<\/p>\n<div id='gallery-2' class='gallery galleryid-5055 gallery-columns-2 gallery-size-full'><figure class='gallery-item'>\n\t\t\t<div class='gallery-icon landscape'>\n\t\t\t\t<a href='https:\/\/centralmedia.rs\/index.php\/2016\/10\/17\/dan-oslobodenja-rekovca-plakete-zasluznim-levcanima\/dr-aleksandar-djordjevic-rekovac-g-j\/'><img loading=\"lazy\" decoding=\"async\" width=\"900\" height=\"675\" src=\"https:\/\/centralmedia.rs\/wp-content\/uploads\/2016\/10\/dr-aleksandar-djordjevic-rekovac-g.j..jpg\" class=\"attachment-full size-full\" alt=\"\" aria-describedby=\"gallery-2-5059\" srcset=\"https:\/\/centralmedia.rs\/wp-content\/uploads\/2016\/10\/dr-aleksandar-djordjevic-rekovac-g.j..jpg 900w, https:\/\/centralmedia.rs\/wp-content\/uploads\/2016\/10\/dr-aleksandar-djordjevic-rekovac-g.j.-300x225.jpg 300w, https:\/\/centralmedia.rs\/wp-content\/uploads\/2016\/10\/dr-aleksandar-djordjevic-rekovac-g.j.-768x576.jpg 768w, https:\/\/centralmedia.rs\/wp-content\/uploads\/2016\/10\/dr-aleksandar-djordjevic-rekovac-g.j.-80x60.jpg 80w, https:\/\/centralmedia.rs\/wp-content\/uploads\/2016\/10\/dr-aleksandar-djordjevic-rekovac-g.j.-265x198.jpg 265w\" sizes=\"(max-width: 900px) 100vw, 900px\" \/><\/a>\n\t\t\t<\/div>\n\t\t\t\t<figcaption class='wp-caption-text gallery-caption' id='gallery-2-5059'>\n\t\t\t\tDr Aleksandar \u0110or\u0111evi\u0107\n\t\t\t\t<\/figcaption><\/figure><figure class='gallery-item'>\n\t\t\t<div class='gallery-icon landscape'>\n\t\t\t\t<a href='https:\/\/centralmedia.rs\/index.php\/2016\/10\/17\/dan-oslobodenja-rekovca-plakete-zasluznim-levcanima\/goran-djordjevic-rekovac-g-j\/'><img loading=\"lazy\" decoding=\"async\" width=\"900\" height=\"675\" src=\"https:\/\/centralmedia.rs\/wp-content\/uploads\/2016\/10\/goran-djordjevic-rekovac-g.j..jpg\" class=\"attachment-full size-full\" alt=\"\" aria-describedby=\"gallery-2-5060\" srcset=\"https:\/\/centralmedia.rs\/wp-content\/uploads\/2016\/10\/goran-djordjevic-rekovac-g.j..jpg 900w, https:\/\/centralmedia.rs\/wp-content\/uploads\/2016\/10\/goran-djordjevic-rekovac-g.j.-300x225.jpg 300w, https:\/\/centralmedia.rs\/wp-content\/uploads\/2016\/10\/goran-djordjevic-rekovac-g.j.-768x576.jpg 768w, https:\/\/centralmedia.rs\/wp-content\/uploads\/2016\/10\/goran-djordjevic-rekovac-g.j.-80x60.jpg 80w, https:\/\/centralmedia.rs\/wp-content\/uploads\/2016\/10\/goran-djordjevic-rekovac-g.j.-265x198.jpg 265w\" sizes=\"(max-width: 900px) 100vw, 900px\" \/><\/a>\n\t\t\t<\/div>\n\t\t\t\t<figcaption class='wp-caption-text gallery-caption' id='gallery-2-5060'>\n\t\t\t\tGoran \u0110or\u0111evi\u0107\n\t\t\t\t<\/figcaption><\/figure>\n\t\t<\/div>\n\n<p>-\u017delimo da budemo prava lokalna samouprava i sledimo primer najboljih u Srbiji, a to su \u0106uprija i Despotovac. Imamo uslove, kadrove i \u017eelju, sve \u0107emo ujediniti i na pravi na\u010din razviti Rekovac i Leva\u010d. \u017delimo da Leva\u010d postane pravo mesto za investicije u poljoprivredu i turizam. Vrata lokalne samouprave otvorena su za sve, sva\u010dije mi\u0161ljenje mora se \u010duti, a najbolje odluke donositi. Namera nam je da svake godine budemo sve bolji. U izgledu je ostvarenje mnogih projekta kojima \u0107emo ispuniti na\u0161e ciljeve, istakao je predsednik te op\u0161tine dr Aleksandar \u0110or\u0111evi\u0107.\u00a0Oktobarske Zahvalnice dodeljene su najboljim u\u010denicima i ustanovama. Pre sednice, polo\u017eeni su venci na spomenik palim borcima.<\/p>\n<p>&nbsp;<\/p>\n<p><strong><em>Pozitivni primeri Razglednica iz Rekovca \u2013 Projekat se realizuje uz pomo\u0107 sredstava iz bud\u017eeta Op\u0161tine Rekovac.<\/em><\/strong><\/p>\n<p><a href=\"https:\/\/centralmedia.rs\/wp-content\/uploads\/2016\/12\/grb.jpg\"><img loading=\"lazy\" decoding=\"async\" class=\"aligncenter size-medium wp-image-6520\" src=\"https:\/\/centralmedia.rs\/wp-content\/uploads\/2016\/12\/grb-210x300.jpg\" alt=\"\" width=\"210\" height=\"300\" srcset=\"https:\/\/centralmedia.rs\/wp-content\/uploads\/2016\/12\/grb-210x300.jpg 210w, https:\/\/centralmedia.rs\/wp-content\/uploads\/2016\/12\/grb.jpg 276w\" sizes=\"(max-width: 210px) 100vw, 210px\" \/><\/a><\/p>\n","protected":false},"excerpt":{"rendered":"<p>REKOVAC-Povodom 17. oktobra dana oslobo\u0111enja Rekovca u drugom svetskom ratu na sve\u010danoj sednici skup\u0161tine Plakete op\u0161tine uru\u010dene su dekanu Ekonomskog fakulteta u Kragujevcu Petru Veselinovi\u0107u, &hellip; <\/p>\n","protected":false},"author":4,"featured_media":5056,"comment_status":"open","ping_status":"open","sticky":false,"template":"","format":"standard","meta":{"footnotes":""},"categories":[14,1524,2,887,1519,12],"tags":[1324,59,441],"_links":{"self":[{"href":"https:\/\/centralmedia.rs\/index.php\/wp-json\/wp\/v2\/posts\/5055"}],"collection":[{"href":"https:\/\/centralmedia.rs\/index.php\/wp-json\/wp\/v2\/posts"}],"about":[{"href":"https:\/\/centralmedia.rs\/index.php\/wp-json\/wp\/v2\/types\/post"}],"author":[{"embeddable":true,"href":"https:\/\/centralmedia.rs\/index.php\/wp-json\/wp\/v2\/users\/4"}],"replies":[{"embeddable":true,"href":"https:\/\/centralmedia.rs\/index.php\/wp-json\/wp\/v2\/comments?post=5055"}],"version-history":[{"count":0,"href":"https:\/\/centralmedia.rs\/index.php\/wp-json\/wp\/v2\/posts\/5055\/revisions"}],"wp:featuredmedia":[{"embeddable":true,"href":"https:\/\/centralmedia.rs\/index.php\/wp-json\/wp\/v2\/media\/5056"}],"wp:attachment":[{"href":"https:\/\/centralmedia.rs\/index.php\/wp-json\/wp\/v2\/media?parent=5055"}],"wp:term":[{"taxonomy":"category","embeddable":true,"href":"https:\/\/centralmedia.rs\/index.php\/wp-json\/wp\/v2\/categories?post=5055"},{"taxonomy":"post_tag","embeddable":true,"href":"https:\/\/centralmedia.rs\/index.php\/wp-json\/wp\/v2\/tags?post=5055"}],"curies":[{"name":"wp","href":"https:\/\/api.w.org\/{rel}","templated":true}]}}