{"id":5063,"date":"2016-10-18T10:15:04","date_gmt":"2016-10-18T10:15:04","guid":{"rendered":"http:\/\/centralmedia.rs\/?p=5063"},"modified":"2016-10-18T10:15:50","modified_gmt":"2016-10-18T10:15:50","slug":"tri-nova-doktora-nauka-na-fakultetu-pedagoskih-nauka-u-jagodini","status":"publish","type":"post","link":"https:\/\/centralmedia.rs\/index.php\/2016\/10\/18\/tri-nova-doktora-nauka-na-fakultetu-pedagoskih-nauka-u-jagodini\/","title":{"rendered":"TROJE  NOVIH DOKTORA NAUKA NA FAKULTETU PEDAGO\u0160KIH NAUKA U JAGODINI"},"content":{"rendered":"<p>JAGODINA-Fakultet pedago\u0161kih nauka u Jagodini \u0161kolsku godinu zapo\u010deo je sa \u010dak tri nova doktora nauka iz oblasti srpskog jezika i knji\u017eevnosti. Za manje od mesec dana, u briljantnoj seriji, svoje doktorske teze odbranili su Jelena Spasi\u0107 na Filolo\u0161ko-umetni\u010dkom fakultetu Univerziteta u Kragujevcu, Maja Dimitrijevi\u0107 i Branko Ili\u0107 na Filolo\u0161kom fakultetu u Beogradu.<\/p>\n<div id='gallery-1' class='gallery galleryid-5063 gallery-columns-2 gallery-size-full'><figure class='gallery-item'>\n\t\t\t<div class='gallery-icon landscape'>\n\t\t\t\t<a href='https:\/\/centralmedia.rs\/index.php\/2016\/10\/18\/tri-nova-doktora-nauka-na-fakultetu-pedagoskih-nauka-u-jagodini\/doktori-1-jagodina-g-j\/'><img loading=\"lazy\" decoding=\"async\" width=\"900\" height=\"675\" src=\"https:\/\/centralmedia.rs\/wp-content\/uploads\/2016\/10\/doktori-1-jagodina-g.j..jpg\" class=\"attachment-full size-full\" alt=\"\" srcset=\"https:\/\/centralmedia.rs\/wp-content\/uploads\/2016\/10\/doktori-1-jagodina-g.j..jpg 900w, https:\/\/centralmedia.rs\/wp-content\/uploads\/2016\/10\/doktori-1-jagodina-g.j.-300x225.jpg 300w, https:\/\/centralmedia.rs\/wp-content\/uploads\/2016\/10\/doktori-1-jagodina-g.j.-768x576.jpg 768w, https:\/\/centralmedia.rs\/wp-content\/uploads\/2016\/10\/doktori-1-jagodina-g.j.-80x60.jpg 80w, https:\/\/centralmedia.rs\/wp-content\/uploads\/2016\/10\/doktori-1-jagodina-g.j.-265x198.jpg 265w\" sizes=\"(max-width: 900px) 100vw, 900px\" \/><\/a>\n\t\t\t<\/div><\/figure><figure class='gallery-item'>\n\t\t\t<div class='gallery-icon landscape'>\n\t\t\t\t<a href='https:\/\/centralmedia.rs\/index.php\/2016\/10\/18\/tri-nova-doktora-nauka-na-fakultetu-pedagoskih-nauka-u-jagodini\/doktori-2-jagodina-g-j\/'><img loading=\"lazy\" decoding=\"async\" width=\"900\" height=\"675\" src=\"https:\/\/centralmedia.rs\/wp-content\/uploads\/2016\/10\/doktori-2-jagodina-g.j..jpg\" class=\"attachment-full size-full\" alt=\"\" srcset=\"https:\/\/centralmedia.rs\/wp-content\/uploads\/2016\/10\/doktori-2-jagodina-g.j..jpg 900w, https:\/\/centralmedia.rs\/wp-content\/uploads\/2016\/10\/doktori-2-jagodina-g.j.-300x225.jpg 300w, https:\/\/centralmedia.rs\/wp-content\/uploads\/2016\/10\/doktori-2-jagodina-g.j.-768x576.jpg 768w, https:\/\/centralmedia.rs\/wp-content\/uploads\/2016\/10\/doktori-2-jagodina-g.j.-80x60.jpg 80w, https:\/\/centralmedia.rs\/wp-content\/uploads\/2016\/10\/doktori-2-jagodina-g.j.-265x198.jpg 265w\" sizes=\"(max-width: 900px) 100vw, 900px\" \/><\/a>\n\t\t\t<\/div><\/figure>\n\t\t<\/div>\n\n<p>O zna\u010daju ovih novosti i izuzetnom stru\u010dnom kadru jagodinskog Fakulteta pedago\u0161kih nauka govori i \u010dinjenica da na Fakultetu radi 8 nastavnika i saradnika za ovu nau\u010dnu oblast, od kojih je samo jo\u0161 jedan, najmla\u0111i, student doktorskih studija. Svi ostali sada imaju nau\u010dni stepen doktora nauka.<\/p>\n<p>-Imali smo plodno leto.Dok se drugi obi\u010dno odmaraju, mi smo radili.\u0160tavi\u0161e, mo\u017eda je ovo jedna od najuspe\u0161nijih godina za fakultet. Troje na\u0161ih saradnika, asistenata, mladih kolega u toku leta\u00a0 odbranili su doktorske disertacije. Veoma smo ponosni, ne samo zato \u0161to su odbranili doktorske disertacije, ve\u0107 i zato \u0161to su odbrane bile na najeminentnijim filolo\u0161kim fakultetima,a posebno \u0161to su ovi doktorski radovi ocenjeni kao najozbiljniji iz tih oblasti koji su u proteklom periodu do\u0161li na te fakultete. O tim radovima i njihovom kvalitetu pri\u010dalo se u nau\u010dnoj javnosti Srbije, jer su ostavili jak i dubok utisak na \u010dlanove komisija, kazala je dekanka Violeta Jovanovi\u0107.<\/p>\n<p>Tri nedavno odbranjena doktorata ocenjena su izuzetnim pohvalama, i to od strane mentora i \u010dlanova komisija koji predstavljaju sam vrh srpske filologije: Milo\u0161 Kova\u010devi\u0107, Mihajlo Panti\u0107, Tanja Popovi\u0107, Ljiljana Baji\u0107, Zona Mrkalj, Andreana Mar\u010deti\u0107 i Jelena Jovanovi\u0107 Simi\u0107. Posebno je priznanje Fakultetu pedago\u0161kih nauka i njegovom kadrovskom profilu to \u0161to je svako od troje doktoranada za \u010dlana komisije imao i svog starijeg kolegu, profesora Fakulteta. Tako je profesor Tiodor Rosi\u0107 bio i \u010dlan komisije za ocenu i odbranu doktorata Maje Dimitrijevi\u0107, profesor Violeta Jovanovi\u0107 je tu ulogu imala u odbrani teze Branka Ili\u0107a, a profesor Ilijana \u010cutura bila je predsednik komisije za ocenu i odbranu doktorata Jelene Spasi\u0107.<\/p>\n<p>&#8211; Na taj na\u010din je na\u0161em nastavni\u010dkom kadru odato priznanje za nau\u010dni status i doprinos. To je na\u0161 dupli uspeh u nau\u010dnom smislu, kako profesora, tako i kandidata koji su na maestralan na\u010din odbranili fakultet, sebe, nauku i dali doprinos razvoju nauke. Taj na\u0161 uspeh je procena filolo\u0161kih fakulteta da imamo izuzetno jaku katedru za Srpski jezik i knji\u017eevnost, koja ravnopravno sara\u0111uje i u\u010destvuje u svim aktivnostima mati\u010dnih fakulteta, rekla je profesor Ilijana \u010cutura.<\/p>\n<p>Studenti Fakulteta pedago\u0161kih nauka imaju nastavu iz tri u\u017ee oblasti ovog polja: jezika, knji\u017eevnosti i metodike. Troje novih doktora nauka stekli su ova nau\u010dna zvanja iz sve tri ove oblasti, pa \u0107e svi segmenti, i u istra\u017eiva\u010dkom i u nastavnom smislu, biti oboga\u0107eni.<\/p>\n<p>-Nema ve\u0107e sre\u0107e nego kada mo\u017eete svog kolegu, budu\u0107eg nau\u010dnika i profesora,da pratite od samih njegovih istra\u017eiva\u010dkih po\u010detaka do najvi\u0161e titule. Nema ve\u0107e sre\u0107e za jednog profesora, koji je uz to i knji\u017eevni stvaralac, kada se susretne sa budu\u0107im nau\u010dnikom, doktorom, koji pokazuje inventivnost, imaginaciju, intelektualnu radoznalost, koji ne\u0107e\u00a0 da bude povr\u0161an, ve\u0107 temeljan. Sre\u0107an sam \u0161to na\u0161i doktori nauka nisu sholastici, nisu ljudi koji samo za sebe skupljaju znanja, ve\u0107 ta znanja nesebi\u010dno prenose kroz stvrala\u010dku i imanentnu nastavu na mla\u0111e generacije. Otvoreni su prema svetu i veku, ima\u0107e sjajnu razvojnu nau\u010dno-prosvetnu liniju, rekao je profresor i knji\u017eevnik Tiodor Rosi\u0107.<\/p>\n","protected":false},"excerpt":{"rendered":"<p>JAGODINA-Fakultet pedago\u0161kih nauka u Jagodini \u0161kolsku godinu zapo\u010deo je sa \u010dak tri nova doktora nauka iz oblasti srpskog jezika i knji\u017eevnosti. Za manje od mesec &hellip; <\/p>\n","protected":false},"author":4,"featured_media":5066,"comment_status":"open","ping_status":"open","sticky":false,"template":"","format":"standard","meta":{"footnotes":""},"categories":[14,2,12],"tags":[57,269,58,1325],"_links":{"self":[{"href":"https:\/\/centralmedia.rs\/index.php\/wp-json\/wp\/v2\/posts\/5063"}],"collection":[{"href":"https:\/\/centralmedia.rs\/index.php\/wp-json\/wp\/v2\/posts"}],"about":[{"href":"https:\/\/centralmedia.rs\/index.php\/wp-json\/wp\/v2\/types\/post"}],"author":[{"embeddable":true,"href":"https:\/\/centralmedia.rs\/index.php\/wp-json\/wp\/v2\/users\/4"}],"replies":[{"embeddable":true,"href":"https:\/\/centralmedia.rs\/index.php\/wp-json\/wp\/v2\/comments?post=5063"}],"version-history":[{"count":0,"href":"https:\/\/centralmedia.rs\/index.php\/wp-json\/wp\/v2\/posts\/5063\/revisions"}],"wp:featuredmedia":[{"embeddable":true,"href":"https:\/\/centralmedia.rs\/index.php\/wp-json\/wp\/v2\/media\/5066"}],"wp:attachment":[{"href":"https:\/\/centralmedia.rs\/index.php\/wp-json\/wp\/v2\/media?parent=5063"}],"wp:term":[{"taxonomy":"category","embeddable":true,"href":"https:\/\/centralmedia.rs\/index.php\/wp-json\/wp\/v2\/categories?post=5063"},{"taxonomy":"post_tag","embeddable":true,"href":"https:\/\/centralmedia.rs\/index.php\/wp-json\/wp\/v2\/tags?post=5063"}],"curies":[{"name":"wp","href":"https:\/\/api.w.org\/{rel}","templated":true}]}}