{"id":5078,"date":"2016-10-18T22:30:26","date_gmt":"2016-10-18T22:30:26","guid":{"rendered":"http:\/\/centralmedia.rs\/?p=5078"},"modified":"2016-10-18T22:30:26","modified_gmt":"2016-10-18T22:30:26","slug":"7-medunarodni-festival-decjih-omladinskih-pozorisnih-predstava-u-jagodini","status":"publish","type":"post","link":"https:\/\/centralmedia.rs\/index.php\/2016\/10\/18\/7-medunarodni-festival-decjih-omladinskih-pozorisnih-predstava-u-jagodini\/","title":{"rendered":"7. ME\u0110UNARODNI FESTIVAL DE\u010cJIH I OMLADINSKIH POZORI\u0160NIH PREDSTAVA U JAGODINI"},"content":{"rendered":"<p>Me\u0111unarodni festival De\u010djih i omladinskih pozori\u0161nih predstava 7. put se odr\u017eava u Jagodini od 24. do 29. oktobra. \u017diri \u0107e raditi u sastavu predsednik\u00a0Milan Caci Mihailovi\u0107 &#8211; dramski umetnik iz Beograda i prvak Ateljea 212, predsednik \u017eirija, Olga Odanovi\u0107 &#8211; dramska umetnica iz Beograda, prvakinja Narodnog pozori\u0161ta i Jelena Pavlovi\u0107 &#8211; kompanija Textil, ispred grada doma\u0107ina. Selektor\u00a0Miodrag Dinulovi\u0107 saop\u0161tio je selekciju predstava ovogodi\u0161njeg festivala.<\/p>\n<div id='gallery-1' class='gallery galleryid-5078 gallery-columns-3 gallery-size-full'><figure class='gallery-item'>\n\t\t\t<div class='gallery-icon landscape'>\n\t\t\t\t<a href='https:\/\/centralmedia.rs\/index.php\/2016\/10\/18\/7-medunarodni-festival-decjih-omladinskih-pozorisnih-predstava-u-jagodini\/plakat-1\/'><img loading=\"lazy\" decoding=\"async\" width=\"960\" height=\"653\" src=\"https:\/\/centralmedia.rs\/wp-content\/uploads\/2016\/10\/plakat-1.jpg\" class=\"attachment-full size-full\" alt=\"\" srcset=\"https:\/\/centralmedia.rs\/wp-content\/uploads\/2016\/10\/plakat-1.jpg 960w, https:\/\/centralmedia.rs\/wp-content\/uploads\/2016\/10\/plakat-1-300x204.jpg 300w, https:\/\/centralmedia.rs\/wp-content\/uploads\/2016\/10\/plakat-1-768x522.jpg 768w\" sizes=\"(max-width: 960px) 100vw, 960px\" \/><\/a>\n\t\t\t<\/div><\/figure><figure class='gallery-item'>\n\t\t\t<div class='gallery-icon landscape'>\n\t\t\t\t<a href='https:\/\/centralmedia.rs\/index.php\/2016\/10\/18\/7-medunarodni-festival-decjih-omladinskih-pozorisnih-predstava-u-jagodini\/plakat-2-2\/'><img loading=\"lazy\" decoding=\"async\" width=\"960\" height=\"653\" src=\"https:\/\/centralmedia.rs\/wp-content\/uploads\/2016\/10\/plakat-2.jpg\" class=\"attachment-full size-full\" alt=\"\" srcset=\"https:\/\/centralmedia.rs\/wp-content\/uploads\/2016\/10\/plakat-2.jpg 960w, https:\/\/centralmedia.rs\/wp-content\/uploads\/2016\/10\/plakat-2-300x204.jpg 300w, https:\/\/centralmedia.rs\/wp-content\/uploads\/2016\/10\/plakat-2-768x522.jpg 768w\" sizes=\"(max-width: 960px) 100vw, 960px\" \/><\/a>\n\t\t\t<\/div><\/figure><figure class='gallery-item'>\n\t\t\t<div class='gallery-icon landscape'>\n\t\t\t\t<a href='https:\/\/centralmedia.rs\/index.php\/2016\/10\/18\/7-medunarodni-festival-decjih-omladinskih-pozorisnih-predstava-u-jagodini\/plakat-3\/'><img loading=\"lazy\" decoding=\"async\" width=\"960\" height=\"654\" src=\"https:\/\/centralmedia.rs\/wp-content\/uploads\/2016\/10\/plakat-3.jpg\" class=\"attachment-full size-full\" alt=\"\" srcset=\"https:\/\/centralmedia.rs\/wp-content\/uploads\/2016\/10\/plakat-3.jpg 960w, https:\/\/centralmedia.rs\/wp-content\/uploads\/2016\/10\/plakat-3-300x204.jpg 300w, https:\/\/centralmedia.rs\/wp-content\/uploads\/2016\/10\/plakat-3-768x523.jpg 768w, https:\/\/centralmedia.rs\/wp-content\/uploads\/2016\/10\/plakat-3-218x150.jpg 218w\" sizes=\"(max-width: 960px) 100vw, 960px\" \/><\/a>\n\t\t\t<\/div><\/figure>\n\t\t<\/div>\n\n<p>-Sa velikim zadovoljstvom sam odgledao sve prijavljene predstave za ovogodi\u0161nji, sedmi po redu, festival DOPS u Jagodini.<\/p>\n<p>Op\u0161ti utisak nakon odgledanih predstava je izuzetno pozitivan, \u0161to zbog mno\u0161tva mladih i talentovanih ljudi koji se sa puno radosti i zaigranosti bave dramskim stvarala\u0161tvom, \u0161to zbog \u010dinjenice da je ve\u0107ina predstava ostvarila zavidan umetni\u010dki nivo.<\/p>\n<p>Neosporni talenat mladih glumaca na\u0161ao je u dramskim stvaraocima i pedagozima jak oslonac i kvalitativni podsticaj te je otuda razumljivo da je u obe selekcije presudni kriterijum za izbor bio nesporni gluma\u010dki dar izvodja\u010da, udru\u017een sa profesionalnim vodjenjem grupe ka artikulisanom, ne retko veoma provokativnom, pozori\u0161nom \u010dinu.<\/p>\n<p>DE\u010cJA KONKURENCIJA<\/p>\n<p>Najmladji glumci \u0107e ove godine na DOPS-u izvesti predstave nastale na doma\u0107em dramskom tekstu. Autori predstava su u prvi plan isticali male glumce i njihove dopadljive kreacije, ali su uspeli i u poku\u0161aju da njihove predstave odi\u0161u sve\u017einom izraza i veoma uspe\u0161nom kompozicijom bri\u017eljivo biranih re\u017eijskih sredstava minimalisti\u010dkog teatra.<\/p>\n<p>Izabrane predstave selekcije Deca za decu su:<\/p>\n<ol>\n<li>Ludo da ne mo\u017ee biti ludje \u2013 po tekstu i re\u017eiji Nata\u0161e Vujovi\u0107 \u2013 Kreativni studio \u010carolija, Novi Sad.<\/li>\n<li>Nemu\u0161ti jezik \u2013 po tekstu Mijodraga Stanisavljevi\u0107a u re\u017eija Fuad Tabu\u010di\u0107- OAP &#8220;Branislav Nu\u0161i\u0107&#8221;, Malo Crni\u0107e.<\/li>\n<li>Porodica Kremenko \u2013po tekstu Lazara Dubovca u re\u017eiji Amara Me\u0161i\u0107 \u2013 Dom kulture, Prijepolje.<\/li>\n<li>Svinjareva tajna \u2013 po tekstu Milo\u0161a Milo\u0161evi\u0107a, u re\u017eiji Radeta Mihailovi\u0107a &#8211; KC-Gradsko pozori\u0161te, Smederevska Palanka.<\/li>\n<li>Slu\u010daj Sare Smit. Re\u0161en! &#8211; po tekstu i u re\u017eiji Petra Luki\u0107a \u2013 Dramski studio &#8220;Petar Pan&#8221;, Kragujevac.<\/li>\n<\/ol>\n<p>OMLADINSKA KONKURENCIJA<\/p>\n<p>Ovogodi\u0161nja selekcija mladi za mlade u tematskom smislu mo\u017ee poneti naziv OSVAJANJE SLOBODE. Bilo da je u pitanju sloboda forme, sloboda li\u010dnog i pozori\u0161nog izraza, nepristajanje na ustaljeni poredak, bunt i ostra\u0161\u0107eni krik za promenama\u2013 sloboda je zajedni\u010dki imenitelj izabranih pozori\u0161nih ostvarenja na koje autori mogu s pravom biti ponosni.<\/p>\n<p>Mladi glumci osvojili su zavidni nivo scenske slobode i artikulacije, veoma hrabro i bez skrupula zagrebali ispod povr\u0161nih stereotipa scenskog realizma i sa puno strasti ispri\u010dali svoje pozori\u0161ne pri\u010de. Posve\u0107en pedago\u0161ko-kreativni rad sa mladim i veoma talentovanim izvodja\u010dima podario nam je izuzetno zanimljive predstave koje \u0107e, iskreno se nadam, pokrenuti mnoga pitanja medju mladima koji ih budu videli.<\/p>\n<p>Izabrane predstave omladinske selekcije: (jednu predstavu iz Slovenije, u takmi\u010darskom programu izabra\u0107e Savet festivala):<\/p>\n<ol>\n<li>Beg \u2013 po tekstu Predraga Karanjca i Du\u0161ana Kalejskog u re\u017eiji Smiljane Tucakov i Du\u0161ana Kaleskog \u2013 CEKOM, Zrenjanin.<\/li>\n<li>Staklena Mena\u017eerija \u2013 Tenesi Vilijamsa u re\u017eiji Kire Georgieva \u2013 Dom kulture 25.maj, Valandovo, Republika Makedonija.<\/li>\n<li>Vodja \u2013 po tekstu Radoja Domanovi\u0107a \u2013 CUG teatar, Vranje, reditelj Bojan Jovanovi\u0107.<\/li>\n<li>Teenage story- pri\u010da o odrastanju- Nikole Zavi\u0161i\u0107a, u re\u017eiji Nenada Pe\u0107inara \u2013 DKC Deci na dar, Novi Sad.<\/li>\n<li>\u017divotinjska farma &#8211; Pozori\u0161na ku\u0107a kulture, Celje, Slovenija, po G. Orwell in A. Rozmanu Rozi, autori dramatizacije: Nu\u0161a Komplet Peperko i Luka Marcen, re\u017eija: Luka Marcen.<\/li>\n<\/ol>\n<p>I ako nije obaveza selektora slobodan sam da predlo\u017eim \u010detiri predstave koje se mogu na\u0107i u prate\u0107em programu festivala, ukoliko festivalski savet i dramske grupe to budu \u017eelele.<\/p>\n<p>U pitanju su predstave Sumnjivo lice pozori\u0161ta TENT iz Obrenovca, Futur ljubavi SKPD &#8220;Djetvan&#8221; iz Pan\u010deva, Olovka pi\u0161e srcem KC Para\u0107in i igrokaz Tetka Metka O\u0160 &#8220;Stojan Ljubi\u0107&#8221; iz Gornjeg Brijanja &#8211; zadnja po\u0161ta Kosani\u0107.<\/p>\n<p>U svakoj od navedenih predstava postoji niz razloga koji ove dramske grupe preporu\u010duju za prate\u0107i program DOPSa \u010dime \u0107e u\u010desnici i dramski pedagozi dobiti jasan signal da je njihov vanredni trud prepoznat, ali i da ih ova odluka selektora i saveta festivala obavezuje na zna\u010dajniji pozori\u0161ni rezultat u narednim godinama.<\/p>\n<p>U nadi da \u0107e ovogodi\u0161nja selekcija zadovoljiti kriterijume mnogobrojne festivalske publike u Jagodini, kao i da \u0107e dati pun kapacitet stru\u010dnom \u017eiriju da odmeri najuspe\u0161nije, zaklju\u010dujem ovaj izve\u0161taj pridru\u017euju\u0107i se buntovnom kriku mladih za osvajanje svakog oblika \u017dIVOTNE I SCENSKE SLOBODE!<\/p>\n<p>Neka nam nikada ne bude dosta dece i pozori\u0161ta!<\/p>\n<p>&nbsp;<\/p>\n","protected":false},"excerpt":{"rendered":"<p>Me\u0111unarodni festival De\u010djih i omladinskih pozori\u0161nih predstava 7. put se odr\u017eava u Jagodini od 24. do 29. oktobra. \u017diri \u0107e raditi u sastavu predsednik\u00a0Milan Caci &hellip; <\/p>\n","protected":false},"author":4,"featured_media":5079,"comment_status":"open","ping_status":"open","sticky":false,"template":"","format":"standard","meta":{"footnotes":""},"categories":[2,15,12],"tags":[1330,1329,58],"_links":{"self":[{"href":"https:\/\/centralmedia.rs\/index.php\/wp-json\/wp\/v2\/posts\/5078"}],"collection":[{"href":"https:\/\/centralmedia.rs\/index.php\/wp-json\/wp\/v2\/posts"}],"about":[{"href":"https:\/\/centralmedia.rs\/index.php\/wp-json\/wp\/v2\/types\/post"}],"author":[{"embeddable":true,"href":"https:\/\/centralmedia.rs\/index.php\/wp-json\/wp\/v2\/users\/4"}],"replies":[{"embeddable":true,"href":"https:\/\/centralmedia.rs\/index.php\/wp-json\/wp\/v2\/comments?post=5078"}],"version-history":[{"count":0,"href":"https:\/\/centralmedia.rs\/index.php\/wp-json\/wp\/v2\/posts\/5078\/revisions"}],"wp:featuredmedia":[{"embeddable":true,"href":"https:\/\/centralmedia.rs\/index.php\/wp-json\/wp\/v2\/media\/5079"}],"wp:attachment":[{"href":"https:\/\/centralmedia.rs\/index.php\/wp-json\/wp\/v2\/media?parent=5078"}],"wp:term":[{"taxonomy":"category","embeddable":true,"href":"https:\/\/centralmedia.rs\/index.php\/wp-json\/wp\/v2\/categories?post=5078"},{"taxonomy":"post_tag","embeddable":true,"href":"https:\/\/centralmedia.rs\/index.php\/wp-json\/wp\/v2\/tags?post=5078"}],"curies":[{"name":"wp","href":"https:\/\/api.w.org\/{rel}","templated":true}]}}