{"id":5085,"date":"2016-10-19T09:26:44","date_gmt":"2016-10-19T09:26:44","guid":{"rendered":"http:\/\/centralmedia.rs\/?p=5085"},"modified":"2016-10-19T09:26:44","modified_gmt":"2016-10-19T09:26:44","slug":"odreden-pritvor-ocuhu-silovatelju-zaprecena-kazna-od-10-40-godina","status":"publish","type":"post","link":"https:\/\/centralmedia.rs\/index.php\/2016\/10\/19\/odreden-pritvor-ocuhu-silovatelju-zaprecena-kazna-od-10-40-godina\/","title":{"rendered":"ODRE\u0110EN PRITVOR O\u010cUHU SILOVATELJU &#8211; ZAPRE\u0106ENA KAZNA OD 10 DO 40 GODINA"},"content":{"rendered":"<p>DESPOTOVAC-Na predlog tu\u017eioca Vi\u0161eg suda V.Z. (44) iz Bukovca kod Despotovca u Vi\u0161em sudu odre\u0111en\u00a0 je pritvor do 30 dana, potvr\u0111eno je u Vi\u0161em tu\u017eila\u0161tvu. On se sumnji\u010di da je od 2011. godine primoravao svoju pastorku M.S. (14) na seksulane odnose uz, kako se osnovano sumnja a policija istra\u017euje, pre\u0107utno odobrenje njene majke. Protiv njega je podnesena krivi\u010dna prijava za silovanje i to za te\u017ei oblik za koji je najmanja zapre\u0107ena kazna 10 godina zatvora, a maksimalna 40 godina. Nesre\u0107na devoj\u010dica nedavno se u \u0161koli \u00a0po\u017ealila o hororu koji traje pet godina, te je tako \u00a0informacija do\u0161la do policije.<\/p>\n<p>-Oni su najsiroma\u0161nija porodica u selu. Rus je do\u0161ao na miraz kod Dace, ali je oduvek bio problemati\u010dan. Me\u0111utim, nismo o\u010dekivali da se ovako ne\u0161to dogodi. Ovo je prava no\u0107na mora, da dete toliko dugo mu\u010de i da niko ne zna \u0161ta se doga\u0111a, ka\u017eu me\u0161tani Bukovca.<\/p>\n<p>Sumnja se \u00a0se da je o\u010duh V.Z. u proteklih pet godina svoju pastorku M. S. (14) prisiljavao na seksualne odnose. Prema bliskom izvoru iz istrage o\u010duh je prvi put silovao pastoru kada je imala samo 9 godina.Poku\u0161avao je da je poklonima \u00a0i pa\u017enjom ve\u017ee za sebe, ali bilo je i situacija kada je joj je pretio ukoliko se protivi njegovim zahtevima. Kada se \u017ealila majci, umesto podr\u0161ke, dobila bi grdnju. Tada je shvatila da majka ne \u017eeli da joj pomogne iz nekog razloga, pa je odlu\u010dila da pri\u010da o tome u dru\u0161tvu,a\u00a0 na to je navela i kampanja protiv pedofila, kao i javno upu\u0107en poziv \u017ertvama da prijave zlostavljanje.<\/p>\n","protected":false},"excerpt":{"rendered":"<p>DESPOTOVAC-Na predlog tu\u017eioca Vi\u0161eg suda V.Z. (44) iz Bukovca kod Despotovca u Vi\u0161em sudu odre\u0111en\u00a0 je pritvor do 30 dana, potvr\u0111eno je u Vi\u0161em tu\u017eila\u0161tvu. &hellip; <\/p>\n","protected":false},"author":4,"featured_media":0,"comment_status":"open","ping_status":"open","sticky":false,"template":"","format":"standard","meta":{"footnotes":""},"categories":[20,2],"tags":[1331,51,256],"_links":{"self":[{"href":"https:\/\/centralmedia.rs\/index.php\/wp-json\/wp\/v2\/posts\/5085"}],"collection":[{"href":"https:\/\/centralmedia.rs\/index.php\/wp-json\/wp\/v2\/posts"}],"about":[{"href":"https:\/\/centralmedia.rs\/index.php\/wp-json\/wp\/v2\/types\/post"}],"author":[{"embeddable":true,"href":"https:\/\/centralmedia.rs\/index.php\/wp-json\/wp\/v2\/users\/4"}],"replies":[{"embeddable":true,"href":"https:\/\/centralmedia.rs\/index.php\/wp-json\/wp\/v2\/comments?post=5085"}],"version-history":[{"count":0,"href":"https:\/\/centralmedia.rs\/index.php\/wp-json\/wp\/v2\/posts\/5085\/revisions"}],"wp:attachment":[{"href":"https:\/\/centralmedia.rs\/index.php\/wp-json\/wp\/v2\/media?parent=5085"}],"wp:term":[{"taxonomy":"category","embeddable":true,"href":"https:\/\/centralmedia.rs\/index.php\/wp-json\/wp\/v2\/categories?post=5085"},{"taxonomy":"post_tag","embeddable":true,"href":"https:\/\/centralmedia.rs\/index.php\/wp-json\/wp\/v2\/tags?post=5085"}],"curies":[{"name":"wp","href":"https:\/\/api.w.org\/{rel}","templated":true}]}}