{"id":5109,"date":"2016-10-20T16:56:52","date_gmt":"2016-10-20T16:56:52","guid":{"rendered":"http:\/\/centralmedia.rs\/?p=5109"},"modified":"2016-10-20T16:56:52","modified_gmt":"2016-10-20T16:56:52","slug":"povodom-50-godina-rada-pelivan-odlucio-da-stipendira-jovanu-stojanovic","status":"publish","type":"post","link":"https:\/\/centralmedia.rs\/index.php\/2016\/10\/20\/povodom-50-godina-rada-pelivan-odlucio-da-stipendira-jovanu-stojanovic\/","title":{"rendered":"POVODOM 50 GODINA RADA ,,PELIVAN&#8221; ODLU\u010cIO DA STIPENDIRA JOVANU STOJANOVI\u0106"},"content":{"rendered":"<p>Servet Ramadani, Goranac, vlasnik poslasti\u010darnice u Jagodini doneo je odluku da stipendira Jovanu najstariju od devetoro dece porodice Stojanovi\u0107 iz Vinora\u010de. Umesto proslave pet decenija rada najpoznatije poslasti\u010darnice, Ramadani se odlu\u010dio da stipendira\u00a0 najstariju \u0107erku dvanaesto\u010dlane porodice.<\/p>\n<div id='gallery-1' class='gallery galleryid-5109 gallery-columns-2 gallery-size-thumbnail'><figure class='gallery-item'>\n\t\t\t<div class='gallery-icon portrait'>\n\t\t\t\t<a href='https:\/\/centralmedia.rs\/index.php\/2016\/10\/20\/povodom-50-godina-rada-pelivan-odlucio-da-stipendira-jovanu-stojanovic\/jagodina-servet-u-pelivanu-kraj-fotografije-oca-ehata\/'><img loading=\"lazy\" decoding=\"async\" width=\"150\" height=\"150\" src=\"https:\/\/centralmedia.rs\/wp-content\/uploads\/2016\/10\/Jagodina-Servet-u-Pelivanu-kraj-fotografije-oca-EhataZ.G.-150x150.jpg\" class=\"attachment-thumbnail size-thumbnail\" alt=\"\" \/><\/a>\n\t\t\t<\/div><\/figure><figure class='gallery-item'>\n\t\t\t<div class='gallery-icon portrait'>\n\t\t\t\t<a href='https:\/\/centralmedia.rs\/index.php\/2016\/10\/20\/povodom-50-godina-rada-pelivan-odlucio-da-stipendira-jovanu-stojanovic\/stojanovici-zasadili-bananu-ali-ona-jos-uvek-nije-rodila\/'><img loading=\"lazy\" decoding=\"async\" width=\"150\" height=\"150\" src=\"https:\/\/centralmedia.rs\/wp-content\/uploads\/2016\/10\/Stojanovici-zasadili-bananu-ali-ona-jos-uvek-nije-rodila-150x150.jpg\" class=\"attachment-thumbnail size-thumbnail\" alt=\"\" \/><\/a>\n\t\t\t<\/div><\/figure>\n\t\t<\/div>\n\n<p>&#8211; Povod za pomo\u0107 porodici Stojanovi\u0107 je pola veka poslasti\u010darnice &#8220;Pelivan&#8221; koju su otvorili moj pokojni otac Ehat i majka Rajma. Mislim da je ovo najbolji na\u010din obele\u017eavanja zna\u010dajnog jubileja, daleko bolji nego da ga proslavljamo u nekoj kafani, kazao je Servet i rekao da \u0107e porodicu obilaziti najmanje jednom mese\u010dno i dodatno pomagati ako im bude potrebno.<\/p>\n<p>Jovana je student prve godine Biohemije na Hemijskom fakultetu u Beogradu i naredne \u010detiri godine dobija\u0107e po 15 hiljada dinara mese\u010dno.<\/p>\n<p>-Zna\u0107u da trebam vi\u0161e da u\u010dim,prvo za svoju porodicu, a onda i za sebe, da bi kasnije mogla i njima da pomognem, da bi ne\u0161to mogla u \u017eivotu da postignem. Presre\u0107na sam, jer sam razmi\u0161ljala da odustanem od studiranja.Moji su brinuli kako \u0107e da plate \u0161kolarinu, pri\u010da \u00a0ona i dodaje da \u0107e ukazano poverenje opravdati desetkama i diplomom.<\/p>\n<p>&#8211; Odricanje za nas nikada nije bilo te\u0161ko. Deca su nam svakog dana predstavljala veliku radost, sre\u0107u i blagoslov. Mislim da smo lepo vaspitali decu, a sre\u0107an sam \u0161to su svi odli\u010dni \u0111aci. Ali, za Jovanu nam mese\u010dno treba najmanje 20 hiljada dinara, za Nikolu, koji poha\u0111a Poljoprivrednu \u0161kolu u Svilajncu, pet hiljada manje, obja\u0161njava Goran, koji privatno radi od 12 do 15 sati .<\/p>\n<p>Njegova supruga Jasmina potvr\u0111uje da dosta novca treba izdvoji i za \u0161kolovanje Teodore (16), Jovana (12), Ksenije (10) i Sofije (8)., ali ka\u017ee da joj ni\u0161ta nije te\u0161ko, jer su uigran tim, pa starija deca brinu o najmla\u0111ima: Emiliji (5), Marku (3) i devetomese\u010dnoj Milici.<\/p>\n<p>Ramadanijevi, Goranci iz op\u0161tine Draga\u0161 na Kosovu i Metohiji, koji su se 1965. godine doselili u Jagodinu, poznati su darodavci, jer su \u010desto pomagali pojedince, sportske organizacije i u\u010destvovali u brojnim humanitarnim akcijama.<\/p>\n<p>&#8211; Najponosniji sam \u0161to smo otac i ja od\u0161kolovali Vesnu, Velinka i Nenada Bogi\u0107evi\u0107a, koji su posle velike nesre\u0107e u jami &#8220;Strmosten&#8221; rudnika &#8220;Rembas&#8221; ostali bez oca, dok im je majka umrla dve godine ranije. Vesna i Velinko sada \u017eive u Londonu. Ovo je mnogo sre\u0107niji trenutak i puno mi je srce kada vidim ovoliko dece, jer je moja baka imala \u0161esnaestoro, ka\u017eei Servet.<\/p>\n<p>On ima k\u0107erke Merjam i Rajmu i sina Azima, koji su mu podarili \u0161estoro unu\u010dadi.<\/p>\n","protected":false},"excerpt":{"rendered":"<p>Servet Ramadani, Goranac, vlasnik poslasti\u010darnice u Jagodini doneo je odluku da stipendira Jovanu najstariju od devetoro dece porodice Stojanovi\u0107 iz Vinora\u010de. Umesto proslave pet decenija &hellip; <\/p>\n","protected":false},"author":4,"featured_media":5110,"comment_status":"open","ping_status":"open","sticky":false,"template":"","format":"standard","meta":{"footnotes":""},"categories":[33,2,23],"tags":[58,1336,546,1337,1338],"_links":{"self":[{"href":"https:\/\/centralmedia.rs\/index.php\/wp-json\/wp\/v2\/posts\/5109"}],"collection":[{"href":"https:\/\/centralmedia.rs\/index.php\/wp-json\/wp\/v2\/posts"}],"about":[{"href":"https:\/\/centralmedia.rs\/index.php\/wp-json\/wp\/v2\/types\/post"}],"author":[{"embeddable":true,"href":"https:\/\/centralmedia.rs\/index.php\/wp-json\/wp\/v2\/users\/4"}],"replies":[{"embeddable":true,"href":"https:\/\/centralmedia.rs\/index.php\/wp-json\/wp\/v2\/comments?post=5109"}],"version-history":[{"count":0,"href":"https:\/\/centralmedia.rs\/index.php\/wp-json\/wp\/v2\/posts\/5109\/revisions"}],"wp:featuredmedia":[{"embeddable":true,"href":"https:\/\/centralmedia.rs\/index.php\/wp-json\/wp\/v2\/media\/5110"}],"wp:attachment":[{"href":"https:\/\/centralmedia.rs\/index.php\/wp-json\/wp\/v2\/media?parent=5109"}],"wp:term":[{"taxonomy":"category","embeddable":true,"href":"https:\/\/centralmedia.rs\/index.php\/wp-json\/wp\/v2\/categories?post=5109"},{"taxonomy":"post_tag","embeddable":true,"href":"https:\/\/centralmedia.rs\/index.php\/wp-json\/wp\/v2\/tags?post=5109"}],"curies":[{"name":"wp","href":"https:\/\/api.w.org\/{rel}","templated":true}]}}