{"id":5120,"date":"2016-10-21T12:56:18","date_gmt":"2016-10-21T12:56:18","guid":{"rendered":"http:\/\/centralmedia.rs\/?p=5120"},"modified":"2016-10-21T15:45:07","modified_gmt":"2016-10-21T15:45:07","slug":"diplomirao-sa-desetkom-u-narodnoj-nosnji","status":"publish","type":"post","link":"https:\/\/centralmedia.rs\/index.php\/2016\/10\/21\/diplomirao-sa-desetkom-u-narodnoj-nosnji\/","title":{"rendered":"DIPLOMIRAO SA DESETKOM U NARODNOJ NO\u0160NJI"},"content":{"rendered":"<p>JAGODINA-Student Fakulteta pedago\u0161kih nauka u Jagodini \u0110or\u0111e Bogdanovi\u0107 iz U\u017eica odbranio je diplomski rad sa ocenom deset u \u0161umadijskoj narodnoj no\u0161nji, koja je stara 35 godina. On je prvi student na Univerzitetu u Kragujevcu, ali i u Srbiji, koji je branio diplomski rad u narodnoj no\u0161nji.<\/p>\n<div id='gallery-1' class='gallery galleryid-5120 gallery-columns-3 gallery-size-full'><figure class='gallery-item'>\n\t\t\t<div class='gallery-icon landscape'>\n\t\t\t\t<a href='https:\/\/centralmedia.rs\/index.php\/2016\/10\/21\/diplomirao-sa-desetkom-u-narodnoj-nosnji\/djordje-bogdanovic-2-jagodina-g-j\/'><img loading=\"lazy\" decoding=\"async\" width=\"900\" height=\"675\" src=\"https:\/\/centralmedia.rs\/wp-content\/uploads\/2016\/10\/djordje-bogdanovic-2-jagodina-g..j.jpg\" class=\"attachment-full size-full\" alt=\"\" srcset=\"https:\/\/centralmedia.rs\/wp-content\/uploads\/2016\/10\/djordje-bogdanovic-2-jagodina-g..j.jpg 900w, https:\/\/centralmedia.rs\/wp-content\/uploads\/2016\/10\/djordje-bogdanovic-2-jagodina-g..j-300x225.jpg 300w, https:\/\/centralmedia.rs\/wp-content\/uploads\/2016\/10\/djordje-bogdanovic-2-jagodina-g..j-768x576.jpg 768w, https:\/\/centralmedia.rs\/wp-content\/uploads\/2016\/10\/djordje-bogdanovic-2-jagodina-g..j-80x60.jpg 80w, https:\/\/centralmedia.rs\/wp-content\/uploads\/2016\/10\/djordje-bogdanovic-2-jagodina-g..j-265x198.jpg 265w\" sizes=\"(max-width: 900px) 100vw, 900px\" \/><\/a>\n\t\t\t<\/div><\/figure><figure class='gallery-item'>\n\t\t\t<div class='gallery-icon landscape'>\n\t\t\t\t<a href='https:\/\/centralmedia.rs\/index.php\/2016\/10\/21\/diplomirao-sa-desetkom-u-narodnoj-nosnji\/djordje-bogdanovic-3-jagodina-g-j\/'><img loading=\"lazy\" decoding=\"async\" width=\"900\" height=\"675\" src=\"https:\/\/centralmedia.rs\/wp-content\/uploads\/2016\/10\/djordje-bogdanovic-3-jagodina-g..j.jpg\" class=\"attachment-full size-full\" alt=\"\" srcset=\"https:\/\/centralmedia.rs\/wp-content\/uploads\/2016\/10\/djordje-bogdanovic-3-jagodina-g..j.jpg 900w, https:\/\/centralmedia.rs\/wp-content\/uploads\/2016\/10\/djordje-bogdanovic-3-jagodina-g..j-300x225.jpg 300w, https:\/\/centralmedia.rs\/wp-content\/uploads\/2016\/10\/djordje-bogdanovic-3-jagodina-g..j-768x576.jpg 768w, https:\/\/centralmedia.rs\/wp-content\/uploads\/2016\/10\/djordje-bogdanovic-3-jagodina-g..j-80x60.jpg 80w, https:\/\/centralmedia.rs\/wp-content\/uploads\/2016\/10\/djordje-bogdanovic-3-jagodina-g..j-265x198.jpg 265w\" sizes=\"(max-width: 900px) 100vw, 900px\" \/><\/a>\n\t\t\t<\/div><\/figure><figure class='gallery-item'>\n\t\t\t<div class='gallery-icon landscape'>\n\t\t\t\t<a href='https:\/\/centralmedia.rs\/index.php\/2016\/10\/21\/diplomirao-sa-desetkom-u-narodnoj-nosnji\/djordje-bogdanovic-5-jagodina-g-j\/'><img loading=\"lazy\" decoding=\"async\" width=\"900\" height=\"675\" src=\"https:\/\/centralmedia.rs\/wp-content\/uploads\/2016\/10\/djordje-bogdanovic-5-jagodina-g..j.jpg\" class=\"attachment-full size-full\" alt=\"\" srcset=\"https:\/\/centralmedia.rs\/wp-content\/uploads\/2016\/10\/djordje-bogdanovic-5-jagodina-g..j.jpg 900w, https:\/\/centralmedia.rs\/wp-content\/uploads\/2016\/10\/djordje-bogdanovic-5-jagodina-g..j-300x225.jpg 300w, https:\/\/centralmedia.rs\/wp-content\/uploads\/2016\/10\/djordje-bogdanovic-5-jagodina-g..j-768x576.jpg 768w, https:\/\/centralmedia.rs\/wp-content\/uploads\/2016\/10\/djordje-bogdanovic-5-jagodina-g..j-80x60.jpg 80w, https:\/\/centralmedia.rs\/wp-content\/uploads\/2016\/10\/djordje-bogdanovic-5-jagodina-g..j-265x198.jpg 265w\" sizes=\"(max-width: 900px) 100vw, 900px\" \/><\/a>\n\t\t\t<\/div><\/figure>\n\t\t<\/div>\n\n<p>-Zbog velikog po\u0161tovanja\u00a0 prema tradiciji, ali i kao dugogodi\u0161nji igra\u010d i peva\u010d KUD Sevojno, odlu\u010dio sam da sve\u010dan \u010din odbrane diplomskog rada uveli\u010dam narodnom no\u0161njom. Ovo su prave vrednosti i poku\u0161avam da afirmi\u0161em narodne obi\u010daje kroz igru i pesmu. Svi su se odu\u0161evili mojom idejom, naravno predhodno sam dobio dozvolu rukovodstva fakulteta, pri\u010da Bogdanovi\u0107.<\/p>\n<div id='gallery-2' class='gallery galleryid-5120 gallery-columns-3 gallery-size-full'><figure class='gallery-item'>\n\t\t\t<div class='gallery-icon landscape'>\n\t\t\t\t<a href='https:\/\/centralmedia.rs\/index.php\/2016\/10\/21\/diplomirao-sa-desetkom-u-narodnoj-nosnji\/djordje-bogdanovic-1-jagodina-g-j\/'><img loading=\"lazy\" decoding=\"async\" width=\"900\" height=\"675\" src=\"https:\/\/centralmedia.rs\/wp-content\/uploads\/2016\/10\/djordje-bogdanovic-1-jagodina-g..j.jpg\" class=\"attachment-full size-full\" alt=\"\" srcset=\"https:\/\/centralmedia.rs\/wp-content\/uploads\/2016\/10\/djordje-bogdanovic-1-jagodina-g..j.jpg 900w, https:\/\/centralmedia.rs\/wp-content\/uploads\/2016\/10\/djordje-bogdanovic-1-jagodina-g..j-300x225.jpg 300w, https:\/\/centralmedia.rs\/wp-content\/uploads\/2016\/10\/djordje-bogdanovic-1-jagodina-g..j-768x576.jpg 768w, https:\/\/centralmedia.rs\/wp-content\/uploads\/2016\/10\/djordje-bogdanovic-1-jagodina-g..j-80x60.jpg 80w, https:\/\/centralmedia.rs\/wp-content\/uploads\/2016\/10\/djordje-bogdanovic-1-jagodina-g..j-265x198.jpg 265w\" sizes=\"(max-width: 900px) 100vw, 900px\" \/><\/a>\n\t\t\t<\/div><\/figure><figure class='gallery-item'>\n\t\t\t<div class='gallery-icon landscape'>\n\t\t\t\t<a href='https:\/\/centralmedia.rs\/index.php\/2016\/10\/21\/diplomirao-sa-desetkom-u-narodnoj-nosnji\/djordje-bogdanovic-jagodina-g-j\/'><img loading=\"lazy\" decoding=\"async\" width=\"900\" height=\"675\" src=\"https:\/\/centralmedia.rs\/wp-content\/uploads\/2016\/10\/djordje-bogdanovic-jagodina-g..j.jpg\" class=\"attachment-full size-full\" alt=\"\" srcset=\"https:\/\/centralmedia.rs\/wp-content\/uploads\/2016\/10\/djordje-bogdanovic-jagodina-g..j.jpg 900w, https:\/\/centralmedia.rs\/wp-content\/uploads\/2016\/10\/djordje-bogdanovic-jagodina-g..j-300x225.jpg 300w, https:\/\/centralmedia.rs\/wp-content\/uploads\/2016\/10\/djordje-bogdanovic-jagodina-g..j-768x576.jpg 768w, https:\/\/centralmedia.rs\/wp-content\/uploads\/2016\/10\/djordje-bogdanovic-jagodina-g..j-80x60.jpg 80w, https:\/\/centralmedia.rs\/wp-content\/uploads\/2016\/10\/djordje-bogdanovic-jagodina-g..j-265x198.jpg 265w\" sizes=\"(max-width: 900px) 100vw, 900px\" \/><\/a>\n\t\t\t<\/div><\/figure><figure class='gallery-item'>\n\t\t\t<div class='gallery-icon landscape'>\n\t\t\t\t<a href='https:\/\/centralmedia.rs\/index.php\/2016\/10\/21\/diplomirao-sa-desetkom-u-narodnoj-nosnji\/posmatraci-odbrane-jagodina-g-j\/'><img loading=\"lazy\" decoding=\"async\" width=\"900\" height=\"675\" src=\"https:\/\/centralmedia.rs\/wp-content\/uploads\/2016\/10\/posmatraci-odbrane-jagodina-g..j.jpg\" class=\"attachment-full size-full\" alt=\"\" srcset=\"https:\/\/centralmedia.rs\/wp-content\/uploads\/2016\/10\/posmatraci-odbrane-jagodina-g..j.jpg 900w, https:\/\/centralmedia.rs\/wp-content\/uploads\/2016\/10\/posmatraci-odbrane-jagodina-g..j-300x225.jpg 300w, https:\/\/centralmedia.rs\/wp-content\/uploads\/2016\/10\/posmatraci-odbrane-jagodina-g..j-768x576.jpg 768w, https:\/\/centralmedia.rs\/wp-content\/uploads\/2016\/10\/posmatraci-odbrane-jagodina-g..j-80x60.jpg 80w, https:\/\/centralmedia.rs\/wp-content\/uploads\/2016\/10\/posmatraci-odbrane-jagodina-g..j-265x198.jpg 265w\" sizes=\"(max-width: 900px) 100vw, 900px\" \/><\/a>\n\t\t\t<\/div><\/figure>\n\t\t<\/div>\n\n<p>Porodica ga je upisala na fakultet u Jagodini, dok je on bio na me\u0111unarodnom fesitivalu u Rumuniji, tada je obe\u0107ao drugarima iz ansambla da \u0107e diplomirati u narodnoj no\u0161nji.<\/p>\n<p>-Obe\u0107anje sam ispunio i obukao narodnu no\u0161nju. Kolege su mi odale priznanje na posebnosti i doslednosti. Mnogi nisu verovali da \u0107u to i da uradim, ka\u017ee kroz osmeh Bogdanovi\u0107.<\/p>\n<p>On, ina\u010de, vodi folklornu sekciju i peva u horu fakulteta, a folkolorom se bavi 15 godina. Sala u kojoj je branio diplomski rad bila je dupke puna, a Bogdanovi\u0107a su podr\u017eavali profesori, kolege i porodica. Njegove ambicije su da u nastavku nau\u010dnog rada stekne najvi\u0161a zvanja i ostane na fakultetu kao predava\u010d. Bogdanovi\u0107 je diplomirao na studijskom programu Vaspita\u010d u domovima na temu ,,\u0160kola kao faktor organizacije slobodnog vremena mladih&#8221;,a njegov mentor je bila profesor Gordana Budimir Ninkovi\u0107.<\/p>\n","protected":false},"excerpt":{"rendered":"<p>JAGODINA-Student Fakulteta pedago\u0161kih nauka u Jagodini \u0110or\u0111e Bogdanovi\u0107 iz U\u017eica odbranio je diplomski rad sa ocenom deset u \u0161umadijskoj narodnoj no\u0161nji, koja je stara 35 &hellip; <\/p>\n","protected":false},"author":4,"featured_media":5121,"comment_status":"open","ping_status":"open","sticky":false,"template":"","format":"standard","meta":{"footnotes":""},"categories":[14,2,12],"tags":[1342,269,58,1341],"_links":{"self":[{"href":"https:\/\/centralmedia.rs\/index.php\/wp-json\/wp\/v2\/posts\/5120"}],"collection":[{"href":"https:\/\/centralmedia.rs\/index.php\/wp-json\/wp\/v2\/posts"}],"about":[{"href":"https:\/\/centralmedia.rs\/index.php\/wp-json\/wp\/v2\/types\/post"}],"author":[{"embeddable":true,"href":"https:\/\/centralmedia.rs\/index.php\/wp-json\/wp\/v2\/users\/4"}],"replies":[{"embeddable":true,"href":"https:\/\/centralmedia.rs\/index.php\/wp-json\/wp\/v2\/comments?post=5120"}],"version-history":[{"count":0,"href":"https:\/\/centralmedia.rs\/index.php\/wp-json\/wp\/v2\/posts\/5120\/revisions"}],"wp:featuredmedia":[{"embeddable":true,"href":"https:\/\/centralmedia.rs\/index.php\/wp-json\/wp\/v2\/media\/5121"}],"wp:attachment":[{"href":"https:\/\/centralmedia.rs\/index.php\/wp-json\/wp\/v2\/media?parent=5120"}],"wp:term":[{"taxonomy":"category","embeddable":true,"href":"https:\/\/centralmedia.rs\/index.php\/wp-json\/wp\/v2\/categories?post=5120"},{"taxonomy":"post_tag","embeddable":true,"href":"https:\/\/centralmedia.rs\/index.php\/wp-json\/wp\/v2\/tags?post=5120"}],"curies":[{"name":"wp","href":"https:\/\/api.w.org\/{rel}","templated":true}]}}