{"id":5131,"date":"2016-10-22T17:47:53","date_gmt":"2016-10-22T17:47:53","guid":{"rendered":"http:\/\/centralmedia.rs\/?p=5131"},"modified":"2016-10-22T17:47:53","modified_gmt":"2016-10-22T17:47:53","slug":"uspeh-jagodinske-os-17-oktobar-cak-69-ucenika-nagradeno-na-takmicenjima","status":"publish","type":"post","link":"https:\/\/centralmedia.rs\/index.php\/2016\/10\/22\/uspeh-jagodinske-os-17-oktobar-cak-69-ucenika-nagradeno-na-takmicenjima\/","title":{"rendered":"USPEH JAGODINSKE O\u0160 17. OKTOBAR &#8211; \u010cAK 69. U\u010cENIKA NAGRA\u0110ENO NA TAKMI\u010cENJIMA"},"content":{"rendered":"<p>JAGODINA-Na predmetnim takmi\u010denjima 69. u\u010denika O\u0160 17 .oktobar je zauzelo jedno od prva tri mesta, saop\u0161tila je ve\u010deras direktorka te \u0161kole Biljana Milanovi\u0107 na tradicionalnoj Sve\u010danoj akademiji u Jagodini.<\/p>\n<div id='gallery-1' class='gallery galleryid-5131 gallery-columns-3 gallery-size-full'><figure class='gallery-item'>\n\t\t\t<div class='gallery-icon landscape'>\n\t\t\t\t<a href='https:\/\/centralmedia.rs\/index.php\/2016\/10\/22\/uspeh-jagodinske-os-17-oktobar-cak-69-ucenika-nagradeno-na-takmicenjima\/akademija-jagodina-g-j-2\/'><img loading=\"lazy\" decoding=\"async\" width=\"900\" height=\"675\" src=\"https:\/\/centralmedia.rs\/wp-content\/uploads\/2016\/10\/akademija-jagodina-g.j..jpg\" class=\"attachment-full size-full\" alt=\"\" srcset=\"https:\/\/centralmedia.rs\/wp-content\/uploads\/2016\/10\/akademija-jagodina-g.j..jpg 900w, https:\/\/centralmedia.rs\/wp-content\/uploads\/2016\/10\/akademija-jagodina-g.j.-300x225.jpg 300w, https:\/\/centralmedia.rs\/wp-content\/uploads\/2016\/10\/akademija-jagodina-g.j.-768x576.jpg 768w, https:\/\/centralmedia.rs\/wp-content\/uploads\/2016\/10\/akademija-jagodina-g.j.-80x60.jpg 80w, https:\/\/centralmedia.rs\/wp-content\/uploads\/2016\/10\/akademija-jagodina-g.j.-265x198.jpg 265w\" sizes=\"(max-width: 900px) 100vw, 900px\" \/><\/a>\n\t\t\t<\/div><\/figure><figure class='gallery-item'>\n\t\t\t<div class='gallery-icon landscape'>\n\t\t\t\t<a href='https:\/\/centralmedia.rs\/index.php\/2016\/10\/22\/uspeh-jagodinske-os-17-oktobar-cak-69-ucenika-nagradeno-na-takmicenjima\/akademija-2-jagodina-g-j-2\/'><img loading=\"lazy\" decoding=\"async\" width=\"900\" height=\"675\" src=\"https:\/\/centralmedia.rs\/wp-content\/uploads\/2016\/10\/akademija-2-jagodina-g.j..jpg\" class=\"attachment-full size-full\" alt=\"\" srcset=\"https:\/\/centralmedia.rs\/wp-content\/uploads\/2016\/10\/akademija-2-jagodina-g.j..jpg 900w, https:\/\/centralmedia.rs\/wp-content\/uploads\/2016\/10\/akademija-2-jagodina-g.j.-300x225.jpg 300w, https:\/\/centralmedia.rs\/wp-content\/uploads\/2016\/10\/akademija-2-jagodina-g.j.-768x576.jpg 768w, https:\/\/centralmedia.rs\/wp-content\/uploads\/2016\/10\/akademija-2-jagodina-g.j.-80x60.jpg 80w, https:\/\/centralmedia.rs\/wp-content\/uploads\/2016\/10\/akademija-2-jagodina-g.j.-265x198.jpg 265w\" sizes=\"(max-width: 900px) 100vw, 900px\" \/><\/a>\n\t\t\t<\/div><\/figure><figure class='gallery-item'>\n\t\t\t<div class='gallery-icon landscape'>\n\t\t\t\t<a href='https:\/\/centralmedia.rs\/index.php\/2016\/10\/22\/uspeh-jagodinske-os-17-oktobar-cak-69-ucenika-nagradeno-na-takmicenjima\/akademija-1-jagodina-g-j\/'><img loading=\"lazy\" decoding=\"async\" width=\"900\" height=\"675\" src=\"https:\/\/centralmedia.rs\/wp-content\/uploads\/2016\/10\/akademija-1-jagodina-g.j..jpg\" class=\"attachment-full size-full\" alt=\"\" srcset=\"https:\/\/centralmedia.rs\/wp-content\/uploads\/2016\/10\/akademija-1-jagodina-g.j..jpg 900w, https:\/\/centralmedia.rs\/wp-content\/uploads\/2016\/10\/akademija-1-jagodina-g.j.-300x225.jpg 300w, https:\/\/centralmedia.rs\/wp-content\/uploads\/2016\/10\/akademija-1-jagodina-g.j.-768x576.jpg 768w, https:\/\/centralmedia.rs\/wp-content\/uploads\/2016\/10\/akademija-1-jagodina-g.j.-80x60.jpg 80w, https:\/\/centralmedia.rs\/wp-content\/uploads\/2016\/10\/akademija-1-jagodina-g.j.-265x198.jpg 265w\" sizes=\"(max-width: 900px) 100vw, 900px\" \/><\/a>\n\t\t\t<\/div><\/figure>\n\t\t<\/div>\n\n<p>-Na\u0161 uspeh tokom predhodne \u0161kolske godine je 52. u\u010denika me\u0111u prva tri na okru\u017enim takmi\u010denjima,a od toga je 12. u\u010destvovalo na dr\u017eavnim, dok je 17. iz ni\u017eih razreda bilo u vrhu na op\u0161tinskim takmi\u010denjima, \u0161to je poslednji nivo za njihov uzrast, kazala je ona.<\/p>\n<p>Najboljim u\u010denicima uru\u010dene su nagrade, a zatim je usledila akademija pod nazivom Teslin kod-svetlost celog sveta.<\/p>\n<p>-Zadatak u\u010ditelja je da deci budu dostupni pravi uzori i idoli. Nema boljeg primera od Nikole Tesle, jednog od najve\u0107ih umova u svetu nauke, \u010doveka koji je izumeo 20. vek, poliglote i \u010doveka visokih eti\u010dkih normi. Cele protekle nedelje slavimo lik i delo Nikole Tesle. Priredili smo izlo\u017ebu Teslin \u017eivot kroz slike i od hola napravili Teslinu ulicu, iako se mi nalazimo u Teslinoj \u00a0ulici broj 1. Organizovali smo video susret sa Nikolom Lon\u010darom osniva\u010dem Tesline fondacije u SAD, kazala je Biljana Milanovi\u0107.<\/p>\n<p>Od ove \u0161kolske godine ta \u0161kola \u0107e po\u010deti sa sprovo\u0111enjem projekta Upoznavanje sa likom i delom Nikole Tesle. Gosti akademije bili su predstavnici Tesline nau\u010dne fondacije u Srbiji, pobratimske \u0161kole iz Novog Sada, kao i vi\u0161e stotina roditelja, dece i gra\u0111ana.<\/p>\n","protected":false},"excerpt":{"rendered":"<p>JAGODINA-Na predmetnim takmi\u010denjima 69. u\u010denika O\u0160 17 .oktobar je zauzelo jedno od prva tri mesta, saop\u0161tila je ve\u010deras direktorka te \u0161kole Biljana Milanovi\u0107 na tradicionalnoj &hellip; <\/p>\n","protected":false},"author":4,"featured_media":5132,"comment_status":"open","ping_status":"open","sticky":false,"template":"","format":"standard","meta":{"footnotes":""},"categories":[14,2,12],"tags":[139,58,1343],"_links":{"self":[{"href":"https:\/\/centralmedia.rs\/index.php\/wp-json\/wp\/v2\/posts\/5131"}],"collection":[{"href":"https:\/\/centralmedia.rs\/index.php\/wp-json\/wp\/v2\/posts"}],"about":[{"href":"https:\/\/centralmedia.rs\/index.php\/wp-json\/wp\/v2\/types\/post"}],"author":[{"embeddable":true,"href":"https:\/\/centralmedia.rs\/index.php\/wp-json\/wp\/v2\/users\/4"}],"replies":[{"embeddable":true,"href":"https:\/\/centralmedia.rs\/index.php\/wp-json\/wp\/v2\/comments?post=5131"}],"version-history":[{"count":0,"href":"https:\/\/centralmedia.rs\/index.php\/wp-json\/wp\/v2\/posts\/5131\/revisions"}],"wp:featuredmedia":[{"embeddable":true,"href":"https:\/\/centralmedia.rs\/index.php\/wp-json\/wp\/v2\/media\/5132"}],"wp:attachment":[{"href":"https:\/\/centralmedia.rs\/index.php\/wp-json\/wp\/v2\/media?parent=5131"}],"wp:term":[{"taxonomy":"category","embeddable":true,"href":"https:\/\/centralmedia.rs\/index.php\/wp-json\/wp\/v2\/categories?post=5131"},{"taxonomy":"post_tag","embeddable":true,"href":"https:\/\/centralmedia.rs\/index.php\/wp-json\/wp\/v2\/tags?post=5131"}],"curies":[{"name":"wp","href":"https:\/\/api.w.org\/{rel}","templated":true}]}}