{"id":5137,"date":"2016-10-23T12:29:39","date_gmt":"2016-10-23T12:29:39","guid":{"rendered":"http:\/\/centralmedia.rs\/?p=5137"},"modified":"2016-10-24T12:09:03","modified_gmt":"2016-10-24T12:09:03","slug":"7-festival-decijih-omladinskih-predstava-u-jagodini-otvara-dekanka-violeta-jovanovic","status":"publish","type":"post","link":"https:\/\/centralmedia.rs\/index.php\/2016\/10\/23\/7-festival-decijih-omladinskih-predstava-u-jagodini-otvara-dekanka-violeta-jovanovic\/","title":{"rendered":"7. FESTIVAL DE\u010cIJIH I OMLADINSKIH PREDSTAVA U JAGODINI &#8211; OTVARA DEKANKA VIOLETA JOVANOVI\u0106"},"content":{"rendered":"<p>JAGODINA-Dekanka Fakulteta pedago\u0161kih nauka u Jagodini Violeta Jovanovi\u0107 otvori\u0107e u ponedeljak u 12 sati 7. Me\u0111unarodni festival De\u010djih i omladinskih pozori\u0161nih predstava. Pored doma\u0107ih, na festivalu \u0107e biti prikazane predstave iz Makedonije i Slovenije. Predsednik\u00a0\u017eirija je Milan Caci Mihailovi\u0107 &#8211; dramski umetnik iz Beograda i prvak Ateljea 212, dok su \u010dlanovi \u00a0Olga Odanovi\u0107 &#8211; dramska umetnica iz Beograda, prvakinja Narodnog pozori\u0161ta i Jelena Pavlovi\u0107 &#8211; kompanija Textil, ispred grada doma\u0107ina. Publika \u0107e \u00a0mo\u0107i da prisustvuje ve\u010derima sa Milanom Cacijem Mihajlovi\u0107em i Olgom Odalovi\u0107 u utorak i sredu. Selektor\u00a0festival je Miodrag Dinulovi\u0107. U de\u010dijoj konkurenciji selekcije ,,Deca za decu\u201d bi\u0107e prikazane predstave Ludo da ne mo\u017ee biti lu\u0111e \u2013\u00a0 Kreativni studio \u010carolija iz Novog Sada, Nemu\u0161ti jezik \u2013 &#8211; OAP &#8220;Branislav Nu\u0161i\u0107&#8221; iz Malog Crni\u0107a,Porodica Kremenko \u2013 Dom kulture iz Prijepolja, Svinjareva tajna\u00a0 KC Gradsko pozori\u0161te iz \u00a0Smederevske Palanke I Slu\u010daj Sare Smit. Re\u0161en!\u00a0 &#8211; Dramski studio &#8220;Petar Pan&#8221; iz Kragujevca.<a href=\"https:\/\/centralmedia.rs\/wp-content\/uploads\/2016\/10\/plakat-1.jpg\"><img loading=\"lazy\" decoding=\"async\" class=\"alignnone size-full wp-image-5080\" src=\"https:\/\/centralmedia.rs\/wp-content\/uploads\/2016\/10\/plakat-1.jpg\" alt=\"plakat-1\" width=\"960\" height=\"653\" srcset=\"https:\/\/centralmedia.rs\/wp-content\/uploads\/2016\/10\/plakat-1.jpg 960w, https:\/\/centralmedia.rs\/wp-content\/uploads\/2016\/10\/plakat-1-300x204.jpg 300w, https:\/\/centralmedia.rs\/wp-content\/uploads\/2016\/10\/plakat-1-768x522.jpg 768w\" sizes=\"(max-width: 960px) 100vw, 960px\" \/><\/a><\/p>\n<p>-Ovogodi\u0161nja selekcija ,,Mladi za mlade\u201d u tematskom smislu mo\u017ee poneti naziv OSVAJANJE SLOBODE. Bilo da je u pitanju sloboda forme, sloboda li\u010dnog i pozori\u0161nog izraza, nepristajanje na ustaljeni poredak, bunt i ostra\u0161\u0107eni krik za promenama\u2013 sloboda je zajedni\u010dki imenitelj izabranih pozori\u0161nih ostvarenja na koje autori mogu s pravom biti ponosni, objasnio je Dinulovi\u0107.<a href=\"https:\/\/centralmedia.rs\/wp-content\/uploads\/2016\/10\/plakat-3.jpg\"><img loading=\"lazy\" decoding=\"async\" class=\"alignnone size-full wp-image-5082\" src=\"https:\/\/centralmedia.rs\/wp-content\/uploads\/2016\/10\/plakat-3.jpg\" alt=\"plakat-3\" width=\"960\" height=\"654\" srcset=\"https:\/\/centralmedia.rs\/wp-content\/uploads\/2016\/10\/plakat-3.jpg 960w, https:\/\/centralmedia.rs\/wp-content\/uploads\/2016\/10\/plakat-3-300x204.jpg 300w, https:\/\/centralmedia.rs\/wp-content\/uploads\/2016\/10\/plakat-3-768x523.jpg 768w, https:\/\/centralmedia.rs\/wp-content\/uploads\/2016\/10\/plakat-3-218x150.jpg 218w\" sizes=\"(max-width: 960px) 100vw, 960px\" \/><\/a><\/p>\n<p><a href=\"https:\/\/centralmedia.rs\/wp-content\/uploads\/2016\/10\/plakat-2.jpg\"><img loading=\"lazy\" decoding=\"async\" class=\"alignnone size-full wp-image-5081\" src=\"https:\/\/centralmedia.rs\/wp-content\/uploads\/2016\/10\/plakat-2.jpg\" alt=\"plakat-2\" width=\"960\" height=\"653\" srcset=\"https:\/\/centralmedia.rs\/wp-content\/uploads\/2016\/10\/plakat-2.jpg 960w, https:\/\/centralmedia.rs\/wp-content\/uploads\/2016\/10\/plakat-2-300x204.jpg 300w, https:\/\/centralmedia.rs\/wp-content\/uploads\/2016\/10\/plakat-2-768x522.jpg 768w\" sizes=\"(max-width: 960px) 100vw, 960px\" \/><\/a>Takmi\u010darske predstave omladinske selekcije su Beg \u2013\u00a0 CEKOM iz Zrenjanina, Staklena Mena\u017eerija \u2013 Dom kulture 25.maj iz Valandova u Makedoniji, Vodja- CUG teatar iz, Vranja, Teenage story- pri\u010da o odrastanju- DKC Deci na dar iz \u00a0Novog Sada i \u017divotinjska farma &#8211; Pozori\u0161na ku\u0107a culture iz Celje u Sloveniji.<a href=\"https:\/\/centralmedia.rs\/wp-content\/uploads\/2016\/10\/pedja-trajkovic.jpg\"><img loading=\"lazy\" decoding=\"async\" class=\"alignnone size-full wp-image-5099\" src=\"https:\/\/centralmedia.rs\/wp-content\/uploads\/2016\/10\/pedja-trajkovic.jpg\" alt=\"pedja-trajkovic\" width=\"932\" height=\"600\" srcset=\"https:\/\/centralmedia.rs\/wp-content\/uploads\/2016\/10\/pedja-trajkovic.jpg 932w, https:\/\/centralmedia.rs\/wp-content\/uploads\/2016\/10\/pedja-trajkovic-300x193.jpg 300w, https:\/\/centralmedia.rs\/wp-content\/uploads\/2016\/10\/pedja-trajkovic-768x494.jpg 768w\" sizes=\"(max-width: 932px) 100vw, 932px\" \/><\/a><\/p>\n<p>NAGRADA DOPS KNJI\u017dEVNIKU PE\u0110I TRAJKOVI\u0106U<\/p>\n<p>JAGODINA-Knji\u017eevnik\u00a0Pe\u0111a Trajkovi\u0107 iz Jagodine dobitnik je presti\u017ene nagrade &#8220;Selimir V. Milosavljevi\u0107&#8221;, koju dodeljuje me\u0111unarodni festival Me\u0111unarodni festival De\u010djih i omladinskih pozori\u0161nih predstava \u2013 (DOPS), saop\u0161tio je danas UO tog festival u Jagodini. Nagrada \u0107e mu biti uru\u010dena 29. oktobra poslednjeg dana festival.<\/p>\n","protected":false},"excerpt":{"rendered":"<p>JAGODINA-Dekanka Fakulteta pedago\u0161kih nauka u Jagodini Violeta Jovanovi\u0107 otvori\u0107e u ponedeljak u 12 sati 7. Me\u0111unarodni festival De\u010djih i omladinskih pozori\u0161nih predstava. Pored doma\u0107ih, na &hellip; <\/p>\n","protected":false},"author":4,"featured_media":5079,"comment_status":"open","ping_status":"open","sticky":false,"template":"","format":"standard","meta":{"footnotes":""},"categories":[15,12],"tags":[1329,1052,58],"_links":{"self":[{"href":"https:\/\/centralmedia.rs\/index.php\/wp-json\/wp\/v2\/posts\/5137"}],"collection":[{"href":"https:\/\/centralmedia.rs\/index.php\/wp-json\/wp\/v2\/posts"}],"about":[{"href":"https:\/\/centralmedia.rs\/index.php\/wp-json\/wp\/v2\/types\/post"}],"author":[{"embeddable":true,"href":"https:\/\/centralmedia.rs\/index.php\/wp-json\/wp\/v2\/users\/4"}],"replies":[{"embeddable":true,"href":"https:\/\/centralmedia.rs\/index.php\/wp-json\/wp\/v2\/comments?post=5137"}],"version-history":[{"count":0,"href":"https:\/\/centralmedia.rs\/index.php\/wp-json\/wp\/v2\/posts\/5137\/revisions"}],"wp:featuredmedia":[{"embeddable":true,"href":"https:\/\/centralmedia.rs\/index.php\/wp-json\/wp\/v2\/media\/5079"}],"wp:attachment":[{"href":"https:\/\/centralmedia.rs\/index.php\/wp-json\/wp\/v2\/media?parent=5137"}],"wp:term":[{"taxonomy":"category","embeddable":true,"href":"https:\/\/centralmedia.rs\/index.php\/wp-json\/wp\/v2\/categories?post=5137"},{"taxonomy":"post_tag","embeddable":true,"href":"https:\/\/centralmedia.rs\/index.php\/wp-json\/wp\/v2\/tags?post=5137"}],"curies":[{"name":"wp","href":"https:\/\/api.w.org\/{rel}","templated":true}]}}