{"id":5151,"date":"2016-10-24T12:16:47","date_gmt":"2016-10-24T12:16:47","guid":{"rendered":"http:\/\/centralmedia.rs\/?p=5151"},"modified":"2016-10-24T12:17:19","modified_gmt":"2016-10-24T12:17:19","slug":"otvoren-festival-decijih-omladisnkih-predstava-u-jagodini","status":"publish","type":"post","link":"https:\/\/centralmedia.rs\/index.php\/2016\/10\/24\/otvoren-festival-decijih-omladisnkih-predstava-u-jagodini\/","title":{"rendered":"OTVOREN FESTIVAL DE\u010cIJIH I OMLADINSKIH PREDSTAVA U JAGODINI"},"content":{"rendered":"<p>JAGODINA-Dekanka Fakulteta pedago\u0161kih nauka u Jagodini prof dr Violeta Jovanovi\u0107 otvorila je u danas 7. Me\u0111unarodni festival De\u010djih i omladinskih pozori\u0161nih predstava u tom gradu.<\/p>\n<p>-Narednih dana ima\u0107em o retku priliku da u\u017eivamo u \u010darolijama koje su pripremile najbolje de\u010dije i omladinske pozori\u0161ne dru\u017eine u Srbiji, Makedoniji i Sloveniji. Pozornica \u0107e biti popri\u0161te pri\u010da o dobru i zlu, ljubavi i mr\u017enji, grehu i pra\u0161tanju,a\u00a0 nama ostaje da se smejemo, mo\u017eda zapla\u010demo, navijamo za junake koje smo zavoleli. Jednom re\u010dju u\u017eivamo u lepoti i umetnosti, kojoj \u0107emo imati prilike da prisustvujemo ponajvi\u0161e zahvaljuju\u0107i upornosti organizotora ove manifestacije, vrlo va\u017ene za va\u0161 sre\u0107aj rast i razvoj. Zato bih \u017eelela da pozdra vimo oragniozatore i sve dobre ljude iz Srbije i Jagodine koji su podr\u017eali veoma\u00a0 zna\u010dajan festival, kazala je Violeta Jovanovi\u0107 na otvaranju festivala obra\u0107aju\u0107i se najmla\u0111oj publici.<\/p>\n<div id='gallery-1' class='gallery galleryid-5151 gallery-columns-2 gallery-size-thumbnail'><figure class='gallery-item'>\n\t\t\t<div class='gallery-icon landscape'>\n\t\t\t\t<a href='https:\/\/centralmedia.rs\/index.php\/2016\/10\/24\/otvoren-festival-decijih-omladisnkih-predstava-u-jagodini\/otvaranje-dops-1-jagodina-g-j\/'><img loading=\"lazy\" decoding=\"async\" width=\"150\" height=\"150\" src=\"https:\/\/centralmedia.rs\/wp-content\/uploads\/2016\/10\/otvaranje-dops-1-jagodina-g.j.-150x150.jpg\" class=\"attachment-thumbnail size-thumbnail\" alt=\"\" \/><\/a>\n\t\t\t<\/div><\/figure><figure class='gallery-item'>\n\t\t\t<div class='gallery-icon landscape'>\n\t\t\t\t<a href='https:\/\/centralmedia.rs\/index.php\/2016\/10\/24\/otvoren-festival-decijih-omladisnkih-predstava-u-jagodini\/otvaranje-dops-ziri-jagodina-g-j\/'><img loading=\"lazy\" decoding=\"async\" width=\"150\" height=\"150\" src=\"https:\/\/centralmedia.rs\/wp-content\/uploads\/2016\/10\/otvaranje-dops-ziri-jagodina-g.j.-150x150.jpg\" class=\"attachment-thumbnail size-thumbnail\" alt=\"\" \/><\/a>\n\t\t\t<\/div><\/figure>\n\t\t<\/div>\n\n<p>Na pozornici su se predstavili i \u010dlanovi \u017eirija dramski umetnici Milan Caci Mihailovi\u0107 &#8211; dramski umetnik i Olga Odanovi\u0107,a ispred grada doma\u0107ina Jelena Pavlovi\u0107. Publika \u0107e, pred predstava, u\u017eivati u ve\u010derima sa Milanom Cacijem Mihajlovi\u0107em i Olgom Odanovi\u0107 u utorak i sredu. Selektor\u00a0festival je Miodrag Dinulovi\u0107.<\/p>\n<p>U de\u010dijoj konkurenciji selekcije ,,Deca za decu\u201d bi\u0107e prikazane predstave Ludo da ne mo\u017ee biti lu\u0111e \u2013\u00a0 Kreativni studio \u010carolija iz Novog Sada, Nemu\u0161ti jezik \u2013 &#8211; OAP &#8220;Branislav Nu\u0161i\u0107&#8221; iz Malog Crni\u0107a,Porodica Kremenko \u2013 Dom kulture iz Prijepolja, Svinjareva tajna\u00a0 KC Gradsko pozori\u0161te iz \u00a0Smederevske Palanke I Slu\u010daj Sare Smit. Re\u0161en!\u00a0 &#8211; Dramski studio &#8220;Petar Pan&#8221; iz Kragujevca.<\/p>\n<div id='gallery-2' class='gallery galleryid-5151 gallery-columns-2 gallery-size-thumbnail'><figure class='gallery-item'>\n\t\t\t<div class='gallery-icon landscape'>\n\t\t\t\t<a href='https:\/\/centralmedia.rs\/index.php\/2016\/10\/24\/otvoren-festival-decijih-omladisnkih-predstava-u-jagodini\/otvaranje-dops-2-jagodina-g-j\/'><img loading=\"lazy\" decoding=\"async\" width=\"150\" height=\"150\" src=\"https:\/\/centralmedia.rs\/wp-content\/uploads\/2016\/10\/otvaranje-dops-2-jagodina-g.j.-150x150.jpg\" class=\"attachment-thumbnail size-thumbnail\" alt=\"\" \/><\/a>\n\t\t\t<\/div><\/figure><figure class='gallery-item'>\n\t\t\t<div class='gallery-icon landscape'>\n\t\t\t\t<a href='https:\/\/centralmedia.rs\/index.php\/2016\/10\/24\/otvoren-festival-decijih-omladisnkih-predstava-u-jagodini\/otvaranje-dops-3-jagodina-g-j\/'><img loading=\"lazy\" decoding=\"async\" width=\"150\" height=\"150\" src=\"https:\/\/centralmedia.rs\/wp-content\/uploads\/2016\/10\/otvaranje-dops-3-jagodina-g.j.-150x150.jpg\" class=\"attachment-thumbnail size-thumbnail\" alt=\"\" \/><\/a>\n\t\t\t<\/div><\/figure>\n\t\t<\/div>\n\n<p>Takmi\u010darske predstave omladinske selekcije su Beg \u2013\u00a0 CEKOM iz Zrenjanina, Staklena Mena\u017eerija \u2013 Dom kulture 25.maj iz Valandova u Makedoniji, Vodja- CUG teatar iz, Vranja, Teenage story- pri\u010da o odrastanju- DKC Deci na dar iz \u00a0Novog Sada i \u017divotinjska farma &#8211; Pozori\u0161na ku\u0107a culture iz Celje u Sloveniji.<\/p>\n<p>&nbsp;<\/p>\n","protected":false},"excerpt":{"rendered":"<p>JAGODINA-Dekanka Fakulteta pedago\u0161kih nauka u Jagodini prof dr Violeta Jovanovi\u0107 otvorila je u danas 7. Me\u0111unarodni festival De\u010djih i omladinskih pozori\u0161nih predstava u tom gradu. &hellip; <\/p>\n","protected":false},"author":4,"featured_media":5152,"comment_status":"open","ping_status":"open","sticky":false,"template":"","format":"standard","meta":{"footnotes":""},"categories":[2,15,12],"tags":[58,1346,1347],"_links":{"self":[{"href":"https:\/\/centralmedia.rs\/index.php\/wp-json\/wp\/v2\/posts\/5151"}],"collection":[{"href":"https:\/\/centralmedia.rs\/index.php\/wp-json\/wp\/v2\/posts"}],"about":[{"href":"https:\/\/centralmedia.rs\/index.php\/wp-json\/wp\/v2\/types\/post"}],"author":[{"embeddable":true,"href":"https:\/\/centralmedia.rs\/index.php\/wp-json\/wp\/v2\/users\/4"}],"replies":[{"embeddable":true,"href":"https:\/\/centralmedia.rs\/index.php\/wp-json\/wp\/v2\/comments?post=5151"}],"version-history":[{"count":0,"href":"https:\/\/centralmedia.rs\/index.php\/wp-json\/wp\/v2\/posts\/5151\/revisions"}],"wp:featuredmedia":[{"embeddable":true,"href":"https:\/\/centralmedia.rs\/index.php\/wp-json\/wp\/v2\/media\/5152"}],"wp:attachment":[{"href":"https:\/\/centralmedia.rs\/index.php\/wp-json\/wp\/v2\/media?parent=5151"}],"wp:term":[{"taxonomy":"category","embeddable":true,"href":"https:\/\/centralmedia.rs\/index.php\/wp-json\/wp\/v2\/categories?post=5151"},{"taxonomy":"post_tag","embeddable":true,"href":"https:\/\/centralmedia.rs\/index.php\/wp-json\/wp\/v2\/tags?post=5151"}],"curies":[{"name":"wp","href":"https:\/\/api.w.org\/{rel}","templated":true}]}}