{"id":5170,"date":"2016-10-25T14:11:32","date_gmt":"2016-10-25T14:11:32","guid":{"rendered":"http:\/\/centralmedia.rs\/?p=5170"},"modified":"2016-10-25T14:11:32","modified_gmt":"2016-10-25T14:11:32","slug":"paracinci-podrzavaju-trampa","status":"publish","type":"post","link":"https:\/\/centralmedia.rs\/index.php\/2016\/10\/25\/paracinci-podrzavaju-trampa\/","title":{"rendered":"PARA\u0106INCI PODR\u017dAVAJU TRAMPA"},"content":{"rendered":"<p>PARA\u0106IN-NVO Alternativni parlament gra\u0111ana postavio je danas u centru Para\u0107ina \u00a0transparent sa podr\u0161kom Donaldu Trampu na predsedni\u010dkim izborima u SAD. Na platnu povr\u0161ine 24 kvadrata je velika slika Trampa i napis ,,lav protiv zmije\u201c, \u0161to je asocijacija na Trampa i Hilari Klinton.<\/p>\n<p>&#8211; Podr\u017eavamo Trampa, jer ne \u017eelimo da Klintonovi ponovo u\u0111u u Belu ku\u0107u i \u00a0vode dobro poznatu politiku prema Srbiji. Gra\u0111anima Srbije i Para\u0107ina nije svejedno ko \u0107e pobediti na predsedni\u010dkim izborima u SAD, ka\u017ee predsednik te NVO Milan Ili\u0107 i podse\u0107a na stradanja Srbije za vreme NATO bombardovanja, odnosno tragedije na mostu kod Varvarina, ugljenisana tela na mostu u Grdeli\u010dkoj klisuri, kasene bombe Ni\u0161u, kao i svih nevinih \u017ertava koje su pale u Srbiji.<\/p>\n<p>-Stav i pona\u0161anje premijera Aleksandra Vu\u010di\u0107a, kada ga je Bil Klinton lupkao po ramenu u Va\u0161ingtonu, ne mo\u017eemo da opravdavamo. Mi smo protiv toga, jer se ne sla\u017eemo sa tim stavom Vu\u010di\u0107a, ni sa mogu\u0107im Klintonovim zaklju\u010dkom koji je mogao da izvu\u010de iz takvog njegovog pona\u0161anja, objasnio je on.<\/p>\n<p>Ili\u0107 je ocenjuje da 95 odsto gra\u0111ana Srbije i Para\u0107ina podr\u017eava Trampa, a da se podr\u0161ka za Klintonovu mo\u017ee nabrojati na prste jedne ruke.<\/p>\n<p>-Apsolutno nisam sreo nikog ko je za Klintonove. Po\u0161to su Sarajevo i Pri\u0161tina oku\u0107eni porodi\u010dnim fotografijama Klintonovih, smatram je to na\u010din da i mi izrazimo svoj stav. Bi\u0107emo ogor\u010deni ako pobede Klintonovi, zaklju\u010dio je on.<\/p>\n","protected":false},"excerpt":{"rendered":"<p>PARA\u0106IN-NVO Alternativni parlament gra\u0111ana postavio je danas u centru Para\u0107ina \u00a0transparent sa podr\u0161kom Donaldu Trampu na predsedni\u010dkim izborima u SAD. Na platnu povr\u0161ine 24 kvadrata &hellip; <\/p>\n","protected":false},"author":4,"featured_media":5171,"comment_status":"open","ping_status":"open","sticky":false,"template":"","format":"standard","meta":{"footnotes":""},"categories":[2,13,12],"tags":[1354,156,1353],"_links":{"self":[{"href":"https:\/\/centralmedia.rs\/index.php\/wp-json\/wp\/v2\/posts\/5170"}],"collection":[{"href":"https:\/\/centralmedia.rs\/index.php\/wp-json\/wp\/v2\/posts"}],"about":[{"href":"https:\/\/centralmedia.rs\/index.php\/wp-json\/wp\/v2\/types\/post"}],"author":[{"embeddable":true,"href":"https:\/\/centralmedia.rs\/index.php\/wp-json\/wp\/v2\/users\/4"}],"replies":[{"embeddable":true,"href":"https:\/\/centralmedia.rs\/index.php\/wp-json\/wp\/v2\/comments?post=5170"}],"version-history":[{"count":0,"href":"https:\/\/centralmedia.rs\/index.php\/wp-json\/wp\/v2\/posts\/5170\/revisions"}],"wp:featuredmedia":[{"embeddable":true,"href":"https:\/\/centralmedia.rs\/index.php\/wp-json\/wp\/v2\/media\/5171"}],"wp:attachment":[{"href":"https:\/\/centralmedia.rs\/index.php\/wp-json\/wp\/v2\/media?parent=5170"}],"wp:term":[{"taxonomy":"category","embeddable":true,"href":"https:\/\/centralmedia.rs\/index.php\/wp-json\/wp\/v2\/categories?post=5170"},{"taxonomy":"post_tag","embeddable":true,"href":"https:\/\/centralmedia.rs\/index.php\/wp-json\/wp\/v2\/tags?post=5170"}],"curies":[{"name":"wp","href":"https:\/\/api.w.org\/{rel}","templated":true}]}}